{"id":74211,"date":"2023-11-19T17:34:57","date_gmt":"2023-11-19T23:34:57","guid":{"rendered":"https:\/\/redsemlac.com\/semmexico\/?p=74211"},"modified":"2023-11-19T17:34:58","modified_gmt":"2023-11-19T23:34:58","slug":"nueva-iniciativa-para-despenalizar-el-aborto-antes-de-las-12-semanas-de-gestacion","status":"publish","type":"post","link":"https:\/\/redsemlac.com\/semmexico\/nueva-iniciativa-para-despenalizar-el-aborto-antes-de-las-12-semanas-de-gestacion\/","title":{"rendered":"Nueva iniciativa para despenalizar el aborto antes de las 12 semanas de gestaci\u00f3n"},"content":{"rendered":"\n<p class=\"wp-block-paragraph\">Foto El Sol de M\u00e9xico<\/p>\n\n\n\n<p class=\"wp-block-paragraph\">&nbsp;<strong>Es la tercera iniciativa en 5 a\u00f1os para el C\u00f3digo Penal Federal: debe armonizarse a los acuerdos de la Suprema Corte de Justicia de la Naci\u00f3n<\/strong><\/p>\n\n\n\n<p class=\"wp-block-paragraph\"><strong>La impulsa la diputada perredista&nbsp; Gabriela Sodi; la primera la propuso Lorena Villavicencio en 2018; ya que&nbsp; reformar tres art\u00edculos<\/strong><\/p>\n\n\n\n<p class=\"wp-block-paragraph\">&nbsp;Redacci\u00f3n<\/p>\n\n\n\n<p class=\"wp-block-paragraph\">SemM\u00e9xico, Ciudad de M\u00e9xico, 19 de noviembre, 2023.- A fin de establecer la despenalizaci\u00f3n del aborto antes de las 12 semanas de gestaci\u00f3n y con el consentimiento de la mujer gestante, la diputada perredista&nbsp; Gabriela Sodi&nbsp; present\u00f3&nbsp; una iniciativa que reforma el C\u00f3digo Penal Federal.&nbsp;<\/p>\n\n\n\n<p class=\"wp-block-paragraph\">El documento, enviado a la Comisi\u00f3n de Justicia para dictamen, propone establecer en el art\u00edculo 329 que el aborto es la muerte \u201cprovocada del producto de la concepci\u00f3n despu\u00e9s de la d\u00e9cimo segunda semana de gestaci\u00f3n\u201d.<\/p>\n\n\n\n<p class=\"wp-block-paragraph\">Se trata de la tercera iniciativa que en los \u00faltimos 5 a\u00f1os se ha presentado en la C\u00e1mara de Diputados. La primera la propuso la diputada Lorena Villavicencio en 2018. Los dictados de la Suprema Corte de la Naci\u00f3n, de 2021 y 2022, implican que, adem\u00e1s, deben armonizarse las legislaciones de la entidades del pa\u00eds. Hasta ahora s\u00f3lo 12, permiten interrumpir el embarazo hasta las 12 semanas. &nbsp;<\/p>\n\n\n\n<p class=\"wp-block-paragraph\">Esta nueva iniciativa&nbsp; propone que&nbsp; en el art\u00edculo 330 plantea que al que hiciere abortar a una mujer, \u201cdespu\u00e9s de la d\u00e9cimo segunda semana de gestaci\u00f3n\u201d, se le aplicar\u00e1n de \u201ctres a seis\u201d a\u00f1os de prisi\u00f3n, sea cual fuere el medio que empleare, siempre que lo haga con consentimiento de ella.&nbsp;<\/p>\n\n\n\n<p class=\"wp-block-paragraph\">Mientras que en el art\u00edculo 332 sugiere que se impondr\u00e1n de seis meses a un a\u00f1o de prisi\u00f3n a la madre que voluntariamente procure su aborto o consienta en que otro la haga abortar \u201cdespu\u00e9s de las 12 semanas de gestaci\u00f3n\u201d.&nbsp;<\/p>\n\n\n\n<p class=\"wp-block-paragraph\">La diputada Sodi destaca la importancia de garantizar el pleno ejercicio de los derechos y las libertades fundamentales de las mujeres o personas gestantes que buscan acceder legalmente a la interrupci\u00f3n del embarazo y que actualmente son criminalizadas, vulneradas y estigmatizadas.&nbsp;<\/p>\n\n\n\n<p class=\"wp-block-paragraph\">Relata que diversos organismos e instrumentos internacionales en materia de derechos humanos han manifestado una orientaci\u00f3n clara sobre la despenalizaci\u00f3n del aborto, enfatizando que es un derecho humano y obligaci\u00f3n del Estado asegurar el acceso a este servicio, de conformidad con los est\u00e1ndares internacionales en la materia, por lo que su restricci\u00f3n se convierte en un acto discriminatorio en contra de las mujeres y sus derechos.&nbsp;<\/p>\n\n\n\n<p class=\"wp-block-paragraph\">La legisladora expone en su iniciativa que el aborto es un procedimiento legal bajo ciertas situaciones o condiciones que liberan de responsabilidad penal a la mujer, dependiendo del estado de la Rep\u00fablica Mexicana. Asimismo, se ha regulado en los C\u00f3digos Penales en cada entidad federativa estableciendo que las mujeres est\u00e1n excluidas de responsabilidad penal cuando interrumpen el embarazo en situaciones o condiciones permitidas por la ley.&nbsp;<\/p>\n\n\n\n<p class=\"wp-block-paragraph\">Resalta que en los 32 estados de la Rep\u00fablica el aborto es legal cuando el embarazo sea producto de violencia sexual, en 30 entidades es permitido cuando es consecuencia de un acto involuntario, imprudencial o accidental, y en 24 es l\u00edcito cuando la vida de la mujer corre peligro.&nbsp;<\/p>\n\n\n\n<p class=\"wp-block-paragraph\">De igual modo, en 13 estados es tolerado cuando el embarazo es producto de una inseminaci\u00f3n artificial no consentida. En Michoac\u00e1n y Yucat\u00e1n se atienden por causas econ\u00f3micas; en la Ciudad de M\u00e9xico, Oaxaca, Hidalgo y Veracruz, se practica el aborto cuando la mujer lo elige, independientemente de las razones detr\u00e1s de su decisi\u00f3n.&nbsp;<\/p>\n\n\n\n<p class=\"wp-block-paragraph\">Relat\u00f3 que el 6 de septiembre del presente a\u00f1o, la Primera Sala de la Suprema Corte de Justicia de la Naci\u00f3n (SCJN) emiti\u00f3 la sentencia al amparo de revisi\u00f3n 267\/2023 interpuesto por organizaciones civiles, teniendo como resolutivo la inconstitucionalidad del sistema jur\u00eddico que penaliza el aborto en el C\u00f3digo Penal Federal, y se estipul\u00f3 que el Congreso General legisle sobre la materia, siendo el Estado el que proporcione y otorgue el servicio de manera gratuita en todas las instituciones p\u00fablicas.&nbsp;<\/p>\n\n\n\n<p class=\"wp-block-paragraph\">Ante ello, abund\u00f3, se plantea dar cumplimiento con lo establecido en dicha sentencia, la cual tiene por objeto la inconstitucionalidad de los ordenamientos que penalizan a nivel federal la interrupci\u00f3n del embarazo, protegiendo y salvaguardando los derechos a la autonom\u00eda reproductiva y el libre desarrollo de la personalidad, el derecho a la salud, a la igualdad y a la no discriminaci\u00f3n de las mujeres o personas gestantes.<\/p>\n","protected":false},"excerpt":{"rendered":"<p>Es la tercera iniciativa en 5 a\u00f1os para el C\u00f3digo Penal Federal: debe armonizarse a los acuerdos de la Suprema Corte de Justicia de la Naci\u00f3n<\/p>\n","protected":false},"author":3,"featured_media":74212,"comment_status":"open","ping_status":"open","sticky":false,"template":"","format":"standard","meta":{"_monsterinsights_skip_tracking":false,"footnotes":""},"categories":[27],"tags":[],"class_list":["post-74211","post","type-post","status-publish","format-standard","has-post-thumbnail","category-cobertura-especial"],"_links":{"self":[{"href":"https:\/\/redsemlac.com\/semmexico\/wp-json\/wp\/v2\/posts\/74211","targetHints":{"allow":["GET"]}}],"collection":[{"href":"https:\/\/redsemlac.com\/semmexico\/wp-json\/wp\/v2\/posts"}],"about":[{"href":"https:\/\/redsemlac.com\/semmexico\/wp-json\/wp\/v2\/types\/post"}],"author":[{"embeddable":true,"href":"https:\/\/redsemlac.com\/semmexico\/wp-json\/wp\/v2\/users\/3"}],"replies":[{"embeddable":true,"href":"https:\/\/redsemlac.com\/semmexico\/wp-json\/wp\/v2\/comments?post=74211"}],"version-history":[{"count":0,"href":"https:\/\/redsemlac.com\/semmexico\/wp-json\/wp\/v2\/posts\/74211\/revisions"}],"wp:featuredmedia":[{"embeddable":true,"href":"https:\/\/redsemlac.com\/semmexico\/wp-json\/wp\/v2\/media\/74212"}],"wp:attachment":[{"href":"https:\/\/redsemlac.com\/semmexico\/wp-json\/wp\/v2\/media?parent=74211"}],"wp:term":[{"taxonomy":"category","embeddable":true,"href":"https:\/\/redsemlac.com\/semmexico\/wp-json\/wp\/v2\/categories?post=74211"},{"taxonomy":"post_tag","embeddable":true,"href":"https:\/\/redsemlac.com\/semmexico\/wp-json\/wp\/v2\/tags?post=74211"}],"curies":[{"name":"wp","href":"https:\/\/api.w.org\/{rel}","templated":true}]}}