{"id":74205,"date":"2023-11-19T17:29:17","date_gmt":"2023-11-19T23:29:17","guid":{"rendered":"https:\/\/redsemlac.com\/semmexico\/?p=74205"},"modified":"2023-11-19T17:29:18","modified_gmt":"2023-11-19T23:29:18","slug":"la-uaem-hara-historia-con-su-primera-mujer-rectora","status":"publish","type":"post","link":"https:\/\/redsemlac.com\/semmexico\/la-uaem-hara-historia-con-su-primera-mujer-rectora\/","title":{"rendered":"La UAEM har\u00e1 historia con su primera mujer rectora"},"content":{"rendered":"\n<p class=\"wp-block-paragraph\">Rector\u00eda de la Universidad Aut\u00f3noma del Estado de Morelos (UAEM) \/ Archivo | El Sol de Cuernavaca<\/p>\n\n\n\n<p class=\"wp-block-paragraph\">Por primera vez en 70 a\u00f1os, la m\u00e1xima casa de estudios del Estado de Morelos ser\u00e1 dirigida por una mujer<\/p>\n\n\n\n<p class=\"wp-block-paragraph\">Valeria D\u00edaz<\/p>\n\n\n\n<p class=\"wp-block-paragraph\">SemM\u00e9xico\/El Sol de Cuernavaca, Cuernavaca, Morelos, 19 de noviembre, 2023.- Por primera vez en 70 a\u00f1os de historia,&nbsp;la Universidad Aut\u00f3noma del Estado de Morelos (UAEM) tendr\u00e1 una mujer en la rector\u00eda.<\/p>\n\n\n\n<p class=\"wp-block-paragraph\">Participaron en la contienda Fabiola \u00c1lvarez Velasco, Viridiana Le\u00f3n Hern\u00e1ndez y Lorena Noyola Pi\u00f1a, la terna elegida, de ellas &nbsp;saldr\u00e1&nbsp;quien dirigir\u00e1 a partir del 3 de diciembre la m\u00e1xima casa de estudios del estado. Quien resulte ganadora gozar\u00e1 de m\u00e1s recursos, luego de que el actual rector, Gustavo Urquiza Beltr\u00e1n, logr\u00f3 que el Congreso local aprobara para la universidad el 3.5 por ciento del total del presupuesto del gobierno estatal.<\/p>\n\n\n\n<p class=\"wp-block-paragraph\">El pasado 31 de octubre, en sesi\u00f3n extraordinaria&nbsp;el Consejo Universitario determin\u00f3 que ser\u00e1 una mujer quien encabece la rector\u00eda los pr\u00f3ximos seis a\u00f1os. En total fueron seis aspirantes, tres mujeres y tres hombres; sin embargo, se determin\u00f3 que entre las tres mujeres se definir\u00e1 a la ganadora.<\/p>\n\n\n\n<p class=\"wp-block-paragraph\"><strong>Fabiola \u00c1lvarez Velasco<\/strong><\/p>\n\n\n\n<p class=\"wp-block-paragraph\">En la actual administraci\u00f3n se desempe\u00f1\u00f3 como secretaria general de la UAEM. Es egresada de la Facultad de Comunicaci\u00f3n Humana y cuenta con 35 a\u00f1os de trayectoria. Ha sido orientadora educativa, asesora psicopedag\u00f3gica y directora de tres unidades acad\u00e9micas de la m\u00e1xima casa de estudios.<\/p>\n\n\n\n<p class=\"wp-block-paragraph\">Considera que la universidad requiere de un liderazgo con suficientes tintes pol\u00edticos y acad\u00e9micos en proporciones iguales, ya que la gesti\u00f3n con las diferentes autoridades es fundamental para lograr beneficios a favor de la comunidad universitaria.<\/p>\n\n\n\n<figure class=\"wp-block-image size-full\"><a href=\"https:\/\/redsemlac.com\/semmexico\/wp-content\/uploads\/2023\/11\/UAEM-primera-mujer-02.jpg\"><img loading=\"lazy\" decoding=\"async\" width=\"720\" height=\"480\" src=\"https:\/\/redsemlac.com\/semmexico\/wp-content\/uploads\/2023\/11\/UAEM-primera-mujer-02.jpg\" alt=\"\" class=\"wp-image-74208\"\/><\/a><\/figure>\n\n\n\n<p class=\"wp-block-paragraph\">Fabiola Hern\u00e1ndez Velasco, secretaria general de la Universidad Aut\u00f3noma del Estado de Morelos (UAEM) \/ Luis Flores | El Sol de Cuernavaca<\/p>\n\n\n\n<p class=\"wp-block-paragraph\"><strong><em>\u00bfPor qu\u00e9 ser rectora?<\/em><\/strong><\/p>\n\n\n\n<p class=\"wp-block-paragraph\">Fabiola \u00c1lvarez decidi\u00f3 postularse para el periodo 2023-2029 como rectora por el amor que le tiene a la UAEM; asegura que cuenta con los conocimientos necesarios para mantener a la universidad con finanzas sanas.<\/p>\n\n\n\n<p class=\"wp-block-paragraph\"><strong><em>Las finanzas<\/em><\/strong><\/p>\n\n\n\n<p class=\"wp-block-paragraph\">Dentro de sus propuestas est\u00e1 que las unidades acad\u00e9micas generen recursos propios de tal manera que las patentes que se generen y los servicios tengan la facilidad de explotarlos para beneficiar al p\u00fablico en general y de la UAEM.<\/p>\n\n\n\n<p class=\"wp-block-paragraph\">\u00abTiene que haber emprendedurismo para que verdaderamente tanto las patentes como todos los servicios que tenemos al interior de las unidades acad\u00e9micas para la iniciativa privada, podamos tener ese anclaje\u00bb.<\/p>\n\n\n\n<p class=\"wp-block-paragraph\">En cuanto al pago de aguinaldos del personal administrativo y docentes, Fabiola \u00c1lvarez propone aliarse con el Poder Ejecutivo de Morelos al igual que con el Consejo local, y el Consejo de la Uni\u00f3n. Buscar\u00e1 que los 600 trabajadores que ganan menos del m\u00ednimo perciban lo justo.<\/p>\n\n\n\n<p class=\"wp-block-paragraph\"><strong><em>Vida universitaria<\/em><\/strong><\/p>\n\n\n\n<p class=\"wp-block-paragraph\">En lo que respecta al alumnado, la candidata asegur\u00f3 que, de ganar y ser la rectora, escuchar\u00e1 a la comunidad estudiantil para fomentar una cultura de paz, con perspectiva de g\u00e9nero y frenar la violencia en contra de las mujeres de la comunidad. Fortalecer\u00e1 aspectos sociales emocionales para disminuir manifestaciones agresivas entre los j\u00f3venes.<\/p>\n\n\n\n<p class=\"wp-block-paragraph\"><strong><em>La UAEM en el futuro<\/em><\/strong><\/p>\n\n\n\n<p class=\"wp-block-paragraph\">A Fabiola \u00c1lvarez no le asusta el futuro y abraza la idea de llevar a la UAEM hacia un cambio innovador y tecnol\u00f3gico para que la formaci\u00f3n de j\u00f3venes est\u00e9 vigente.<\/p>\n\n\n\n<p class=\"wp-block-paragraph\"><strong>Viridiana Ayde\u00e9 Le\u00f3n Hern\u00e1ndez<\/strong><\/p>\n\n\n\n<p class=\"wp-block-paragraph\">Es egresada de la Facultad de Ciencias Qu\u00edmicas e Ingenier\u00eda de la UAEM (FCQI), Forma parte de los n\u00facleos acad\u00e9micos de maestr\u00eda y doctorado en ingenier\u00eda ambiental y tecnolog\u00edas sustentables de la Facultad y la Maestr\u00eda en Investigaci\u00f3n Interdisciplinar en educaci\u00f3n superior; forma parte del Sistema Nacional de Investigadores. Hasta hace unos d\u00edas era directora de la facultad de Ciencias Qu\u00edmicas e Ingenier\u00eda, misma que se ubica entre las 10 mejores del pa\u00eds.<\/p>\n\n\n\n<p class=\"wp-block-paragraph\">Asegura que el quehacer universitario no puede ir separado de la pol\u00edtica y la academia, pero siempre se tiene que velar y respetar la autonom\u00eda de la m\u00e1xima casa de estudios.<\/p>\n\n\n\n<figure class=\"wp-block-image size-full\"><a href=\"https:\/\/redsemlac.com\/semmexico\/wp-content\/uploads\/2023\/11\/UAEM-primera-mujer-03.jpg\"><img loading=\"lazy\" decoding=\"async\" width=\"720\" height=\"480\" src=\"https:\/\/redsemlac.com\/semmexico\/wp-content\/uploads\/2023\/11\/UAEM-primera-mujer-03.jpg\" alt=\"\" class=\"wp-image-74207\"\/><\/a><\/figure>\n\n\n\n<p class=\"wp-block-paragraph\">Viridiana Aydee Le\u00f3n Hern\u00e1ndez, directora de la Facultad de Ciencias Qu\u00edmicas e Ingenier\u00eda \/ Luis Flores | El Sol de Cuernavaca<\/p>\n\n\n\n<p class=\"wp-block-paragraph\">\u00bf<strong><em>Por qu\u00e9 ser rectora?<\/em><\/strong><\/p>\n\n\n\n<p class=\"wp-block-paragraph\">Viridiana Le\u00f3n considera que su perfil tiene todo para ser la pr\u00f3xima rectora, dijo que su personalidad y amplia experiencia van a servir para dar soluci\u00f3n a los problemas que tenga la UAEM.<\/p>\n\n\n\n<p class=\"wp-block-paragraph\"><strong>Las finanzas<\/strong><\/p>\n\n\n\n<p class=\"wp-block-paragraph\">Viridiana Le\u00f3n asegura que para mantener finanzas sanas buscar\u00e1 sacar el mayor provecho posible del talento de los estudiantes y sus logros para que sean autosuficientes. Advierte que tiene un plan financiero prometedor para tener una gesti\u00f3n eficaz y eficiente.<\/p>\n\n\n\n<p class=\"wp-block-paragraph\">\u00abHemos hecho un gran esfuerzo desde las unidades acad\u00e9micas, mucha vinculaci\u00f3n, generamos recursos a trav\u00e9s de los propios servicios profesionales que damos a la comunidad. Pero tenemos que incentivarlo, colocando por un lado la econom\u00eda del conocimiento, la comercializaci\u00f3n del conocimiento en el tema de las tecnolog\u00edas y comercializar las patentes\u00bb.<\/p>\n\n\n\n<p class=\"wp-block-paragraph\">Anticip\u00f3 que de llegar a la rector\u00eda el sueldo de los administrativos ser\u00e1 el justo, mismo que se lograr\u00e1 a\u00f1o con a\u00f1o tras la ejecuci\u00f3n del plan financiero que tiene en mente aplicar.<\/p>\n\n\n\n<p class=\"wp-block-paragraph\"><strong>Vida universitaria<\/strong><\/p>\n\n\n\n<p class=\"wp-block-paragraph\">Explic\u00f3 que para unir a la comunidad universitaria es indispensable mejorar los canales de comunicaci\u00f3n que hay dentro de las unidades acad\u00e9micas, entre alumnos y maestros; con esto, afirma, las conductas van a mejorar dentro de la comunidad universitaria, basada en el respeto.<\/p>\n\n\n\n<p class=\"wp-block-paragraph\"><strong>La UAEM en el futuro<\/strong><\/p>\n\n\n\n<p class=\"wp-block-paragraph\">Para afrontar el futuro que se avecina, buscar\u00e1 que el alumnado tenga m\u00e1s preparaci\u00f3n para competir por los mejores trabajos al egresar; su apuesta es la certificaci\u00f3n de conocimientos para que los venados UAEM sigan vigentes a pesar de la era de la tecnolog\u00eda de vanguardia que ya est\u00e1 en puerta.<\/p>\n\n\n\n<p class=\"wp-block-paragraph\"><strong>Lorena Noyola Pi\u00f1a<\/strong><\/p>\n\n\n\n<p class=\"wp-block-paragraph\">Es egresada de la Facultad en Ciencias y Artes para el Dise\u00f1o por la UAM-Xochimilco, es profesora investigadora y fue la primera directora de la Facultad de Dise\u00f1o de la UAEM, una de las de mayor demanda en la universidad. Tiene tres programas de posgrado; en su momento dirigi\u00f3 la Facultad de Artes y fue secretaria de extensi\u00f3n universitaria durante los primeros a\u00f1os de la administraci\u00f3n pasada. Ya particip\u00f3 en otro proceso en el periodo 2018-2024.<\/p>\n\n\n\n<p class=\"wp-block-paragraph\">Asegura que para mantener una administraci\u00f3n sana es necesario que la pol\u00edtica y la academia se complementen, porque el representante de la UAEM requiere de una amplia capacidad de gesti\u00f3n, conciliaci\u00f3n y posicionamiento ante autoridades externas a la universidad. Aclar\u00f3 que la esencia de la rector\u00eda deber\u00e1 ser acad\u00e9mica, pero abierta siempre al di\u00e1logo.<\/p>\n\n\n\n<figure class=\"wp-block-image size-full\"><a href=\"https:\/\/redsemlac.com\/semmexico\/wp-content\/uploads\/2023\/11\/UAEM-primera-mujer-04.jpg\"><img loading=\"lazy\" decoding=\"async\" width=\"720\" height=\"669\" src=\"https:\/\/redsemlac.com\/semmexico\/wp-content\/uploads\/2023\/11\/UAEM-primera-mujer-04.jpg\" alt=\"\" class=\"wp-image-74206\"\/><\/a><\/figure>\n\n\n\n<p class=\"wp-block-paragraph\">Lorena Noyola Pi\u00f1a, directora de la Facultad de Dise\u00f1o. \/ Cortes\u00eda | Lorena Noyola<\/p>\n\n\n\n<p class=\"wp-block-paragraph\"><strong><em>\u00bfPor qu\u00e9 ser rectora?<\/em><\/strong><\/p>\n\n\n\n<p class=\"wp-block-paragraph\">Noyola Pi\u00f1a asegura que la UAEM es sin\u00f3nimo de trascendencia y en sus habilidades considera que hay mucho que aportar para que la instituci\u00f3n universitaria se mantenga con el nivel acad\u00e9mico que tiene.<\/p>\n\n\n\n<p class=\"wp-block-paragraph\"><strong>Las finanzas<\/strong><\/p>\n\n\n\n<p class=\"wp-block-paragraph\">Para la candidata, la situaci\u00f3n financiera de la UAEM no es la m\u00e1s c\u00f3moda; afirma que hay aspectos delicados que no se tienen que descuidar como el tema de los aguinaldos y sueldos del personal educativo.<\/p>\n\n\n\n<p class=\"wp-block-paragraph\">\u00abHay compromisos tambi\u00e9n p\u00fablicos como el Instituto Mexicano de Seguridad Social (IMSS), es un reto enorme que tiene que ver con la capacidad de gesti\u00f3n de quien encabece la rector\u00eda con los \u00f3rdenes de gobierno que competen, que es el estatal y federal\u00bb.<\/p>\n\n\n\n<p class=\"wp-block-paragraph\">La vinculaci\u00f3n con el exterior es una de sus propuestas; asegura que hay muchos servicios que ofrece la UAEM con amplios est\u00e1ndares de calidad que la misma comunidad merece conocer, y sus estudiantes tienen mucha iniciativa y ganas de aplicar lo aprendido.<\/p>\n\n\n\n<p class=\"wp-block-paragraph\"><strong>Vida universitaria<\/strong><\/p>\n\n\n\n<p class=\"wp-block-paragraph\">El debate y el di\u00e1logo son las herramientas que propone usar para atender las diferentes problem\u00e1ticas sociales que hay dentro de la comunidad universitaria. Otra de sus prioridades es la erradicaci\u00f3n de la violencia de g\u00e9nero, para esto crear espacios seguros tambi\u00e9n es parte de su plan de trabajo.<\/p>\n\n\n\n<p class=\"wp-block-paragraph\"><strong>La UAEM en el futuro<\/strong><\/p>\n\n\n\n<p class=\"wp-block-paragraph\">La innovaci\u00f3n para la doctora Lorena es la respuesta al futuro, explic\u00f3 que si el Consejo Universitario la elige como rectora sus trabajos en este tema ir\u00e1n de la mano con el fortalecimiento de competencias blandas para enfrentarse al mercado globalizado de la actualidad.<\/p>\n\n\n\n<p class=\"wp-block-paragraph\"><em>\u201c<strong>Liderazgo femenino\u201d: Viridiana Le\u00f3n<\/strong><\/em><\/p>\n\n\n\n<p class=\"wp-block-paragraph\">La profesora e investigadora de tiempo completo y directora de Facultad de Ciencias Qu\u00edmicas e Ingenier\u00eda de la UAEM, opin\u00f3 que hoy es tiempo de mujeres, porque se est\u00e1 reconociendo el liderazgo de \u00e9stas en la sociedad, pero gracias al trabajo que han hecho muchas f\u00e9minas en los \u00faltimos 20 a\u00f1os. \u201cSin embargo se hace necesario que este liderazgo femenino act\u00fae en concordancia con los dem\u00e1s liderazgos y creemos sinergias, hoy cuando decimos: un tiempo de mujeres sumamos al ambiente para visibilizar el trabajo que hacemos las mujeres por nuestra sociedad, y visibilizar los liderazgos que hemos construido\u201d.<\/p>\n\n\n\n<p class=\"wp-block-paragraph\">Para Le\u00f3n est\u00e1 claro que la universidad \u201cse debe al pueblo y para el pueblo\u201d por lo que esta debe de ayudar a resolver las problem\u00e1ticas que padecen los morelenses y mejorar sus vidas; para disminuir la inseguridad y violencia, mencion\u00f3, que trabajar\u00e1 en dos v\u00edas, la educativa y la promoci\u00f3n de la cultura de no violencia y paz para que puedan transitar a espacios de armon\u00eda.<\/p>\n\n\n\n<p class=\"wp-block-paragraph\">\u201cTrabajar desde la tarea educativa, una cultura enfocada en la prevenci\u00f3n de darles condiciones a las juventudes para que la universidad no solo (d\u00e9) formaci\u00f3n acad\u00e9mica, sino formaci\u00f3n integral, deportes salud y cultura y actividades interculturales, y esto permitir\u00e1 construir una comunidad m\u00e1s equitativa y justa\u201d.<\/p>\n\n\n\n<p class=\"wp-block-paragraph\">En cuanto al d\u00e9ficit que enfrenta cada a\u00f1o esta m\u00e1xima casa de estudios, coment\u00f3 que continuar\u00e1 con el programa de austeridad financiera y con la reingenier\u00eda organizacional, que \u201cha dado beneficios para tener una instituci\u00f3n con capacidad de actuaci\u00f3n y sobre todo con capacidad para poder avanzar en estos a\u00f1os\u201d.<\/p>\n\n\n\n<p class=\"wp-block-paragraph\">Enfatizar\u00eda en la igualdad de g\u00e9nero y no discriminaci\u00f3n, para \u201cgenerar condiciones y espacios libres de sexismos, y condiciones y espacios que aporten a una cultura de la no violencia pero tambi\u00e9n mantenernos como una comunidad de escucha y de empat\u00eda, y donde nos reconocemos unos con otros, el tema de inclusi\u00f3n y las diversidades y el proyecto futuro de las juventudes\u201d. Entre sus propuestas Le\u00f3n tambi\u00e9n ofreci\u00f3 innovaci\u00f3n en el marco de la inteligencia artificial.<\/p>\n\n\n\n<p class=\"wp-block-paragraph\"><strong><em>Terna 2023<\/em><\/strong><\/p>\n\n\n\n<p class=\"wp-block-paragraph\">El 31 de octubre del 2023 en Sesi\u00f3n Extraordinaria del Consejo Universitario,&nbsp;con 136 votos a favor, 3 en contra y 2 abstenciones, se aprob\u00f3 la terna con los tres perfiles femeninos.<\/p>\n\n\n\n<p class=\"wp-block-paragraph\">A partir de ahora,&nbsp;las candidatas deber\u00e1n presentar su propuesta de trabajo ante&nbsp;<em>el Colegio de Directores y de Profesores; la Federaci\u00f3n de Estudiantes (FEUM) y a los sindicatos<\/em>&nbsp;dentro de diez d\u00edas h\u00e1biles despu\u00e9s de la terna.<\/p>\n\n\n\n<p class=\"wp-block-paragraph\">Cuando se eval\u00faen los proyectos,&nbsp;se convocar\u00e1 a otra sesi\u00f3n extraordinaria,&nbsp;<em>a m\u00e1s tardar la tercera semana de noviembre,&nbsp;<\/em>donde&nbsp;ser\u00e1n votadas las propuestas.<\/p>\n\n\n\n<p class=\"wp-block-paragraph\">Para que los participantes del Consejo Universitario reconozcan a la nueva rectora&nbsp;ser\u00e1 necesario que el perfil cuente con las dos terceras partes de los votos o m\u00e1s.<\/p>\n\n\n\n<p class=\"wp-block-paragraph\">De no ser as\u00ed, ese mismo d\u00eda habr\u00e1 una segunda y \u00faltima votaci\u00f3n,&nbsp;si no se logra la cantidad de votos&nbsp;que marcan los estatutos,&nbsp;proceder\u00e1n a elegir un rector interino.<\/p>\n","protected":false},"excerpt":{"rendered":"<p>Por primera vez en 70 a\u00f1os de historia,\u00a0la Universidad Aut\u00f3noma del Estado de Morelos (UAEM) tendr\u00e1 una mujer en la rector\u00eda.<\/p>\n","protected":false},"author":3,"featured_media":74209,"comment_status":"open","ping_status":"open","sticky":false,"template":"","format":"standard","meta":{"_monsterinsights_skip_tracking":false,"footnotes":""},"categories":[694],"tags":[],"class_list":["post-74205","post","type-post","status-publish","format-standard","has-post-thumbnail","category-destacadas"],"_links":{"self":[{"href":"https:\/\/redsemlac.com\/semmexico\/wp-json\/wp\/v2\/posts\/74205","targetHints":{"allow":["GET"]}}],"collection":[{"href":"https:\/\/redsemlac.com\/semmexico\/wp-json\/wp\/v2\/posts"}],"about":[{"href":"https:\/\/redsemlac.com\/semmexico\/wp-json\/wp\/v2\/types\/post"}],"author":[{"embeddable":true,"href":"https:\/\/redsemlac.com\/semmexico\/wp-json\/wp\/v2\/users\/3"}],"replies":[{"embeddable":true,"href":"https:\/\/redsemlac.com\/semmexico\/wp-json\/wp\/v2\/comments?post=74205"}],"version-history":[{"count":0,"href":"https:\/\/redsemlac.com\/semmexico\/wp-json\/wp\/v2\/posts\/74205\/revisions"}],"wp:featuredmedia":[{"embeddable":true,"href":"https:\/\/redsemlac.com\/semmexico\/wp-json\/wp\/v2\/media\/74209"}],"wp:attachment":[{"href":"https:\/\/redsemlac.com\/semmexico\/wp-json\/wp\/v2\/media?parent=74205"}],"wp:term":[{"taxonomy":"category","embeddable":true,"href":"https:\/\/redsemlac.com\/semmexico\/wp-json\/wp\/v2\/categories?post=74205"},{"taxonomy":"post_tag","embeddable":true,"href":"https:\/\/redsemlac.com\/semmexico\/wp-json\/wp\/v2\/tags?post=74205"}],"curies":[{"name":"wp","href":"https:\/\/api.w.org\/{rel}","templated":true}]}}