{"id":74171,"date":"2023-11-17T13:06:46","date_gmt":"2023-11-17T19:06:46","guid":{"rendered":"https:\/\/redsemlac.com\/semmexico\/?p=74171"},"modified":"2023-11-17T13:06:47","modified_gmt":"2023-11-17T19:06:47","slug":"cecilia-lugo-presentara-su-libro-en-el-umbral-de-lo-sagrado","status":"publish","type":"post","link":"https:\/\/redsemlac.com\/semmexico\/cecilia-lugo-presentara-su-libro-en-el-umbral-de-lo-sagrado\/","title":{"rendered":"Cecilia Lugo presentar\u00e1 su libro\u00a0En el umbral de lo sagrado"},"content":{"rendered":"\n<ul class=\"wp-block-list\">\n<li><strong>La bailarina y gestora cultural comparte en su obra algunas reflexiones en torno a m\u00e1s de 40 a\u00f1os de danza en M\u00e9xico<\/strong><\/li>\n<\/ul>\n\n\n\n<ul class=\"wp-block-list\">\n<li><strong>El jueves 30 de noviembre en la Sala\u00a0<em>Adamo Boari<\/em>\u00a0del Palacio de Bellas Artes<\/strong><\/li>\n<\/ul>\n\n\n\n<p class=\"wp-block-paragraph\"><strong>Redacci\u00f3n<\/strong><\/p>\n\n\n\n<p class=\"wp-block-paragraph\">SemM\u00e9xico, Cd. de M\u00e9xico, 17 de noviembre, 2023.- En el umbral de lo sagrado. Reflexiones te\u00f3ricas de la danza a partir de la pr\u00e1ctica esc\u00e9nica&nbsp;es el t\u00edtulo del libro de la bailarina, core\u00f3grafa y gestora cultural Cecilia Lugo, el cual presentar\u00e1 el pr\u00f3ximo jueves 30 de noviembre a las 19:00 horas en la Sala&nbsp;<em>Adamo Boari<\/em>&nbsp;del Palacio de Bellas Artes, con el apoyo del Instituto Nacional de Bellas Artes y Literatura (Inbal).<\/p>\n\n\n\n<p class=\"wp-block-paragraph\">\u201cEn el libro \u2014dice la autora\u2014 se condensa toda mi vida dedicada a la danza. Yo inici\u00e9 en este oficio de bailarina a los ocho a\u00f1os de edad y desde entonces he desplegado una larga trayectoria que me ha llevado a muchos lugares y escenarios.<\/p>\n\n\n\n<p class=\"wp-block-paragraph\">\u201cSe trata de una reflexi\u00f3n, a manera de ensayo, de lo que he visto y vivido dentro de este arte, y espero que los j\u00f3venes, las nuevas generaciones de bailarines y core\u00f3grafos, se acerquen a \u00e9l y lo lean, lo reflexionen, pensando en que quiz\u00e1 en algo les puede ayudar esa experiencia que he acumulado dentro de la danza a lo largo de m\u00e1s de 40 a\u00f1os\u201d.<\/p>\n\n\n\n<p class=\"wp-block-paragraph\">Egresada de la carrera de ballet del Inbal, Cecilia Lugo (Tampico, Tamaulipas, 22 de noviembre de 1955) es hoy un referente obligado en el panorama de la danza mexicana. La artista realiz\u00f3 estudios en Nueva York y en La Habana. Tiene una licenciatura en Estudios Latinoamericanos por la Universidad Nacional Aut\u00f3noma de M\u00e9xico (UNAM) y otra m\u00e1s en Artes Esc\u00e9nicas por la Universidad de Guadalajara.<\/p>\n\n\n\n<p class=\"wp-block-paragraph\">En su trayectoria como bailarina form\u00f3 parte del Ballet Folkl\u00f3rico de M\u00e9xico y de la Compa\u00f1\u00eda Nacional de Danza. Como bailarina solista fue invitada a participar con el Ballet Teatro del Espacio. Asimismo, en 1986 fund\u00f3 una de las compa\u00f1\u00edas de danza contempor\u00e1nea m\u00e1s s\u00f3lidas e importantes del pa\u00eds: Contempodanza, la cual durante m\u00e1s de 36 a\u00f1os ininterrumpidos ha mantenido una estabilidad profesional, inusual en una compa\u00f1\u00eda independiente.<\/p>\n\n\n\n<p class=\"wp-block-paragraph\">Ha realizado m\u00e1s de 60 obras coreogr\u00e1ficas que se han presentado en escenarios de M\u00e9xico, Per\u00fa, Chile, Argentina, Estados Unidos, Canad\u00e1, Espa\u00f1a, Francia, Alemania y Rep\u00fablica Checa, y entre los reconocimientos que ha obtenido destacan la Medalla Bellas Artes al M\u00e9rito Art\u00edstico en 2008, el Grand Prix en el marco del New Prague Dance Festival 2008 y 2014 en Rep\u00fablica Checa, as\u00ed como el Premio&nbsp;<em>Guillermina Bravo<\/em>&nbsp;por trayectoria profesional 2008 y el Premio Nacional de Danza&nbsp;<em>Jos\u00e9 Lim\u00f3n<\/em>&nbsp;por su aportaci\u00f3n a la creaci\u00f3n coreogr\u00e1fica en M\u00e9xico, entre otros.<\/p>\n\n\n\n<p class=\"wp-block-paragraph\">Acerca de su libro, Cecilia Lugo, quien actualmente es titular del Centro de Producci\u00f3n de Danza Contempor\u00e1nea (Ceprodac), afirma. \u201cDebo decir que escrib\u00ed este libro porque sent\u00eda una gran necesidad de hacerlo y todo fue a partir de la pandemia que nos enclaustr\u00f3 recientemente, que nos vimos atados sin poder estar en un escenario.<\/p>\n\n\n\n<p class=\"wp-block-paragraph\">\u201cEntonces, me pregunt\u00e9: qu\u00e9 es lo que dejo al mundo, aparte de mis obras que, de alguna forma, son ef\u00edmeras, se van tambi\u00e9n, aunque algunas est\u00e9n filmadas y otras no. A final de cuentas, me pregunt\u00e9: qu\u00e9 es lo que voy a dejar por escrito y me di cuenta que ten\u00eda muchas reflexiones acerca de la danza que me gustar\u00eda compartir con los dem\u00e1s, con quien pueda estar interesado en este arte del movimiento y sus procesos\u201d.<\/p>\n\n\n\n<p class=\"wp-block-paragraph\">As\u00ed surgi\u00f3 el libro, el cual le cost\u00f3 mucho trabajo organizar y seleccionar temas, pero que al final ah\u00ed est\u00e1 como una mirada de una artista de la danza. \u201cInvito a los estudiantes y colegas a que se acerquen para compartirlo, porque muchas veces nuestro trabajo y nuestras vicisitudes para hacerlo son tan solitarias y no nos comunicamos siquiera. Esa es una manera de hacerlo tambi\u00e9n\u201d.<\/p>\n\n\n\n<p class=\"wp-block-paragraph\">Editado por el Instituto Nacional de Bellas Artes y Literatura (Inbal), el libro&nbsp;<em>En el umbral de lo sagrado. Reflexiones te\u00f3ricas de la danza desde la pr\u00e1ctica esc\u00e9nica<\/em>&nbsp;consta de 145 p\u00e1ginas y viene a alimentar la bibliograf\u00eda te\u00f3rico-pr\u00e1ctica de la danza en M\u00e9xico que es escasa.<\/p>\n\n\n\n<p class=\"wp-block-paragraph\">En la rese\u00f1a que abre el t\u00edtulo se anota que \u201cla historia de vida de Cecilia Lugo \u2014como un anzuelo para atrapar al lector\u2014 nos deja muy claro que los mundos misteriosos de la po\u00e9tica se nutren desde la infancia. En su caso, las aventuras porte\u00f1as con el abuelo materno le dejaron la sensaci\u00f3n victoriosa del arte en la piel.<\/p>\n\n\n\n<p class=\"wp-block-paragraph\">\u201cDe manera natural, la hoy consumada core\u00f3grafa pas\u00f3 de la vida estimulante en las costas de Tampico a la acci\u00f3n esc\u00e9nica y despu\u00e9s a la reflexi\u00f3n po\u00e9tica como un inevitable destino. Lo trae en la sangre.<\/p>\n\n\n\n<p class=\"wp-block-paragraph\">\u201cCon la mano en la cintura habla del acto creativo como ese inmenso salto para atravesar el umbral de lo sagrado que muchos prefieren ignorar. Porque no es f\u00e1cil asomarse a lo desconocido de donde proviene la fuerza creadora. Algunos lo identifican con lo divino, otros con la naturaleza original, otros m\u00e1s con&nbsp;<em>el duende<\/em>&nbsp;y desde los griegos antiguos, con la locura po\u00e9tica. Cecilia Lugo agrega otros ingredientes: el mar, las sirenas, la arena y el sol\u201d.<\/p>\n\n\n\n<p class=\"wp-block-paragraph\"><em>En el umbral de lo sagrado. Reflexiones te\u00f3ricas de la danza a partir de la pr\u00e1ctica esc\u00e9nica<\/em>, de labailarina, core\u00f3grafa y gestora cultural Cecilia Lugo, se presentar\u00e1 al p\u00fablico el jueves 30 de noviembre a las 19:00 horas en la Sala&nbsp;<em>Adamo Boari<\/em>&nbsp;del Palacio de Bellas Artes.<\/p>\n\n\n\n<p class=\"wp-block-paragraph\">SEM\/sj<\/p>\n","protected":false},"excerpt":{"rendered":"<p>El jueves 30 de noviembre en la Sala\u00a0Adamo Boari\u00a0del Palacio de Bellas Artes<\/p>\n","protected":false},"author":3,"featured_media":74172,"comment_status":"open","ping_status":"open","sticky":false,"template":"","format":"standard","meta":{"_monsterinsights_skip_tracking":false,"footnotes":""},"categories":[45,46],"tags":[],"class_list":["post-74171","post","type-post","status-publish","format-standard","has-post-thumbnail","category-cultura","category-cultura-cultura"],"_links":{"self":[{"href":"https:\/\/redsemlac.com\/semmexico\/wp-json\/wp\/v2\/posts\/74171","targetHints":{"allow":["GET"]}}],"collection":[{"href":"https:\/\/redsemlac.com\/semmexico\/wp-json\/wp\/v2\/posts"}],"about":[{"href":"https:\/\/redsemlac.com\/semmexico\/wp-json\/wp\/v2\/types\/post"}],"author":[{"embeddable":true,"href":"https:\/\/redsemlac.com\/semmexico\/wp-json\/wp\/v2\/users\/3"}],"replies":[{"embeddable":true,"href":"https:\/\/redsemlac.com\/semmexico\/wp-json\/wp\/v2\/comments?post=74171"}],"version-history":[{"count":0,"href":"https:\/\/redsemlac.com\/semmexico\/wp-json\/wp\/v2\/posts\/74171\/revisions"}],"wp:featuredmedia":[{"embeddable":true,"href":"https:\/\/redsemlac.com\/semmexico\/wp-json\/wp\/v2\/media\/74172"}],"wp:attachment":[{"href":"https:\/\/redsemlac.com\/semmexico\/wp-json\/wp\/v2\/media?parent=74171"}],"wp:term":[{"taxonomy":"category","embeddable":true,"href":"https:\/\/redsemlac.com\/semmexico\/wp-json\/wp\/v2\/categories?post=74171"},{"taxonomy":"post_tag","embeddable":true,"href":"https:\/\/redsemlac.com\/semmexico\/wp-json\/wp\/v2\/tags?post=74171"}],"curies":[{"name":"wp","href":"https:\/\/api.w.org\/{rel}","templated":true}]}}