{"id":74168,"date":"2023-11-17T13:03:18","date_gmt":"2023-11-17T19:03:18","guid":{"rendered":"https:\/\/redsemlac.com\/semmexico\/?p=74168"},"modified":"2023-11-17T13:03:18","modified_gmt":"2023-11-17T19:03:18","slug":"paridad-derechos-humanos-y-democracia-se-dicen-facil-pero-no-se-logran-con-facilidad","status":"publish","type":"post","link":"https:\/\/redsemlac.com\/semmexico\/paridad-derechos-humanos-y-democracia-se-dicen-facil-pero-no-se-logran-con-facilidad\/","title":{"rendered":"Paridad, derechos humanos y democracia se dicen f\u00e1cil, pero no se logran con facilidad"},"content":{"rendered":"\n<ul class=\"wp-block-list\">\n<li><strong>Asamblea Parlamentaria del Consejo de Europa busca promover la paz de las mujeres<\/strong><\/li>\n<\/ul>\n\n\n\n<ul class=\"wp-block-list\">\n<li><strong>M\u00e9xico se encuentra en un momento crucial para ser gobernado por una mujer en 2024<\/strong><\/li>\n<\/ul>\n\n\n\n<p class=\"wp-block-paragraph\"><strong>Elda Montiel<\/strong><\/p>\n\n\n\n<p class=\"wp-block-paragraph\">SemM\u00e9xico. Ciudad de M\u00e9xico, 17 de noviembre, 2023.-&nbsp; Lo importante de la participaci\u00f3n paritaria en M\u00e9xico es el \u00e9nfasis en la legislaci\u00f3n, que en los \u00faltimos tres a\u00f1os ha permitido un Congreso al 50 por ciento de mujeres y nueve gobernadoras, lo que coincide con la premisa de la Asamblea Parlamentaria del Consejo de Europa, expres\u00f3 la diputada priista Blanca Alcal\u00e1, vicepresidenta de la Mesa Directiva de la C\u00e1mara de Diputados.<\/p>\n\n\n\n<p class=\"wp-block-paragraph\">Martinus Josephus Maria (Tiny) Kox, presidente de la Asamblea Parlamentaria del Consejo de Europa, mencion\u00f3 que el objetivo es proteger y promover la paz de las mujeres, como una forma respetuosa a los derechos humanos, al Estado de derecho y la democracia. \u201cLo que se dice f\u00e1cil, pero no f\u00e1cilmente se logra\u201d.&nbsp;<\/p>\n\n\n\n<p class=\"wp-block-paragraph\">El parlamentario europeo resalt\u00f3 que la participaci\u00f3n activa de mujeres y hombres llevar\u00e1 a una mejor toma de decisiones a los pa\u00edses, por lo que aprender\u00e1n de M\u00e9xico y c\u00f3mo ha logrado la paridad, as\u00ed como la manera en c\u00f3mo esto fue aceptado por los hombres en el Congreso mexicano.&nbsp;<\/p>\n\n\n\n<p class=\"wp-block-paragraph\">Explic\u00f3 que han puesto especial inter\u00e9s a los pa\u00edses que geogr\u00e1ficamente est\u00e1n lejos, pero se encuentran cerca del vecindario pol\u00edtico, por lo que es el momento propicio de integrar a M\u00e9xico y los pa\u00edses europeos para que de forma multilateral se beneficien de las actividades mutuas.<\/p>\n\n\n\n<p class=\"wp-block-paragraph\">La diputada panista Paulina Rubio Fern\u00e1ndez destac\u00f3 que M\u00e9xico se encuentra en un momento crucial, dado que para el 2024, M\u00e9xico puede ser gobernado por una mujer, ya que las dos corrientes m\u00e1s fuertes que hoy tienen la posibilidad de ganar la Presidencia est\u00e1n encabezadas por una. Advirti\u00f3 que se debe avanzar en la protecci\u00f3n y respeto de sus derechos.<\/p>\n\n\n\n<p class=\"wp-block-paragraph\">La tambi\u00e9n secretaria de la Comisi\u00f3n de Justicia se\u00f1alo que es indispensable que el gobierno mexicano tenga una pol\u00edtica integral de trato digno para tratar a estas personas que por necesidad tienen que migrar, pero respetar sus derechos humanos.<\/p>\n\n\n\n<p class=\"wp-block-paragraph\">En la reuni\u00f3n de las diputadas con Martinus Josephus Maria (Tiny) Kox las legisladoras de los diversos partidos pol\u00edticos intercambiaron opiniones en temas comunes como paridad de g\u00e9nero, migraci\u00f3n, derechos humanos y democracia.<\/p>\n\n\n\n<p class=\"wp-block-paragraph\">Se enfatiz\u00f3 que la paridad es un principio constitucional que garantiza que en todos los poderes p\u00fablicos las mujeres representen el 50 por ciento.&nbsp;Por primera vez en la historia se tiene un Congreso paritario, adem\u00e1s de que sus \u00f3rganos de gobierno son presididos por mujeres, lo cual es resultado de un largo camino en materia de legislaci\u00f3n, expres\u00f3 la diputada Blanca Alcal\u00e1 Ruiz.&nbsp;<\/p>\n\n\n\n<p class=\"wp-block-paragraph\">La diputada morenista Olimpia Tamara Gir\u00f3n refiri\u00f3 que la Constituci\u00f3n Pol\u00edtica de nuestro pa\u00eds establece que todos \u201csomos iguales\u201d; sin embargo, \u201cen las realidades de cada una de nuestras regiones no es as\u00ed y el ejercicio de nuestros derechos se complica en la vida diaria, en los diferentes \u00e1mbitos\u201d.&nbsp;<\/p>\n\n\n\n<p class=\"wp-block-paragraph\">Las mujeres hemos sido constructoras del establecimiento de las realidades en las pol\u00edticas p\u00fablicas\u201d. Resalt\u00f3 la importancia de la representatividad en la C\u00e1mara de Diputados porque hay legisladoras y legisladores con temas de discapacidad, pueblos originarios y marginaci\u00f3n, as\u00ed como de migraci\u00f3n, y sostuvo que M\u00e9xico respeta la soberan\u00eda de cualquier pa\u00eds y siempre va a instar a que la paz sea un elemento indispensable en la convivencia de cualquier naci\u00f3n.<\/p>\n\n\n\n<p class=\"wp-block-paragraph\">SEM\/em\/sj<\/p>\n","protected":false},"excerpt":{"rendered":"<p>Asamblea Parlamentaria del Consejo de Europa busca promover la paz de las mujeres<\/p>\n","protected":false},"author":3,"featured_media":74169,"comment_status":"open","ping_status":"open","sticky":false,"template":"","format":"standard","meta":{"_monsterinsights_skip_tracking":false,"footnotes":""},"categories":[50],"tags":[],"class_list":["post-74168","post","type-post","status-publish","format-standard","has-post-thumbnail","category-congreso"],"_links":{"self":[{"href":"https:\/\/redsemlac.com\/semmexico\/wp-json\/wp\/v2\/posts\/74168","targetHints":{"allow":["GET"]}}],"collection":[{"href":"https:\/\/redsemlac.com\/semmexico\/wp-json\/wp\/v2\/posts"}],"about":[{"href":"https:\/\/redsemlac.com\/semmexico\/wp-json\/wp\/v2\/types\/post"}],"author":[{"embeddable":true,"href":"https:\/\/redsemlac.com\/semmexico\/wp-json\/wp\/v2\/users\/3"}],"replies":[{"embeddable":true,"href":"https:\/\/redsemlac.com\/semmexico\/wp-json\/wp\/v2\/comments?post=74168"}],"version-history":[{"count":0,"href":"https:\/\/redsemlac.com\/semmexico\/wp-json\/wp\/v2\/posts\/74168\/revisions"}],"wp:featuredmedia":[{"embeddable":true,"href":"https:\/\/redsemlac.com\/semmexico\/wp-json\/wp\/v2\/media\/74169"}],"wp:attachment":[{"href":"https:\/\/redsemlac.com\/semmexico\/wp-json\/wp\/v2\/media?parent=74168"}],"wp:term":[{"taxonomy":"category","embeddable":true,"href":"https:\/\/redsemlac.com\/semmexico\/wp-json\/wp\/v2\/categories?post=74168"},{"taxonomy":"post_tag","embeddable":true,"href":"https:\/\/redsemlac.com\/semmexico\/wp-json\/wp\/v2\/tags?post=74168"}],"curies":[{"name":"wp","href":"https:\/\/api.w.org\/{rel}","templated":true}]}}