{"id":74127,"date":"2023-11-16T16:19:15","date_gmt":"2023-11-16T22:19:15","guid":{"rendered":"https:\/\/redsemlac.com\/semmexico\/?p=74127"},"modified":"2023-11-16T16:19:15","modified_gmt":"2023-11-16T22:19:15","slug":"el-sistema-de-desarrollo-integral-de-la-familia-de-tapachula-inaugura-sala-de-lactancia-en-colaboracion-con-organizacion-internacional-del-trabajo-y-nestle","status":"publish","type":"post","link":"https:\/\/redsemlac.com\/semmexico\/el-sistema-de-desarrollo-integral-de-la-familia-de-tapachula-inaugura-sala-de-lactancia-en-colaboracion-con-organizacion-internacional-del-trabajo-y-nestle\/","title":{"rendered":"El Sistema de Desarrollo\u00a0Integral de la Familia de Tapachula \u00a0inaugura\u00a0sala de lactancia en colaboraci\u00f3n con Organizaci\u00f3n Internacional del Trabajo \u00a0y Nestl\u00e9"},"content":{"rendered":"\n<p class=\"wp-block-paragraph\">La alcaldesa Rosy Urbina Casta\u00f1eda dijo que la sala es una muestra de empat\u00eda con las madres<\/p>\n\n\n\n<p class=\"wp-block-paragraph\">Se estima que en el municipio hay 95 mil 246 madres potenciales; quienes acudan a la instituci\u00f3n a solicitar servicios, podr\u00e1n hacer uso del espacio<\/p>\n\n\n\n<p class=\"wp-block-paragraph\">Gabriela Couti\u00f1o<\/p>\n\n\n\n<p class=\"wp-block-paragraph\">SemM\u00e9xico, Tapachula, Chis., 16 de noviembre,&nbsp; 2023.- &nbsp;Rosy Urbina Casta\u00f1eda, alcaldesa de Tapachula y Gabriela&nbsp;M\u00e1rquez, coordinadora&nbsp;del proyecto Compartir Responsabilidades de&nbsp;la Organizaci\u00f3n Internacional del Trabajo&nbsp; (OIT), inauguraron&nbsp;una sala de lactancia en beneficio de madres trabajadoras y usuarias del Sistema Municipal para el Desarrollo&nbsp;Integral de la Familia (DIF) financiado por Nestl\u00e9.&nbsp;<\/p>\n\n\n\n<p class=\"wp-block-paragraph\">\u00abEs una muestra de empat\u00eda con las madres; el ayuntamiento de Tapachula est\u00e1 ocupado en atender las necesidades de las mujeres que son la mayor\u00eda\u201d, dijo la presidenta municipal Urbina Casta\u00f1eda.&nbsp;<\/p>\n\n\n\n<p class=\"wp-block-paragraph\">La alcaldesa asegur\u00f3 que su administraci\u00f3n tiene la sensibilidad&nbsp;para fomentar la inclusi\u00f3n y atenci\u00f3n de los sectores m\u00e1s vulnerables en la instituci\u00f3n, como pueden ser las madres solteras, quienes enfrentan la complejidad del cuidado de sus hijas e hijos.<\/p>\n\n\n\n<p class=\"wp-block-paragraph\">El nuevo servicio explic\u00f3 Gabriela M\u00e1rquez, permitir\u00e1 que las mujeres&nbsp;concilien&nbsp;su trabajo remunerado con las labores de cuidados&nbsp;no remunerados, sin que esto impacte negativamente en su desarrollo profesional. Adem\u00e1s,&nbsp;el espacio&nbsp;contribuir\u00e1 con&nbsp;la protecci\u00f3n de la maternidad en el municipio y la promoci\u00f3n de la lactancia materna.&nbsp;<\/p>\n\n\n\n<p class=\"wp-block-paragraph\">\u201cEstas&nbsp;medidas son fundamentales para que las mujeres permanezcan en el mercado laboral,&nbsp;pues les ofrece un espacio c\u00f3modo y privado para la lactancia directa,&nbsp;cuando es posible,&nbsp;o para extraer la leche materna; tienen&nbsp;asientos, acceso a frigor\u00edficos&nbsp;o neveras&nbsp;para guardar la leche, as\u00ed como&nbsp;un entorno limpio y seguro que no sea el cuarto de ba\u00f1o\u201d, manifest\u00f3.&nbsp;<\/p>\n\n\n\n<p class=\"wp-block-paragraph\">La creaci\u00f3n de&nbsp;esta sala de lactancia est\u00e1&nbsp;en sinton\u00eda con las normas internacionales de trabajo de la OIT.&nbsp;Entre ellas se encuentra el Convenio&nbsp;sobre la protecci\u00f3n de la maternidad, 2000 (n\u00fam. 183),&nbsp;que&nbsp;establece que las trabajadoras&nbsp;tienen derecho a&nbsp;una o varias interrupciones por d\u00eda para la lactancia,&nbsp;que&nbsp;sean&nbsp;contabilizadas&nbsp;como tiempo de trabajo y remuneradas&nbsp;en consecuencia.&nbsp;<\/p>\n\n\n\n<p class=\"wp-block-paragraph\">Por otra parte, en Chiapas, la Ley de Servicio Civil del Estado y los Municipios estipula que las mujeres trabajadoras&nbsp;pueden acceder a&nbsp;dos descansos extraordinarios por d\u00eda, de media hora cada uno por un periodo de seis meses,&nbsp;a partir del d\u00eda siguiente del parto.<\/p>\n\n\n\n<p class=\"wp-block-paragraph\">Gabriela M\u00e1rquez reiter\u00f3 que la&nbsp;intervenci\u00f3n&nbsp;forma&nbsp;parte del proyecto&nbsp;<em>Compartir Responsabilidades: Fortalecimiento de los sistemas de protecci\u00f3n social para el mejor cuidado de las hijas e hijos<\/em>,&nbsp;financiado por Nestl\u00e9 con la asistencia t\u00e9cnica de la OIT.&nbsp;<\/p>\n\n\n\n<figure class=\"wp-block-image size-full\"><a href=\"https:\/\/redsemlac.com\/semmexico\/wp-content\/uploads\/2023\/11\/OIT.png\"><img loading=\"lazy\" decoding=\"async\" width=\"989\" height=\"346\" src=\"https:\/\/redsemlac.com\/semmexico\/wp-content\/uploads\/2023\/11\/OIT.png\" alt=\"\" class=\"wp-image-74129\"\/><\/a><\/figure>\n\n\n\n<p class=\"wp-block-paragraph\">El objetivo central de la iniciativa&nbsp;es promover la conciliaci\u00f3n entre la vida laboral y familiar a trav\u00e9s de tres ejes de acci\u00f3n:<\/p>\n\n\n\n<p class=\"wp-block-paragraph\">1.&nbsp;Incrementar la base de conocimientos sobre las licencias parentales existentes en M\u00e9xico.<\/p>\n\n\n\n<p class=\"wp-block-paragraph\">2.&nbsp;Crear un espacio de di\u00e1logo social tripartita y permanente sobre el tema que integra a organismos de la sociedad civil.<\/p>\n\n\n\n<p class=\"wp-block-paragraph\">3.&nbsp;Contribuir a la formulaci\u00f3n de un marco de pol\u00edtica p\u00fablica para las y los trabajadores con responsabilidades familiares.<\/p>\n\n\n\n<p class=\"wp-block-paragraph\">\u201cEn Nestl\u00e9 estamos convencidos de impulsar mecanismos institucionales que garanticen las condiciones para que las madres puedan amamantar a sus beb\u00e9s; particularmente la instalaci\u00f3n de salas de lactancia dignas en espacios p\u00fablicos y laborales.&nbsp;Nuestras&nbsp;operaciones&nbsp;en el pa\u00eds&nbsp;promueven acciones, iniciativas y trabajo con las esferas p\u00fablicas, acad\u00e9micas, cient\u00edficas y de la sociedad civil que contribuyan a la salud, nutrici\u00f3n y bienestar de todos\u201d&nbsp;destac\u00f3 Juan Carlos Pardo, Director de Asuntos Corporativos&nbsp;y Creaci\u00f3n de Valor Compartido&nbsp;de Nestl\u00e9<\/p>\n","protected":false},"excerpt":{"rendered":"<p>Se estima que en el municipio hay 95 mil 246 madres potenciales; quienes acudan a la instituci\u00f3n a solicitar servicios, podr\u00e1n hacer uso del espacio<\/p>\n","protected":false},"author":3,"featured_media":74128,"comment_status":"open","ping_status":"open","sticky":false,"template":"","format":"standard","meta":{"_monsterinsights_skip_tracking":false,"footnotes":""},"categories":[700],"tags":[],"class_list":["post-74127","post","type-post","status-publish","format-standard","has-post-thumbnail","category-estados"],"_links":{"self":[{"href":"https:\/\/redsemlac.com\/semmexico\/wp-json\/wp\/v2\/posts\/74127","targetHints":{"allow":["GET"]}}],"collection":[{"href":"https:\/\/redsemlac.com\/semmexico\/wp-json\/wp\/v2\/posts"}],"about":[{"href":"https:\/\/redsemlac.com\/semmexico\/wp-json\/wp\/v2\/types\/post"}],"author":[{"embeddable":true,"href":"https:\/\/redsemlac.com\/semmexico\/wp-json\/wp\/v2\/users\/3"}],"replies":[{"embeddable":true,"href":"https:\/\/redsemlac.com\/semmexico\/wp-json\/wp\/v2\/comments?post=74127"}],"version-history":[{"count":0,"href":"https:\/\/redsemlac.com\/semmexico\/wp-json\/wp\/v2\/posts\/74127\/revisions"}],"wp:featuredmedia":[{"embeddable":true,"href":"https:\/\/redsemlac.com\/semmexico\/wp-json\/wp\/v2\/media\/74128"}],"wp:attachment":[{"href":"https:\/\/redsemlac.com\/semmexico\/wp-json\/wp\/v2\/media?parent=74127"}],"wp:term":[{"taxonomy":"category","embeddable":true,"href":"https:\/\/redsemlac.com\/semmexico\/wp-json\/wp\/v2\/categories?post=74127"},{"taxonomy":"post_tag","embeddable":true,"href":"https:\/\/redsemlac.com\/semmexico\/wp-json\/wp\/v2\/tags?post=74127"}],"curies":[{"name":"wp","href":"https:\/\/api.w.org\/{rel}","templated":true}]}}