{"id":74121,"date":"2023-11-16T16:12:30","date_gmt":"2023-11-16T22:12:30","guid":{"rendered":"https:\/\/redsemlac.com\/semmexico\/?p=74121"},"modified":"2023-11-16T16:12:31","modified_gmt":"2023-11-16T22:12:31","slug":"acapulco-con-270-mil-viviendas-afectadas-y-602-hoteles-y-condominios-arroyo-matus","status":"publish","type":"post","link":"https:\/\/redsemlac.com\/semmexico\/acapulco-con-270-mil-viviendas-afectadas-y-602-hoteles-y-condominios-arroyo-matus\/","title":{"rendered":"Acapulco con 270 mil viviendas afectadas y 602 hoteles y condominios: Arroyo Matus\u00a0"},"content":{"rendered":"\n<p class=\"wp-block-paragraph\">Isabel Ortega Morales<\/p>\n\n\n\n<p class=\"wp-block-paragraph\">SemM\u00e9xico\/ Suriana Radio\/Ceprovysa,- Tlapa de Comonfort, Guerrero., 16 de noviembre, 2023.- El Hurac\u00e1n Otis dej\u00f3 en su paso por Guerrero, 273 mil 692 viviendas con afectaciones y 602 hoteles y condominios con da\u00f1os en diferentes \u00f3rdenes, inform\u00f3 el Secretario de Gesti\u00f3n Integral de Riesgos y Protecci\u00f3n Civil, Roberto Arroyo Matus.<\/p>\n\n\n\n<p class=\"wp-block-paragraph\"><br>Luego del censo y visita directa que realizaron los datos arrojados indican que son 273 mil 692 viviendas afectadas, de ellas en Acapulco son 270 mil, en Coyuca de Ben\u00edtez son 2 mil 660, en Atoyac 24, en el Municipio de Benito Ju\u00e1rez 208, y adicionalmente, en San Marcos 8 viviendas perdieron su techumbre, detall\u00f3 el Secretario de Protecci\u00f3n Civil.<\/p>\n\n\n\n<figure class=\"wp-block-image size-large\"><a href=\"https:\/\/redsemlac.com\/semmexico\/wp-content\/uploads\/2023\/11\/acapulco-arroyo-matus-02.jpg\"><img decoding=\"async\" src=\"https:\/\/redsemlac.com\/semmexico\/wp-content\/uploads\/2023\/11\/acapulco-arroyo-matus-02-1024x576.jpg\" alt=\"\" class=\"wp-image-74123\"\/><\/a><\/figure>\n\n\n\n<p class=\"wp-block-paragraph\">Arroyo Matus dijo que hay alrededor de 6 viviendas colapsadas, mismas que est\u00e1n ubicadas a orillas de barrancas de tipo federal, lugares donde, apunto \u201cah\u00ed tuvimos personas que, lamentablemente fallecieron\u201d.<\/p>\n\n\n\n<p class=\"wp-block-paragraph\">En entrevista para SURIANA NOTICIAS RADIO, el Secretario de Gesti\u00f3n Integral de Riesgos y Protecci\u00f3n Civil a la pregunta de si Acapulco est\u00e1 devastado dijo \u201clo devast\u00f3 el fen\u00f3meno\u201d, sin embargo, apunt\u00f3 \u201clos da\u00f1os son en general p\u00e9rdidas de techumbres, desprendimiento de fachadas y muros divisorios, en hoteles\u201d.<\/p>\n\n\n\n<p class=\"wp-block-paragraph\">Roberto Arroyo Matus resalt\u00f3 que \u201cel da\u00f1o, no alcanz\u00f3 el da\u00f1o estructural de hoteles, cond\u00f3minos, viviendas\u201d, para el funcionario, acad\u00e9mico de la Facultad de Ingenier\u00eda de la Universidad Aut\u00f3noma de Guerrero, que \u201ceso significa que se va a poder recuperar r\u00e1pidamente porque no hay menoscabo en la resistencia estructural en el caso s\u00edsmico\u201d.<\/p>\n\n\n\n<p class=\"wp-block-paragraph\">En un balance, el funcionario estatal coment\u00f3 que tienen un registro de casi 400 planteles educativos afectados, adem\u00e1s de encontrar 454 enramadas afectadas.<\/p>\n\n\n\n<figure class=\"wp-block-image size-full\"><a href=\"https:\/\/redsemlac.com\/semmexico\/wp-content\/uploads\/2023\/11\/acapulco-arroyo-matus-03.jpg\"><img loading=\"lazy\" decoding=\"async\" width=\"405\" height=\"720\" src=\"https:\/\/redsemlac.com\/semmexico\/wp-content\/uploads\/2023\/11\/acapulco-arroyo-matus-03.jpg\" alt=\"\" class=\"wp-image-74122\"\/><\/a><\/figure>\n\n\n\n<p class=\"wp-block-paragraph\">En el caso de embarcaciones hundidas detall\u00f3 que son 197, de las que ya han sido reflotadas o recuperadas 70, y 2 yates importantes m\u00e1s est\u00e1n en proceso de recuperar.<\/p>\n\n\n\n<p class=\"wp-block-paragraph\">Dentro del balance, el Secretario de GIRyPC se\u00f1al\u00f3 que Otis dej\u00f3 \u201c400 mil toneladas de basura que se juntaron en dos horas\u201d una cifra que a consideraci\u00f3n del Funcionario estatal \u201cse maneja en dos a\u00f1os\u201d, mismos que fueron depositados en distintos puntos de manera temporal ya que, agreg\u00f3 \u201cse har\u00e1 una revisi\u00f3n para ver su reus\u00f3, su reciclado\u201d, ya que en este momento lo que se necesitaba era \u201cretirar lo que limita la comunicaci\u00f3n en las principales v\u00edas y en las colonias\u201d.<\/p>\n\n\n\n<p class=\"wp-block-paragraph\">Entre los da\u00f1os que presentan los municipios de Acapulco y Coyuca de Ben\u00edtez est\u00e1n \u201cla telefon\u00eda as\u00ed como en el rubro de energ\u00eda el\u00e9ctrica\u201d, donde los avances de reinstalaci\u00f3n est\u00e1n, considera \u201cal 98%\u201d.<\/p>\n\n\n\n<p class=\"wp-block-paragraph\">Roberto Arroyo Matus se\u00f1al\u00f3 que considera que en Acapulco con el apoyo que est\u00e1 dando la Gobernadora Evelyn Salgado Pineda, as\u00ed como la colaboraci\u00f3n del Ej\u00e9rcito, la Guardia Nacional, la Marina, \u201cse ha ido restableciendo las condiciones que hab\u00eda de deterioro y devastaci\u00f3n\u201d, por lo que \u201cpoco a poco se va a volver a la normalidad\u201d.<\/p>\n","protected":false},"excerpt":{"rendered":"<p>El Hurac\u00e1n Otis dej\u00f3 en su paso por Guerrero, 273 mil 692 viviendas con afectaciones y 602 hoteles y condominios con da\u00f1os en diferentes \u00f3rdenes, inform\u00f3 el Secretario de Gesti\u00f3n Integral de Riesgos y Protecci\u00f3n Civil, Roberto Arroyo Matus.<\/p>\n","protected":false},"author":3,"featured_media":74125,"comment_status":"open","ping_status":"open","sticky":false,"template":"","format":"standard","meta":{"_monsterinsights_skip_tracking":false,"footnotes":""},"categories":[27],"tags":[],"class_list":["post-74121","post","type-post","status-publish","format-standard","has-post-thumbnail","category-cobertura-especial"],"_links":{"self":[{"href":"https:\/\/redsemlac.com\/semmexico\/wp-json\/wp\/v2\/posts\/74121","targetHints":{"allow":["GET"]}}],"collection":[{"href":"https:\/\/redsemlac.com\/semmexico\/wp-json\/wp\/v2\/posts"}],"about":[{"href":"https:\/\/redsemlac.com\/semmexico\/wp-json\/wp\/v2\/types\/post"}],"author":[{"embeddable":true,"href":"https:\/\/redsemlac.com\/semmexico\/wp-json\/wp\/v2\/users\/3"}],"replies":[{"embeddable":true,"href":"https:\/\/redsemlac.com\/semmexico\/wp-json\/wp\/v2\/comments?post=74121"}],"version-history":[{"count":0,"href":"https:\/\/redsemlac.com\/semmexico\/wp-json\/wp\/v2\/posts\/74121\/revisions"}],"wp:featuredmedia":[{"embeddable":true,"href":"https:\/\/redsemlac.com\/semmexico\/wp-json\/wp\/v2\/media\/74125"}],"wp:attachment":[{"href":"https:\/\/redsemlac.com\/semmexico\/wp-json\/wp\/v2\/media?parent=74121"}],"wp:term":[{"taxonomy":"category","embeddable":true,"href":"https:\/\/redsemlac.com\/semmexico\/wp-json\/wp\/v2\/categories?post=74121"},{"taxonomy":"post_tag","embeddable":true,"href":"https:\/\/redsemlac.com\/semmexico\/wp-json\/wp\/v2\/tags?post=74121"}],"curies":[{"name":"wp","href":"https:\/\/api.w.org\/{rel}","templated":true}]}}