{"id":74116,"date":"2023-11-16T16:02:17","date_gmt":"2023-11-16T22:02:17","guid":{"rendered":"https:\/\/redsemlac.com\/semmexico\/?p=74116"},"modified":"2023-11-16T16:03:03","modified_gmt":"2023-11-16T22:03:03","slug":"alertan-por-aumento-de-dengue-en-acapulco-en-peligro-mujeres-embarazadas","status":"publish","type":"post","link":"https:\/\/redsemlac.com\/semmexico\/alertan-por-aumento-de-dengue-en-acapulco-en-peligro-mujeres-embarazadas\/","title":{"rendered":"Alertan por aumento de dengue en Acapulco, en peligro mujeres embarazadas"},"content":{"rendered":"\n<p class=\"wp-block-paragraph\">Fotograf\u00eda: Adriana Covarrubias, El Sol de Acapulco<\/p>\n\n\n\n<p class=\"wp-block-paragraph\"><strong>Alerta la OPS: dengue puede desprender la placenta y habr\u00e1 criaturas prematuras<\/strong><\/p>\n\n\n\n<p class=\"wp-block-paragraph\"><strong>Es unas de las atenciones m\u00e9dicas m\u00e1s comunes en los m\u00f3dulos del IMSS-Bienestar y de la Secretar\u00eda de Salud<\/strong><\/p>\n\n\n\n<p class=\"wp-block-paragraph\">Adriana Covarrubias<\/p>\n\n\n\n<p class=\"wp-block-paragraph\">SemM\u00e9xico\/ El Sol de Acapulco, Acapulco, Gro. 16 de noviembre, 2023.- &nbsp;El&nbsp;dengue es una de las dos principales enfermedades en este puerto tras el hurac\u00e1n,&nbsp; donde el riego mayor es para las mujeres embarazadas. Crece la preocupaci\u00f3n puesto que Guerrero tiene el primer lugar en embarazo infantil, 2.99 embarazos por cada 100 mil ni\u00f1as menores de 15 a\u00f1os.<\/p>\n\n\n\n<p class=\"wp-block-paragraph\">Seg\u00fan la Organizaci\u00f3n Panamericana de la Salud OPS, el dengue en el embarazo es peligroso, ya que puede interferir en la coagulaci\u00f3n sangu\u00ednea, lo que puede hacer que la placenta se desprenda, causando&nbsp;un aborto&nbsp;o un parto prematuro.<\/p>\n\n\n\n<p class=\"wp-block-paragraph\">La gestante tiene mayores posibilidades de desarrollar dengue grave que la mujer que no est\u00e1 embarazada, afirma.<\/p>\n\n\n\n<p class=\"wp-block-paragraph\">Despu\u00e9s del paso del OTIS se pudo comprobar aparecieron&nbsp; los casos de dengue&nbsp; &nbsp;que se atienden en los m\u00f3dulos del&nbsp;IMSS-Bienestar&nbsp;y de la&nbsp;Secretar\u00eda de Salud&nbsp;instalados en&nbsp;Acapulco&nbsp;para atender a la poblaci\u00f3n tras el paso del hurac\u00e1n&nbsp;, de acuerdo con m\u00e9dicos y enfermeras que laboran en los mismos.<\/p>\n\n\n\n<p class=\"wp-block-paragraph\">De acuerdo con el Bolet\u00edn epidemiol\u00f3gico de la&nbsp;Secretar\u00eda de Salud federal, en&nbsp;Guerrero&nbsp;suman, con corte al 4 de noviembre,&nbsp;mil 876 casos de dengue&nbsp;en sus tres variantes, no grave, con signos de alarma y grave. Previo a la llegada de&nbsp;Otis, con corte al 21 de octubre, hab\u00eda mil 789 casos confirmados en el estado.<\/p>\n\n\n\n<p class=\"wp-block-paragraph\"><strong><em>En Acapulco suman 512 casos<\/em><\/strong><strong><em><\/em><\/strong><\/p>\n\n\n\n<p class=\"wp-block-paragraph\">Entre el paso de&nbsp;Otis&nbsp;y el \u00faltimo corte de&nbsp;Salud&nbsp;se acumularon 87 casos nuevos&nbsp;de&nbsp;dengue&nbsp;en todo el estado de&nbsp;Guerrero.<\/p>\n\n\n\n<p class=\"wp-block-paragraph\">El temor a un brote mayor de dengue en el \u00e1rea afectada por el hurac\u00e1n deriva de la gran cantidad de escombros, basura acumulada, charcos y lodazales que crean un ambiente propicio para la reproducci\u00f3n del&nbsp;mosquito<em>&nbsp;aedes aegipty<\/em>, transmisor de la enfermedad.<\/p>\n\n\n\n<p class=\"wp-block-paragraph\">Durante el presente a\u00f1o se cuadruplicaron los casos de dengue con respecto a 2022. Este incremento, que afecta a gran parte de Latinoam\u00e9rica, provoc\u00f3 una alerta de la Organizaci\u00f3n Panamericana de la Salud (OPS).<\/p>\n\n\n\n<p class=\"wp-block-paragraph\">En todo&nbsp;M\u00e9xico, a la&nbsp;semana epidemiol\u00f3gica 44&nbsp;\u2014que termin\u00f3 el 4 de noviembre\u2014 la Secretar\u00eda de Salud reconoce 37 mil 450 casos de dengue.<\/p>\n\n\n\n<p class=\"wp-block-paragraph\">Marina, habitante de Acapulco,&nbsp;supo que ten\u00eda dengue por los s\u00edntomas que presentaba: dolor de cuerpo, fiebre alta y v\u00f3mito,&nbsp;ya que cuando ten\u00eda 13 a\u00f1os tuvo la enfermedad, y ahora a sus 47 se contagi\u00f3 de nuevo.<\/p>\n\n\n\n<p class=\"wp-block-paragraph\">Ahora Marina forma parte de los 512 casos de dengue qu\u00e9 hay en Acapulco, que le parecen pocos, debido a que&nbsp;mucha gente reporta s\u00edntomas similares,&nbsp;adem\u00e1s de que hay muchos zancudos y no ha pasado el personal de la Secretar\u00eda de Salud a&nbsp;fumigar&nbsp;las calles.<\/p>\n\n\n\n<p class=\"wp-block-paragraph\">Fue el viernes en la noche cuando&nbsp;Marina empez\u00f3 a sentirse mal.&nbsp;Relata que&nbsp;sinti\u00f3 un escalofr\u00edo en el cuerpo mientras estaba platicando con su esposo&nbsp;a quien le coment\u00f3 su malestar y luego se fue a dormir.<\/p>\n\n\n\n<p class=\"wp-block-paragraph\">En la madrugada, a Marina le empez\u00f3 a subir la&nbsp;temperatura&nbsp;y el&nbsp;dolor&nbsp;de cuerpo. Se levant\u00f3 de la cama y se fue a buscar su term\u00f3metro para checarse, ten\u00eda&nbsp;38 grados de temperatura.<\/p>\n\n\n\n<p class=\"wp-block-paragraph\">Tom\u00f3 un paracetamol y alrededor de las 10:00 de la ma\u00f1ana del s\u00e1bado acudi\u00f3 al m\u00f3dulo del&nbsp;IMSS-Bienestar&nbsp;que est\u00e1 en la entrada de la&nbsp;Unidad Vicente Guerrero 2000&nbsp;\u2014al sur de&nbsp;Acapulco&nbsp;de camino al aeropuerto\u2014 donde la atendieron luego de que pasaron dos ni\u00f1os con problemas de diarrea e infecci\u00f3n de la garganta.<\/p>\n\n\n\n<p class=\"wp-block-paragraph\">Marina dijo que la doctora que labora en el&nbsp;IMSS&nbsp;y participa en esta campa\u00f1a de consultas itinerantes por la emergencia sanitaria del&nbsp;hurac\u00e1n Otis,&nbsp;le coment\u00f3 que las enfermedades del dengue,&nbsp;gastrointestinales,&nbsp;conjuntivitis&nbsp;y problemas de la piel son las m\u00e1s atendidas.<\/p>\n\n\n\n<figure class=\"wp-block-image size-full\"><a href=\"https:\/\/redsemlac.com\/semmexico\/wp-content\/uploads\/2023\/11\/alerta-dengue-02.jpg\"><img loading=\"lazy\" decoding=\"async\" width=\"720\" height=\"449\" src=\"https:\/\/redsemlac.com\/semmexico\/wp-content\/uploads\/2023\/11\/alerta-dengue-02.jpg\" alt=\"\" class=\"wp-image-74117\"\/><\/a><\/figure>\n\n\n\n<p class=\"wp-block-paragraph\">Coment\u00f3 que luego de qu\u00e9 la doctora la revis\u00f3, le tom\u00f3 la temperatura, le pregunt\u00f3 los s\u00edntomas, le dijo que su&nbsp;diagn\u00f3stico&nbsp;era&nbsp;dengue&nbsp;y le receto&nbsp;paracetamol&nbsp;por seis d\u00edas y que fuera a visitar a su m\u00e9dico familiar.<\/p>\n\n\n\n<p class=\"wp-block-paragraph\">Marina estuvo en cama durante dos d\u00edas y medio debido a los&nbsp;dolores&nbsp;de cuerpo&nbsp;y la fuerte&nbsp;fiebre&nbsp;y&nbsp;deshidrataci\u00f3n&nbsp;como consecuencias del dengue.<\/p>\n\n\n\n<p class=\"wp-block-paragraph\">Tambi\u00e9n relat\u00f3 que otro m\u00e9dico del&nbsp;IMSS&nbsp;bienestar que participa en el m\u00f3dulo d\u00f3nde acudi\u00f3 a consulta le regal\u00f3 Abate \u2014un&nbsp;insecticida&nbsp;efectivo contra mosquitos\u2014 y quedaron que le har\u00edan una visita domiciliaria para la fumigaci\u00f3n pero a cinco d\u00edas despu\u00e9s sigue esperando a que acudan a su casa.<\/p>\n\n\n\n<p class=\"wp-block-paragraph\">El dengue no grave se manifiesta con fiebre&nbsp;de&nbsp;menos de siete d\u00edas&nbsp;de duraci\u00f3n y dos o m\u00e1s de los siguientes s\u00edntomas: dolor de cabeza, malestar general, dolor articular o muscular, diarrea, v\u00f3mitos, falta de apetito, n\u00e1useas y a veces manchas en la piel.<\/p>\n\n\n\n<p class=\"wp-block-paragraph\">En el&nbsp;dengue con signos de alarma aparece un dolor abdominal intenso y continuo, v\u00f3mito persistente, acumulaci\u00f3n de l\u00edquidos, sangrado y alteraci\u00f3n del estado de conciencia,&nbsp;mientras que&nbsp;en grave hay sangrados m\u00e1s intensos, acumulaci\u00f3n de l\u00edquido, dificultad respiratoria y da\u00f1o en \u00f3rganos&nbsp;como el h\u00edgado.<\/p>\n\n\n\n<p class=\"wp-block-paragraph\">Ante el aumento de enfermedades en el puerto tras el paso de Otis, el Congreso del Estado exhort\u00f3 a la Secretar\u00eda de Salud a que emita una\u00a0Declaratoria de Emergencia Sanitaria.<\/p>\n\n\n\n<figure class=\"wp-block-image size-full\"><a href=\"https:\/\/redsemlac.com\/semmexico\/wp-content\/uploads\/2023\/11\/alerta-dengue-03.png\"><img loading=\"lazy\" decoding=\"async\" width=\"768\" height=\"479\" src=\"https:\/\/redsemlac.com\/semmexico\/wp-content\/uploads\/2023\/11\/alerta-dengue-03.png\" alt=\"\" class=\"wp-image-74118\"\/><\/a><\/figure>\n\n\n\n<p class=\"wp-block-paragraph\">Foto: Escombros y basura crean un ambiente propicio para la reproducci\u00f3n del mosquito aedes aegipty, transmisor de la enfermedad | Cortes\u00eda: Comunicaci\u00f3n Social Guerrero<\/p>\n\n\n\n<p class=\"wp-block-paragraph\"><a href=\"https:\/\/www.elsoldemexico.com.mx\/republica\/sociedad\/habra-un-grave-incremento-de-casos-de-dengue-en-acapulco-autoridades-sanitarias-10993687.html\"><strong><em>Habr\u00e1 un grave incremento de casos de dengue en Acapulco: autoridades sanitarias<\/em><\/strong><\/a><strong><em><\/em><\/strong><\/p>\n\n\n\n<p class=\"wp-block-paragraph\">El diputado Esteban Albarr\u00e1n Mendoza se\u00f1al\u00f3 que&nbsp;se desconoce si el gobierno estatal se encuentra aplicando una campa\u00f1a de vacunaci\u00f3n contra el t\u00e9tanos, hepatitis u otras enfermedades&nbsp;o si se promueve nuevamente el uso de cubrebocas para evitar la propagaci\u00f3n de enfermedades respiratorias y gastrointestinales.<\/p>\n\n\n\n<p class=\"wp-block-paragraph\">El legislador sostuvo que&nbsp;se debe poner especial atenci\u00f3n en la salud mental de los pobladores&nbsp;de ese municipio, ya que de acuerdo con especialistas este evento, podr\u00eda provocar estr\u00e9s postraum\u00e1tico, ansiedad y depresi\u00f3n.<\/p>\n\n\n\n<p class=\"wp-block-paragraph\">Record\u00f3 que en 2021,&nbsp;la dependencia decret\u00f3 una alerta sanitaria&nbsp;en el puerto, debido a la proliferaci\u00f3n de varios&nbsp;tiraderos clandestinos, lo que se equipara con la actual situaci\u00f3n que vive el municipio.<\/p>\n\n\n\n<p class=\"wp-block-paragraph\">El exhorto&nbsp;fue aprobado por mayor\u00eda de votos, y espec\u00edficamente va dirigido a la Comisi\u00f3n para la Protecci\u00f3n contra Riesgos Sanitarios del Estado de Guerrero (COPRISEG).<\/p>\n\n\n\n<p class=\"wp-block-paragraph\"><em>Con informaci\u00f3n de Sara Lovera, &nbsp;Nurit Mart\u00ednez y Juan Manuel Molina.<\/em><\/p>\n","protected":false},"excerpt":{"rendered":"<p>El\u00a0dengue es una de las dos principales enfermedades en este puerto tras el hurac\u00e1n,\u00a0 donde el riego mayor es para las mujeres embarazadas.<\/p>\n","protected":false},"author":3,"featured_media":74119,"comment_status":"open","ping_status":"open","sticky":false,"template":"","format":"standard","meta":{"_monsterinsights_skip_tracking":false,"footnotes":""},"categories":[27,694],"tags":[],"class_list":["post-74116","post","type-post","status-publish","format-standard","has-post-thumbnail","category-cobertura-especial","category-destacadas"],"_links":{"self":[{"href":"https:\/\/redsemlac.com\/semmexico\/wp-json\/wp\/v2\/posts\/74116","targetHints":{"allow":["GET"]}}],"collection":[{"href":"https:\/\/redsemlac.com\/semmexico\/wp-json\/wp\/v2\/posts"}],"about":[{"href":"https:\/\/redsemlac.com\/semmexico\/wp-json\/wp\/v2\/types\/post"}],"author":[{"embeddable":true,"href":"https:\/\/redsemlac.com\/semmexico\/wp-json\/wp\/v2\/users\/3"}],"replies":[{"embeddable":true,"href":"https:\/\/redsemlac.com\/semmexico\/wp-json\/wp\/v2\/comments?post=74116"}],"version-history":[{"count":0,"href":"https:\/\/redsemlac.com\/semmexico\/wp-json\/wp\/v2\/posts\/74116\/revisions"}],"wp:featuredmedia":[{"embeddable":true,"href":"https:\/\/redsemlac.com\/semmexico\/wp-json\/wp\/v2\/media\/74119"}],"wp:attachment":[{"href":"https:\/\/redsemlac.com\/semmexico\/wp-json\/wp\/v2\/media?parent=74116"}],"wp:term":[{"taxonomy":"category","embeddable":true,"href":"https:\/\/redsemlac.com\/semmexico\/wp-json\/wp\/v2\/categories?post=74116"},{"taxonomy":"post_tag","embeddable":true,"href":"https:\/\/redsemlac.com\/semmexico\/wp-json\/wp\/v2\/tags?post=74116"}],"curies":[{"name":"wp","href":"https:\/\/api.w.org\/{rel}","templated":true}]}}