{"id":74110,"date":"2023-11-16T15:26:58","date_gmt":"2023-11-16T21:26:58","guid":{"rendered":"https:\/\/redsemlac.com\/semmexico\/?p=74110"},"modified":"2023-11-16T15:26:59","modified_gmt":"2023-11-16T21:26:59","slug":"ongs-denuncian-retroceso-en-la-nueva-ley-estatal-de-los-derechos-de-infancias-y-adolescencias-acudiran-al-amparo-para-frenarla","status":"publish","type":"post","link":"https:\/\/redsemlac.com\/semmexico\/ongs-denuncian-retroceso-en-la-nueva-ley-estatal-de-los-derechos-de-infancias-y-adolescencias-acudiran-al-amparo-para-frenarla\/","title":{"rendered":"Ongs denuncian retroceso en la \u00abnueva\u00bb ley estatal de los derechos de infancias y adolescencias: acudir\u00e1n al amparo para frenarla."},"content":{"rendered":"\n<p class=\"wp-block-paragraph\">Organizaciones civiles se pronuncian por derogar esta ley<\/p>\n\n\n\n<p class=\"wp-block-paragraph\">Patricia Brise\u00f1o<\/p>\n\n\n\n<p class=\"wp-block-paragraph\">SemM\u00e9xico, Oaxaca de Ju\u00e1rez, Oax., 16 de noviembre, 2023.- &nbsp;La Ley en materia de los derechos de las infancias y adolescencias en Oaxaca, publicada en fecha reciente, representa una regresi\u00f3n por su vac\u00edo legal e improvisaci\u00f3n, y tampoco los considera personas sujetos de derechos, denunciaron organizaciones de la sociedad civil.<\/p>\n\n\n\n<p class=\"wp-block-paragraph\">Integrantes del Espacio Civil de Oaxaca, Centro de Apoyo al Ni\u00f1o de la Calle de Oaxaca&nbsp;(Canica), Espiral por la Vida, Pi\u00f1a Palmera, El Poder del Consumidor y Consorcio Oaxaca, entre otras, observaron regresiones, por su enfoque asistencialista.<\/p>\n\n\n\n<p class=\"wp-block-paragraph\">\u201cCarece de criterio homologado con las dem\u00e1s leyes y reglamentos que deber\u00edan haber sido reformados para que dicha Ley tuviera la eficacia presupuestal, operativa y de personal\u201d.<\/p>\n\n\n\n<p class=\"wp-block-paragraph\">En declaraciones a la prensa, se pronunciaron por derogarla&nbsp; \u201cpara evitar que se genere un colapso de alto impacto en perjuicio de la ni\u00f1ez&nbsp; y adolescencia\u201d.<\/p>\n\n\n\n<p class=\"wp-block-paragraph\">Revelaron que debido a que \u201cno se derog\u00f3 la ley anterior; hoy en d\u00eda, existen en Oaxaca, dos legislaciones vigentes que se contraponen entre s\u00ed\u201d.<\/p>\n\n\n\n<p class=\"wp-block-paragraph\">Este \u201cdescuido\u201d genera incertidumbre por la coexistencia de dos leyes,&nbsp;por lo tanto, \u201cse necesita una revisi\u00f3n minuciosa para determinar las implicaciones legales\u201d.<\/p>\n\n\n\n<p class=\"wp-block-paragraph\">Por lo anterior, los y las defensoras de derechos humanos dieron a conocer interpusieron un juicio de amparo contra la Ley Estatal de Ni\u00f1as, Ni\u00f1os y Adolescentes aprobada por la actual legislatura<\/p>\n\n\n\n<p class=\"wp-block-paragraph\">El recurso legal tienen el prop\u00f3sito de revertir la aprobaci\u00f3n de la ley y promover una legislaci\u00f3n que realmente garantice los derechos de este sector de la poblaci\u00f3n.&nbsp;<\/p>\n\n\n\n<p class=\"wp-block-paragraph\">La nueva ley no reconoce a las infancias y adolescencias ind\u00edgenas y afromexicanas, &nbsp;conforme al pluralismo jur\u00eddico.&nbsp;\u201cNo se les otorga un nombramiento multicultural de acuerdo a los pueblos y comunidades\u201d.<\/p>\n\n\n\n<p class=\"wp-block-paragraph\">Adolece de&nbsp; lenguaje incluyente y no sexista, adem\u00e1s de la utilizaci\u00f3n de t\u00e9rminos retr\u00f3gradas como&nbsp;\u201cinfantes\u201d que violenta su autonom\u00eda y dignidad.<\/p>\n\n\n\n<p class=\"wp-block-paragraph\">Ignora los tipos de violencia&nbsp;como el acoso o bullying cibern\u00e9tico, excluye el paso a la diversidad de las familias, entre una larga lista de inexactitudes<\/p>\n","protected":false},"excerpt":{"rendered":"<p>La Ley en materia de los derechos de las infancias y adolescencias en Oaxaca, publicada en fecha reciente, representa una regresi\u00f3n por su vac\u00edo legal e improvisaci\u00f3n, y tampoco los considera personas sujetos de derechos, denunciaron organizaciones de la sociedad civil.<\/p>\n","protected":false},"author":3,"featured_media":74111,"comment_status":"open","ping_status":"open","sticky":false,"template":"","format":"standard","meta":{"_monsterinsights_skip_tracking":false,"footnotes":""},"categories":[700],"tags":[],"class_list":["post-74110","post","type-post","status-publish","format-standard","has-post-thumbnail","category-estados"],"_links":{"self":[{"href":"https:\/\/redsemlac.com\/semmexico\/wp-json\/wp\/v2\/posts\/74110","targetHints":{"allow":["GET"]}}],"collection":[{"href":"https:\/\/redsemlac.com\/semmexico\/wp-json\/wp\/v2\/posts"}],"about":[{"href":"https:\/\/redsemlac.com\/semmexico\/wp-json\/wp\/v2\/types\/post"}],"author":[{"embeddable":true,"href":"https:\/\/redsemlac.com\/semmexico\/wp-json\/wp\/v2\/users\/3"}],"replies":[{"embeddable":true,"href":"https:\/\/redsemlac.com\/semmexico\/wp-json\/wp\/v2\/comments?post=74110"}],"version-history":[{"count":0,"href":"https:\/\/redsemlac.com\/semmexico\/wp-json\/wp\/v2\/posts\/74110\/revisions"}],"wp:featuredmedia":[{"embeddable":true,"href":"https:\/\/redsemlac.com\/semmexico\/wp-json\/wp\/v2\/media\/74111"}],"wp:attachment":[{"href":"https:\/\/redsemlac.com\/semmexico\/wp-json\/wp\/v2\/media?parent=74110"}],"wp:term":[{"taxonomy":"category","embeddable":true,"href":"https:\/\/redsemlac.com\/semmexico\/wp-json\/wp\/v2\/categories?post=74110"},{"taxonomy":"post_tag","embeddable":true,"href":"https:\/\/redsemlac.com\/semmexico\/wp-json\/wp\/v2\/tags?post=74110"}],"curies":[{"name":"wp","href":"https:\/\/api.w.org\/{rel}","templated":true}]}}