{"id":74016,"date":"2023-11-14T12:46:58","date_gmt":"2023-11-14T18:46:58","guid":{"rendered":"https:\/\/redsemlac.com\/semmexico\/?p=74016"},"modified":"2023-11-14T12:46:58","modified_gmt":"2023-11-14T18:46:58","slug":"la-violencia-vicaria-afecto-a-22mil-904-ninas-y-ninos-en-2022-senala-estudio-de-senado","status":"publish","type":"post","link":"https:\/\/redsemlac.com\/semmexico\/la-violencia-vicaria-afecto-a-22mil-904-ninas-y-ninos-en-2022-senala-estudio-de-senado\/","title":{"rendered":"La violencia vicaria afecto a 22,mil 904 ni\u00f1as y ni\u00f1os en\u00a0 2022, se\u00f1ala estudio de Senado"},"content":{"rendered":"\n<ul class=\"wp-block-list\">\n<li><strong>Fueron afectadas por esta violencia 2 mil 615 mujeres en el pa\u00eds<\/strong><\/li>\n<\/ul>\n\n\n\n<ul class=\"wp-block-list\">\n<li><strong>9 de cada 10 agresores cuentan con formas de bloquear los procesos de las v\u00edctimas<\/strong><\/li>\n<\/ul>\n\n\n\n<p class=\"wp-block-paragraph\"><strong>Elda Montiel<\/strong><\/p>\n\n\n\n<p class=\"wp-block-paragraph\">SemM\u00e9xico, Ciudad de M\u00e9xico, 14 de noviembre 2023.- El \u00faltimo a\u00f1o se contaron 22 mil 904 menores v\u00edctimas de violencia vicaria, es decir la violencia familiar que ha aumentado en un 14.09 por ciento el n\u00famero de v\u00edctimas, entre 20221 y 2022, de acuerdo al Instituto Nacional de Estad\u00edstica y Geograf\u00eda (INEGI).<\/p>\n\n\n\n<p class=\"wp-block-paragraph\">Aunque no hay cifras oficiales sobre la violencia vicaria, pues es apenas este 2022 cuando las entidades han comenzado a reconocerla en sus legislaciones, el Frente Nacional Contra la Violencia Vicaria (FNCVV) ha documentado 2 mil 165 de mujeres v\u00edctimas en M\u00e9xico, en las cuales la capital concentra el 21 por ciento de los casos.<\/p>\n\n\n\n<p class=\"wp-block-paragraph\">Esta es una m\u00e1s de las violencias contra las mujeres que debe abordarse no s\u00f3lo desde la perspectiva de g\u00e9nero sino desde el principio del inter\u00e9s superior de ni\u00f1as, ni\u00f1os y adolescentes, refiere el estudio \u201cLa violencia vicaria Acciones desde el legislativo federal y local para su prevenci\u00f3n y erradicaci\u00f3n\u201d, elaborada por Carla Ang\u00e9lica G\u00f3mez Macfarland. &nbsp;<\/p>\n\n\n\n<p class=\"wp-block-paragraph\">Se espec\u00edfica, en el estudio del Instituto Belisario Dom\u00ednguez (IBD), del Senado de la Rep\u00fablica que durante los \u00faltimos a\u00f1os la violencia contra las mujeres se ha diversificado. La violencia vicaria definida como &nbsp;la que se ejerce al utilizar a las hijas, hijos, personas adultas mayores o con discapacidad, mascotas o bienes, caus\u00e1ndoles da\u00f1os o amenazas con perjuicio &nbsp;y para hacer sufrir a las mujeres.<\/p>\n\n\n\n<p class=\"wp-block-paragraph\">Lo m\u00e1s com\u00fan es la amenaza a las madres con quitarles la custodia de las y los ni\u00f1os, poblada de insultos a la madre, hablar mal de ella, humillarla y amenazar, interrumpir tratamientos m\u00e9dicos o farmacol\u00f3gicos cuando los hay, llevarse a las criaturas &nbsp;o incluso lastimarlas.&nbsp;<\/p>\n\n\n\n<p class=\"wp-block-paragraph\">Actualmente, el C\u00f3digo Nacional de Procedimientos Civiles y Familiares reconoce a la violencia vicaria como un tipo de violencia contra las mujeres y ordena medidas de protecci\u00f3n para las v\u00edctimas. &nbsp;<\/p>\n\n\n\n<p class=\"wp-block-paragraph\">En los \u00faltimos a\u00f1os se han reformado diversas leyes para atender este problema. Adicionalmente, en la LXV Legislatura se han presentado 38 iniciativas de reforma a leyes secundarias relacionadas con la violencia vicaria, entre ellas para incorporar este concepto en la Ley General de Acceso de las Mujeres a una Vida Libre de Violencia y el C\u00f3digo Civil Federal. &nbsp;<\/p>\n\n\n\n<p class=\"wp-block-paragraph\">En los estados de la Rep\u00fablica ,&nbsp;la violencia vicaria ya se encuentra regulada en m\u00e1s de 60 ordenamientos locales.&nbsp;<\/p>\n\n\n\n<p class=\"wp-block-paragraph\">Se\u00f1ala la investigaci\u00f3n que es necesario abordar la sanci\u00f3n de este tipo de violencia no s\u00f3lo desde una perspectiva de g\u00e9nero sino desde un enfoque centrado en el inter\u00e9s superior de ni\u00f1as, ni\u00f1os y adolescentes.<\/p>\n\n\n\n<h2 class=\"wp-block-heading\"><strong>Adem\u00e1s de leyes se requiere claridad en los procesos conforme a derecho<\/strong><\/h2>\n\n\n\n<p class=\"wp-block-paragraph\">Por otra parte, existe una oportunidad contundente en desarrollar una estructura de apoyo eficiente en t\u00e9rminos legales, psicol\u00f3gicos y emocionales para las v\u00edctimas de violencia vicaria, concluye la segunda encuesta realizada por el Frente Nacional contra la violencia vicaria dada a conocer en mayo de este a\u00f1o.<\/p>\n\n\n\n<p class=\"wp-block-paragraph\">Precisa que no s\u00f3lo se observa el hacer cambios y ajustes a la ley, se requiere de una especial atenci\u00f3n en las instancias e instituciones que apoyan a las v\u00edctimas, mayor y mejor claridad en los procesos, as\u00ed como un correcto seguimiento a los \u00e9stos conforme a derecho.<\/p>\n\n\n\n<p class=\"wp-block-paragraph\">Casi en la totalidad de los casos el agresor presenta ventaja legal y econ\u00f3mica en contra de la v\u00edctima, lo que pone en una situaci\u00f3n vulnerable para enfrentar procesos en una condici\u00f3n de igualdad.<\/p>\n\n\n\n<p class=\"wp-block-paragraph\">Se detect\u00f3 que 9 de cada 10 agresores han iniciado tr\u00e1mites legales en contra de las v\u00edctimas y 9 de cada 10 agresores cuentan con formas de bloquear los procesos legales de las v\u00edctimas o recursos que favorecen los fallos a su favor.&nbsp;<\/p>\n\n\n\n<p class=\"wp-block-paragraph\">De acuerdo a los hallazgos en 80 por ciento de los casos las v\u00edctimas fueron separadas de sus hijos de una forma inesperada con amenazas &nbsp;previas, sin tener contacto con los menores.<\/p>\n\n\n\n<p class=\"wp-block-paragraph\">Entre las principales causas por las cuales 7 de cada 10 v\u00edctimas han denunciado a sus agresores son sustracci\u00f3n y ocultamiento del o los &nbsp;menores, violencia dom\u00e9stica, violencia de g\u00e9nero, pensi\u00f3n alimenticia, abuso sexual, guarda y custodia, tr\u00e1fico de influencias, robo, fraude y divorcio.<\/p>\n\n\n\n<p class=\"wp-block-paragraph\">El 24 por ciento de las v\u00edctimas no genera recursos propios para mantenerse, y aunque el casi 80 por ciento de las entrevistadas que generan ingresos por ellas mismas, estos &nbsp;no son &nbsp;suficientes para solventar sus gastos familiares, m\u00e1s los procesos legales en contra del agresor.<\/p>\n\n\n\n<p class=\"wp-block-paragraph\">El tiempo de &nbsp;los procesos que en promedio oscilan entre 1 y 1.5 a\u00f1os, la v\u00edctima dedica una tercera parte de una jornada laboral a la semana en atender temas legales, juicios y dem\u00e1s procesos para la recuperaci\u00f3n de los menores. Generando desgaste emocional, f\u00edsico y psicol\u00f3gico.<\/p>\n\n\n\n<p class=\"wp-block-paragraph\">Otro dato importante es que no se sienten protegidas por las autoridades e instancias legales, &nbsp;a las cu\u00e1les acuden para denunciar la sustracci\u00f3n y la violencia recibida. Autoridades que alientan los procesos y bloquean el seguimiento a los juicios, que en el 48 por ciento de las v\u00edctimas enfrenta penales y civiles.<\/p>\n\n\n\n<p class=\"wp-block-paragraph\">Aun cuando saben a d\u00f3nde o con qui\u00e9n acudir, no cuentan con una orientaci\u00f3n correcta de los procesos, las instancias y las instituciones que apoyan y protegen a las v\u00edctimas.<\/p>\n","protected":false},"excerpt":{"rendered":"<p>Fueron afectadas por esta violencia 2 mil 615 mujeres en el pa\u00eds<\/p>\n","protected":false},"author":3,"featured_media":74017,"comment_status":"open","ping_status":"open","sticky":false,"template":"","format":"standard","meta":{"_monsterinsights_skip_tracking":false,"footnotes":""},"categories":[48],"tags":[142],"class_list":["post-74016","post","type-post","status-publish","format-standard","has-post-thumbnail","category-no-mas-impunidad-no-mas-impunidad","tag-violencia"],"_links":{"self":[{"href":"https:\/\/redsemlac.com\/semmexico\/wp-json\/wp\/v2\/posts\/74016","targetHints":{"allow":["GET"]}}],"collection":[{"href":"https:\/\/redsemlac.com\/semmexico\/wp-json\/wp\/v2\/posts"}],"about":[{"href":"https:\/\/redsemlac.com\/semmexico\/wp-json\/wp\/v2\/types\/post"}],"author":[{"embeddable":true,"href":"https:\/\/redsemlac.com\/semmexico\/wp-json\/wp\/v2\/users\/3"}],"replies":[{"embeddable":true,"href":"https:\/\/redsemlac.com\/semmexico\/wp-json\/wp\/v2\/comments?post=74016"}],"version-history":[{"count":0,"href":"https:\/\/redsemlac.com\/semmexico\/wp-json\/wp\/v2\/posts\/74016\/revisions"}],"wp:featuredmedia":[{"embeddable":true,"href":"https:\/\/redsemlac.com\/semmexico\/wp-json\/wp\/v2\/media\/74017"}],"wp:attachment":[{"href":"https:\/\/redsemlac.com\/semmexico\/wp-json\/wp\/v2\/media?parent=74016"}],"wp:term":[{"taxonomy":"category","embeddable":true,"href":"https:\/\/redsemlac.com\/semmexico\/wp-json\/wp\/v2\/categories?post=74016"},{"taxonomy":"post_tag","embeddable":true,"href":"https:\/\/redsemlac.com\/semmexico\/wp-json\/wp\/v2\/tags?post=74016"}],"curies":[{"name":"wp","href":"https:\/\/api.w.org\/{rel}","templated":true}]}}