{"id":74013,"date":"2023-11-14T12:32:48","date_gmt":"2023-11-14T18:32:48","guid":{"rendered":"https:\/\/redsemlac.com\/semmexico\/?p=74013"},"modified":"2023-11-14T12:32:48","modified_gmt":"2023-11-14T18:32:48","slug":"icm-y-coalicion-mexicana-lgbttti-exigen-investigacion-con-perspectiva-de-diversidad-en-el-asesinato-del-primer-magistrade-electoral-ociel-bahena","status":"publish","type":"post","link":"https:\/\/redsemlac.com\/semmexico\/icm-y-coalicion-mexicana-lgbttti-exigen-investigacion-con-perspectiva-de-diversidad-en-el-asesinato-del-primer-magistrade-electoral-ociel-bahena\/","title":{"rendered":"ICM y Coalici\u00f3n Mexicana LGBTTTI+ exigen investigaci\u00f3n con perspectiva de diversidad en el asesinato del primer magistrade electoral Ociel Bahena"},"content":{"rendered":"\n<p class=\"wp-block-paragraph\"><strong>Elda Montiel<\/strong><\/p>\n\n\n\n<p class=\"wp-block-paragraph\">SemM\u00e9xico, Ciudad de M\u00e9xico, 14 de noviembre 2023.- La exigencia a la Fiscal\u00eda de Aguascalientes de investigar con perspectiva de diversidad sexual el crimen contra el magistrade electoral Ociel Bahena y su pareja sentimental Dorian Herrera, as\u00ed como la condena por tratar de justificar el crimen como \u201cpasional\u201d cuando es un crimen de odio hicieron las organizaciones ICM M\u00e9xico y la Coalici\u00f3n Mexicana&nbsp; LGBTTTI+.<\/p>\n\n\n\n<p class=\"wp-block-paragraph\">En pronunciamientos &nbsp;respectivos, las organizaciones dan a conocer que el magistrade era una persona inscrita en el mecanismo de protecci\u00f3n de defensores de Derechos Humanos por haber recibido amenazas de muerte y que habr\u00eda denunciado d\u00edas antes a la senadora Martha M\u00e1rquez por los discurso de odio.<\/p>\n\n\n\n<p class=\"wp-block-paragraph\">ICM expresa indignaci\u00f3n, rabia, tristeza e impotencia y condenan las conclusiones \u201caceleradas y estigmatizante, queriendo justificar un crimen pasional\u201d. Exige respeto a los medios de comunicaci\u00f3n de no seguir revictimizando, y el respeto a las personas que \u201ccon prejuicios, ignorancia y desprecio\u201d de la sociedad conservadora y la iglesia respecto a este tipo de realidad.<\/p>\n\n\n\n<p class=\"wp-block-paragraph\">Precisan que \u201cel odio genera odio, esto es una realidad que vivimos todos los d\u00edas, pero en redes sociales se bromea, hacen chistes, y celebran estas muertes. Quien se burla tambi\u00e9n es c\u00f3mplice indirecto de su asesinato\u201d.<\/p>\n\n\n\n<p class=\"wp-block-paragraph\">ICM por amor es una organizaci\u00f3n que se define como un espacio espiritual, incluyente e interreligioso. No es una religi\u00f3n y les inspira el amor radical.<\/p>\n\n\n\n<p class=\"wp-block-paragraph\">Por parte de la Coalici\u00f3n exigen la detenci\u00f3n de las personas responsables materiales e intelectuales y castigo ejemplar.<\/p>\n\n\n\n<p class=\"wp-block-paragraph\">Destacan que en un pa\u00eds sin garant\u00edas es urgente que las poblaciones LGBTTTIAQ+ nos mantengamos unides ante el patriarcado que se resiste a nuestra existencia.&nbsp;<\/p>\n\n\n\n<p class=\"wp-block-paragraph\">De acuerdo a la Fiscal\u00eda el cuerpo del magistrade y su pareja fueron encontrados al interior del domicilio, ubicado en el fraccionamiento Punta del Cielo, con heridas de arma blanca. De acuerdo a las autoridades no hay huellas de una tercera persona que haya ingresado, y se encontraron dos navajas de rasurar, que preliminarmente ser\u00edan los objetos que habr\u00edan&nbsp; provocado las lesiones.&nbsp;<\/p>\n\n\n\n<p class=\"wp-block-paragraph\">Este crimen puso en movimiento a las poblaciones de la comunidad LGBTTTQ+, ya que era la persona no binaria m\u00e1s visible al acceder a ser magistrade en el Tribunal Electoral de Aguascalientes, ser una de las primeras personas en obtener un pasaporte mexicano con el reconocimiento a su identidad y obtener una credencial electoral con casillero no binario.<\/p>\n\n\n\n<p class=\"wp-block-paragraph\">Adem\u00e1s era muy activo en redes sociales con videos con mensajes que abordaba temas electorales, roles de g\u00e9nero y machismo. Se reconoci\u00f3 como binario en 2020 y usaba ropa, maquillaje y lenguaje de acuerdo a su g\u00e9nero lo que incomodaba, y desafiaba al mundo.<\/p>\n\n\n\n<p class=\"wp-block-paragraph\">El magistrade Ociel Bahena Impulso amparos en su estado para el reconocimiento de la identidad no binaria.&nbsp;&nbsp; &nbsp;&nbsp;<\/p>\n\n\n\n<p class=\"wp-block-paragraph\">Manifestaciones para mostrar la indignaci\u00f3n por la versi\u00f3n de crimen pasional por la Fiscal\u00eda de Aguascalientes se dieron en esta &nbsp;entidad y otras, as\u00ed como en el&nbsp; z\u00f3calo de la Ciudad de M\u00e9xico, que incluso derribaron las cercas que se colocaron para contener al contingente LGBTIQ+, frente a Palacio Nacional.<\/p>\n","protected":false},"excerpt":{"rendered":"<p>Las organizaciones dan a conocer que el magistrade era una persona inscrita en el mecanismo de protecci\u00f3n de defensores de Derechos Humanos por haber recibido amenazas de muert<\/p>\n","protected":false},"author":3,"featured_media":74014,"comment_status":"open","ping_status":"open","sticky":false,"template":"","format":"standard","meta":{"_monsterinsights_skip_tracking":false,"footnotes":""},"categories":[48],"tags":[],"class_list":["post-74013","post","type-post","status-publish","format-standard","has-post-thumbnail","category-no-mas-impunidad-no-mas-impunidad"],"_links":{"self":[{"href":"https:\/\/redsemlac.com\/semmexico\/wp-json\/wp\/v2\/posts\/74013","targetHints":{"allow":["GET"]}}],"collection":[{"href":"https:\/\/redsemlac.com\/semmexico\/wp-json\/wp\/v2\/posts"}],"about":[{"href":"https:\/\/redsemlac.com\/semmexico\/wp-json\/wp\/v2\/types\/post"}],"author":[{"embeddable":true,"href":"https:\/\/redsemlac.com\/semmexico\/wp-json\/wp\/v2\/users\/3"}],"replies":[{"embeddable":true,"href":"https:\/\/redsemlac.com\/semmexico\/wp-json\/wp\/v2\/comments?post=74013"}],"version-history":[{"count":0,"href":"https:\/\/redsemlac.com\/semmexico\/wp-json\/wp\/v2\/posts\/74013\/revisions"}],"wp:featuredmedia":[{"embeddable":true,"href":"https:\/\/redsemlac.com\/semmexico\/wp-json\/wp\/v2\/media\/74014"}],"wp:attachment":[{"href":"https:\/\/redsemlac.com\/semmexico\/wp-json\/wp\/v2\/media?parent=74013"}],"wp:term":[{"taxonomy":"category","embeddable":true,"href":"https:\/\/redsemlac.com\/semmexico\/wp-json\/wp\/v2\/categories?post=74013"},{"taxonomy":"post_tag","embeddable":true,"href":"https:\/\/redsemlac.com\/semmexico\/wp-json\/wp\/v2\/tags?post=74013"}],"curies":[{"name":"wp","href":"https:\/\/api.w.org\/{rel}","templated":true}]}}