{"id":7399,"date":"2018-11-30T02:03:09","date_gmt":"2018-11-30T02:03:09","guid":{"rendered":"https:\/\/redsemlac.com\/semmexico\/?p=7399"},"modified":"2023-07-21T14:34:45","modified_gmt":"2023-07-21T19:34:45","slug":"lenguaje-inclusivo-visibilizar-es-politizar","status":"publish","type":"post","link":"https:\/\/redsemlac.com\/semmexico\/lenguaje-inclusivo-visibilizar-es-politizar\/","title":{"rendered":"Lenguaje inclusivo: Visibilizar es politizar"},"content":{"rendered":"\n<p class=\"wp-block-paragraph\">\u00bfQu\u00e9 tiene que ver el lenguaje con un cambio social?<\/p>\n\n\n\n<h5 class=\"wp-block-heading\"> El lenguaje inclusivo no apunta al cambio gramatical sino que fija una postura pol\u00edtica.<\/h5>\n\n\n\n<p class=\"wp-block-paragraph\"><a href=\"https:\/\/semmexico.com\/gallery-post.php?id=6521#\">Norma Loto<\/a><\/p>\n\n\n\n<p class=\"wp-block-paragraph\">SemM\u00e9xico. Argentina. 30 de noviembre de 2018.- \u201cYutubero\u201d, \u201ctkm\u201d, \u201cwasap\u201d son solo algunos los nuevos t\u00e9rminos aceptados por la Real Academia Espa\u00f1ola en su primer manual para \u201cescritores digitales\u201d, presentado hace muy pocos d\u00edas. Y en l\u00ednea de su rancio conservadurismo rechaz\u00f3 el uso de todes, tod@s o todxs como forma de lenguaje inclusivo.<\/p>\n\n\n\n<p class=\"wp-block-paragraph\">Este tipo de pronunciamiento de la RAE por el lenguaje inclusivo no es nuevo, ya se sabe, y se suma a los dichos de su director, Dar\u00edo Villanueva: \u00abEl problema es confundir la gram\u00e1tica con el machismo\u00bb. Sin embargo, el foco es err\u00f3neo.&nbsp; Lo que la RAE no ve y lo que Villanueva ignora es que el lenguaje inclusivo no apunta al cambio gramatical sino que fija una postura pol\u00edtica.<\/p>\n\n\n\n<p class=\"wp-block-paragraph\">De tanto en tanto la RAE se pronuncia en contra de la utilizaci\u00f3n del lenguaje inclusivo y argumenta que no se debe perder la econom\u00eda de lenguaje, que no se puede ir contra la gram\u00e1tica, etc.&nbsp; Sin embargo, el espa\u00f1ol es una lengua viva y una de las caracter\u00edsticas de los signos ling\u00fc\u00edsticos es que con el paso del tiempo pueden alterarse y as\u00ed aprendimos sobre su inmutabilidad y mutabilidad.<\/p>\n\n\n\n<p class=\"wp-block-paragraph\">De todos modos, poco importa la postura de una instituci\u00f3n que camina muy atrasada frente a los cambios sociales, m\u00e1s bien lo que preocupa es el festejo revanchista de un sector de la sociedad que ven en lenguaje inclusivo una de las tantas \u201cconfusiones\u201d de la agenda feminista. \u201cPorque encima de cuestionar la maternidad, tambi\u00e9n se meten con el lenguaje\u201d, como escuch\u00e9 decir a un colega.<\/p>\n\n\n\n<p class=\"wp-block-paragraph\">Pero, \u00bfqu\u00e9 tiene que ver el lenguaje con un cambio social? La respuesta es de doble entrada ya que de acuerdo a la percepci\u00f3n que tenemos de la realidad podemos cambiar el lenguaje. Y, a la vez, con un lenguaje que represente a la totalidad de la humanidad y de manera igualitaria, se puede cambiar la percepci\u00f3n de la realidad.<\/p>\n\n\n\n<p class=\"wp-block-paragraph\">Por lo tanto, el lenguaje inclusivo apunta a un efecto social, es as\u00ed. No se puede desconocer este contexto hist\u00f3rico de la cuarta ola del feminismo donde el lenguaje inclusivo est\u00e1 tomando m\u00e1s fuerza a trav\u00e9s de la creaci\u00f3n de sentido en las redes sociales y en los medios tradicionales, que para bien o para mal lo colocaron en agenda (porque de la burla tambi\u00e9n sacamos frutos). La \u201ce\u201d del lenguaje inclusivo cobr\u00f3 sentido p\u00fablico en las trincheras de las calles argentinas donde millones de mujeres pedimos por la legalizaci\u00f3n del aborto. Tampoco se puede desconocer el protagonismo de la juventud y su creatividad para el uso de la \u201ce\u201d.<\/p>\n\n\n\n<p class=\"wp-block-paragraph\"><strong>A\u00fan en construcci\u00f3n<\/strong><\/p>\n\n\n\n<p class=\"wp-block-paragraph\">Hace casi 4 d\u00e9cadas que el feminismo hizo del lenguaje un terreno por el que hab\u00eda que batallar y se vali\u00f3 de mucha creatividad. Porque lo que no se nombra no existe y empezamos a nombrarnos con la \u201ca\u201d. Luego, algunas (no todas) disidencias sexuales buscaron en la \u201ce\u201d una representaci\u00f3n. Y la \u201ce\u201d tambi\u00e9n incluir\u00eda a las que \u00e9ramos nombradas con \u201ca\u201d y estar\u00edamos contempladas en: \u201ctodes\u201d. Pero, no fueron (y no son) pocas las feministas que se han pronunciado a favor de la \u00b4a\u00b4 para seguir nombrando a las mujeres. \u201cQue la \u00b4a\u00b4 que tanto cost\u00f3 conseguir y que a\u00fan no est\u00e1 del todo asimilada en los discursos no se pierda. \u201cQue la \u00b4e\u00b4 no se convierta en invisibilizadora de nosotras\u201d, dice a SemM\u00e9xico Carolina L. una docente inclusiva.<\/p>\n\n\n\n<p class=\"wp-block-paragraph\">Cristian Oscar Prieto es periodista con visi\u00f3n de g\u00e9nero y refiere a SemM\u00e9xico que \u201cning\u00fan tipo de lenguaje puede invisibilizar a nadie. Si la \u00b4a\u00b4 no me presenta, utilizo la \u00b4o\u00b4 o la \u00b4e\u00b4\u201d. Prieto alude tambi\u00e9n a la econom\u00eda del lenguaje y dice que \u201csi hablamos de generalidades es bueno utilizar la \u201ce\u201d. En cambio, en mi caso, cuando escribo aplico el asterisco y es preferible ese uso ante que la gran invisibilizaci\u00f3n que implica la \u00b4o\u00b4\u201d.<\/p>\n\n\n\n<p class=\"wp-block-paragraph\">El debate puede ir m\u00e1s lejos porque hay quienes observan que la \u201ce\u201d no es tan ingenua porque, por ejemplo: presidente o gerente no aplica para mujeres ni disidencias, solo vale para varones. Hay diferentes posturas y en medio del fragor por nuestros reclamos estamos a\u00fan deconstruyendo y construyendo pero sin dogmas.<\/p>\n\n\n\n<p class=\"wp-block-paragraph\"><strong>Caracter\u00edsticas del lenguaje inclusivo<\/strong><\/p>\n\n\n\n<p class=\"wp-block-paragraph\">El lenguaje siempre fue un terreno de disputa de poder y el lenguaje inclusivo traspasa la gram\u00e1tica y las normas aprendidas, porque:<\/p>\n\n\n\n<p class=\"wp-block-paragraph\">\u2022 implica empat\u00eda: es decir que tenemos la oportunidad de hacer sentir a otras personas que existen. Traspasa el binarismo, la heteronorma y busca que las palabras representen a la realidad completa.<\/p>\n\n\n\n<p class=\"wp-block-paragraph\">\u2022 implica una postura pol\u00edtica: porque nuestra lengua no es neutra ni ingenua porque sigue empe\u00f1ada en ser promotora de ginopia y co-constructora de un \u201corden\u201d injusto y caduco. Entonces, el lenguaje inclusivo es una cuesti\u00f3n pol\u00edtica porque denuncia y evidencia lo que se dio como normal.<\/p>\n\n\n\n<p class=\"wp-block-paragraph\">A la vez, que en lo personal me molesta cuando se refieren al lenguaje inclusivo como lo pol\u00edticamente correcto porque no lo es. Es que la \u201ccorrecci\u00f3n\u201d puede ser polic\u00edaca y encorsetada. En cambio, la propuesta de un cambio pol\u00edtico en el lenguaje es una disrupci\u00f3n a lo normativo, a lo que se asume como \u201ccorrecto\u201d.<\/p>\n\n\n\n<p class=\"wp-block-paragraph\">Hay que seguir subrayando que el feminismo no impone a nadie el uso del lenguaje inclusivo y la RAE tampoco puede decirnos como utilizar el habla. \u00bfPuede la RAE pedir que se consulte un diccionario antes de hablar?, \u00bfpuede la RAE censurar que una joven diga frente a una c\u00e1mara de TV en medio del fuego por el debate que se dio en Argentina por la legalizaci\u00f3n del aborto, que \u201ca les diputades indecises queremos demostrarles que nos va a pasar por al lado que sigan muriendo mujeres? No, no puede.<\/p>\n\n\n\n<p class=\"wp-block-paragraph\">El lenguaje inclusivo no es una cuesti\u00f3n gramatical, es una pr\u00e1ctica que la militamos para hacernos visibles. Y, visibilizar es politizar. En eso estamos, politizando.<\/p>\n\n\n\n<p class=\"wp-block-paragraph\">SEM\/nl<br><\/p>\n","protected":false},"excerpt":{"rendered":"<p>\u00bfQu\u00e9 tiene que ver el lenguaje con un cambio social? El lenguaje inclusivo no apunta al cambio gramatical sino que fija una postura pol\u00edtica. Norma Loto SemM\u00e9xico. Argentina. 30 de noviembre de 2018.- \u201cYutubero\u201d, \u201ctkm\u201d, \u201cwasap\u201d son solo algunos los nuevos t\u00e9rminos aceptados por la Real Academia Espa\u00f1ola en su primer manual para \u201cescritores digitales\u201d, [&hellip;]<\/p>\n","protected":false},"author":3,"featured_media":7388,"comment_status":"open","ping_status":"open","sticky":false,"template":"","format":"standard","meta":{"_monsterinsights_skip_tracking":false,"footnotes":""},"categories":[689,87],"tags":[],"class_list":["post-7399","post","type-post","status-publish","format-standard","has-post-thumbnail","category-689","category-norma-loto"],"_links":{"self":[{"href":"https:\/\/redsemlac.com\/semmexico\/wp-json\/wp\/v2\/posts\/7399","targetHints":{"allow":["GET"]}}],"collection":[{"href":"https:\/\/redsemlac.com\/semmexico\/wp-json\/wp\/v2\/posts"}],"about":[{"href":"https:\/\/redsemlac.com\/semmexico\/wp-json\/wp\/v2\/types\/post"}],"author":[{"embeddable":true,"href":"https:\/\/redsemlac.com\/semmexico\/wp-json\/wp\/v2\/users\/3"}],"replies":[{"embeddable":true,"href":"https:\/\/redsemlac.com\/semmexico\/wp-json\/wp\/v2\/comments?post=7399"}],"version-history":[{"count":0,"href":"https:\/\/redsemlac.com\/semmexico\/wp-json\/wp\/v2\/posts\/7399\/revisions"}],"wp:featuredmedia":[{"embeddable":true,"href":"https:\/\/redsemlac.com\/semmexico\/wp-json\/wp\/v2\/media\/7388"}],"wp:attachment":[{"href":"https:\/\/redsemlac.com\/semmexico\/wp-json\/wp\/v2\/media?parent=7399"}],"wp:term":[{"taxonomy":"category","embeddable":true,"href":"https:\/\/redsemlac.com\/semmexico\/wp-json\/wp\/v2\/categories?post=7399"},{"taxonomy":"post_tag","embeddable":true,"href":"https:\/\/redsemlac.com\/semmexico\/wp-json\/wp\/v2\/tags?post=7399"}],"curies":[{"name":"wp","href":"https:\/\/api.w.org\/{rel}","templated":true}]}}