{"id":73968,"date":"2023-11-13T14:18:05","date_gmt":"2023-11-13T20:18:05","guid":{"rendered":"https:\/\/redsemlac.com\/semmexico\/?p=73968"},"modified":"2023-11-13T14:18:06","modified_gmt":"2023-11-13T20:18:06","slug":"cuba-violencia-de-genero-y-maltrato-infantil-dos-epidemias-del-patriarcado","status":"publish","type":"post","link":"https:\/\/redsemlac.com\/semmexico\/cuba-violencia-de-genero-y-maltrato-infantil-dos-epidemias-del-patriarcado\/","title":{"rendered":"Cuba: Violencia de g\u00e9nero y maltrato infantil, dos epidemias del patriarcado"},"content":{"rendered":"\n<p class=\"wp-block-paragraph\"><strong>&nbsp;Lirians Gordillo*<\/strong><\/p>\n\n\n\n<p class=\"wp-block-paragraph\">SemM\u00e9xico\/Semlac, La Habana, Cuba, 13 de noviembre, 2023.- &nbsp;Abordar las violencias machistas y el maltrato infantil de manera integrada requiere de herramientas profesionales, proponen especialistas.<\/p>\n\n\n\n<p class=\"wp-block-paragraph\">\u00abDatos de la Organizaci\u00f3n Panamericana de la Salud a nivel mundial alertan que 1 de cada 2 ni\u00f1as y ni\u00f1os de entre 2 y 17 a\u00f1os sufre alg\u00fan tipo de violencia cada a\u00f1o\u00bb, alerta Mariela Castro Esp\u00edn, directora del Centro Nacional de Educaci\u00f3n Sexual (Cenesex).<br>La especialista dijo a la prensa que, \u00abseg\u00fan una revisi\u00f3n global, se estima que 58 por ciento de las ni\u00f1as y los ni\u00f1os en Am\u00e9rica Latina y 61 por ciento en Am\u00e9rica del Norte sufrieron abuso f\u00edsico, sexual o emocional en el \u00faltimo a\u00f1o\u00bb.<\/p>\n\n\n\n<p class=\"wp-block-paragraph\">La referencia a esta problem\u00e1tica global, que tambi\u00e9n afecta a Cuba, no es casual. Del 7 de noviembre al 11 de diciembre se realizar\u00e1n las Jornadas contra la Violencia de G\u00e9nero y por los Derechos Humanos que cada a\u00f1o organiza el Cenesex, junto a organizaciones e instituciones cubanas. En esta ocasi\u00f3n, las jornadas llaman la atenci\u00f3n sobre ni\u00f1os, ni\u00f1as y adolescentes expuestos a la violencia que sufren las mujeres de sus familias, incluidas sus madres.<\/p>\n\n\n\n<p class=\"wp-block-paragraph\">\u00abEstas situaciones no solo les afectan profundamente, sino que los convierten en destinatarios de esos malos tratos\u00bb, agreg\u00f3 Castro Esp\u00edn al presentar el programa de actividades el pasado 7 de noviembre, en conferencia de prensa efectuada en la sede de la instituci\u00f3n.<\/p>\n\n\n\n<p class=\"wp-block-paragraph\">La falta de sistematicidad en la publicaci\u00f3n de estad\u00edsticas nacionales sobre violencias machistas y maltrato infantil sigue siendo un reto para su enfrentamiento en Cuba. Sin embargo, algunos informes, activistas e investigaciones alertan sobre la existencia de este fen\u00f3meno en la naci\u00f3n caribe\u00f1a.<br>Por ejemplo,&nbsp;<a href=\"https:\/\/www.redsemlac-cuba.net\/redsemlac\/violencia\/las-ninas-principales-victimas-de-trata-segun-informe-del-2022\/\" target=\"_blank\" rel=\"noreferrer noopener\">el Informe sobre Prevenci\u00f3n y Enfrentamiento a la Trata de Personas y Protecci\u00f3n a las V\u00edctimas<\/a>, correspondiente a 2022 y publicado por el Ministerio de Relaciones Exteriores en agosto de este a\u00f1o, revel\u00f3 que las ni\u00f1as contin\u00faan siendo el principal blanco de la trata de personas en Cuba, una forma de maltrato sexual infantil, pero no la \u00fanica.<\/p>\n\n\n\n<p class=\"wp-block-paragraph\">Este mismo a\u00f1o, la revista&nbsp;<em>Sexolog\u00eda y Sociedad<\/em>&nbsp;public\u00f3 el art\u00edculo \u00ab<a href=\"https:\/\/revsexologiaysociedad.sld.cu\/index.php\/sexologiaysociedad\/article\/view\/785\/802\" target=\"_blank\" rel=\"noreferrer noopener\">Prevenci\u00f3n del abuso sexual y otras expresiones de maltrato infantil. Experiencias del Cenesex<\/a>\u00ab, en el cual se sistematiza el comportamiento del servicio de atenci\u00f3n al abuso sexual y otras formas de maltrato infantil en esa instituci\u00f3n, entre 2015 y 2022.<br>A falta de un registro nacional p\u00fablico, los estudios y an\u00e1lisis cient\u00edficos son vitales para ofrecer datos y pistas sobre el comportamiento de esta problem\u00e1tica en la sociedad cubana.<\/p>\n\n\n\n<p class=\"wp-block-paragraph\">En el estudio realizado por las especialistas del Cenesex, se revisaron las historias cl\u00ednicas (evaluaciones psicol\u00f3gicas, res\u00famenes y otros documentos aportados por los familiares de las v\u00edctimas) de 432 ni\u00f1os, ni\u00f1as y adolescentes atendidos en los servicios de esa instituci\u00f3n, en el per\u00edodo de an\u00e1lisis.<\/p>\n\n\n\n<p class=\"wp-block-paragraph\">\u00abEn todos estos a\u00f1os, hubo una mayor incidencia en el a\u00f1o 2018, cuando asistimos 68 casos, de ellos 40 correspondientes al sexo femenino y 28 al sexo masculino. Casi de igual forma se comporta el a\u00f1o 2022 con 67 casos, de ellos 34 correspondientes al sexo femenino y 33 correspondientes al sexo masculino\u00bb, describen las autoras Ana Mar\u00eda Cano L\u00f3pez, Carla Padr\u00f3n Su\u00e1rez, M\u00e9rida Cano Amador y Nadina Pe\u00f1alver D\u00edaz.<br>Las investigadoras refieren que, si bien hasta 2022 se hab\u00edan recibido m\u00e1s casos de abuso sexual lascivo, tambi\u00e9n llegaron denuncias relacionadas con maltrato infantil, maltrato f\u00edsico y psicol\u00f3gico, conflictos familiares y de crianza, entre otros.<br>En septiembre de este a\u00f1o,<a href=\"https:\/\/www.redsemlac-cuba.net\/redsemlac\/violencia\/informe-aboga-por-prevenir-la-violencia-machista-desde-edades-tempranas\/\" target=\"_blank\" rel=\"noreferrer noopener\">\u00a0las soci\u00f3logas cubanas Clotilde Proveyer Cervantes y Magela Romero Almod\u00f3var tambi\u00e9n aportaron reflexiones<\/a>\u00a0sobre el v\u00ednculo entre violencia de g\u00e9nero y maltrato infantil, en el informe\u00a0<a href=\"https:\/\/www.unicef.org\/cuba\/informes\/interrelaciones-entre-la-violencia-cuba\" target=\"_blank\" rel=\"noreferrer noopener\">Interrelaciones entre violencias<\/a>, realizado para Unicef.<\/p>\n\n\n\n<p class=\"wp-block-paragraph\">\u00abEst\u00e1 documentado a nivel internacional que la transmisi\u00f3n generacional de la violencia es frecuente en hogares donde la madre es v\u00edctima de la violencia de g\u00e9nero y a su vez se convierte en la figura que m\u00e1s violencia ejerce hacia hijos e hijas, aunque las estad\u00edsticas evidencian que los maltratos m\u00e1s cruentos los ejercen los padres\u00bb, describen las autoras.<\/p>\n\n\n\n<h2 class=\"wp-block-heading\"><strong>Una jornada que vincule las violencias, para hacerles frente<\/strong><\/h2>\n\n\n\n<p class=\"wp-block-paragraph\">Bajo la frase \u00abPor un mundo sin violencia de g\u00e9nero ni abuso sexual infantil\u00bb, las Jornadas contra la Violencia de G\u00e9nero y por los Derechos Humanos incluyen conferencias, talleres, cursos&nbsp;<em>online<\/em>&nbsp;y presenciales. El programa har\u00e1 \u00e9nfasis en el abuso sexual infantil, sus consecuencias para las infancias y la comunidad, adem\u00e1s de contribuir con recursos para hacerle frente.<\/p>\n\n\n\n<p class=\"wp-block-paragraph\">Cada a\u00f1o las actividades vinculan trabajo cient\u00edfico y activismo social. En esta ocasi\u00f3n, se pone el foco en la formaci\u00f3n de recursos humanos y el aporte de conocimientos cient\u00edficos a la especializaci\u00f3n profesional en estas problem\u00e1ticas.<\/p>\n\n\n\n<p class=\"wp-block-paragraph\">\u00abDesde las instituciones debemos estar muy alertas y atentas a las problem\u00e1ticas sociales, para aportar a la toma decisiones desde el conocimiento cient\u00edfico\u00bb, subray\u00f3 Castro Esp\u00edn.<br>Una de las propuestas de esta edici\u00f3n es un curso presencial y virtual (a trav\u00e9s de la plataforma&nbsp;<a href=\"https:\/\/educasex.cenesex.cu\/login\/index.php\" target=\"_blank\" rel=\"noreferrer noopener\"><strong>Educasex<\/strong><\/a>), titulado \u00abAtenci\u00f3n de ni\u00f1as, ni\u00f1os y adolescentes v\u00edctimas de abuso sexual\u00bb, que se impartir\u00e1 del 16 de noviembre al 21 de diciembre. Tambi\u00e9n se ofrecer\u00e1n herramientas en el curso \u00abEl maltrato infantil: la necesidad de alianzas institucionales\u00bb, que se impartir\u00e1 el 14 de noviembre, como parte del X Congreso Cubano de Psiquiatr\u00eda PSIQCUBA 2023.<\/p>\n\n\n\n<p class=\"wp-block-paragraph\">Los debates cient\u00edficos de la Jornada llegar\u00e1n a los servicios de atenci\u00f3n del Hospital Militar Dr. Carlos J. Finlay y Hospital Dr Antonio Luaces Iraola, en las provincias La Habana y Ciego de \u00c1vila, respectivamente.<\/p>\n\n\n\n<p class=\"wp-block-paragraph\">Para cerrar la jornada, se realizar\u00e1 el VI Seminario Internacional Di\u00e1logos en torno a los derechos humanos, en la capital cubana, del 6 al 8 de diciembre pr\u00f3ximo.<br>Se espera que estos espacios contribuyan a socializar los avances en materia de investigaci\u00f3n y dise\u00f1o del protocolo de atenci\u00f3n al abuso sexual infantil en Cuba, adem\u00e1s de brindar informaci\u00f3n a padres, madres y actores sociales para una respuesta m\u00e1s efectiva a las violencias de g\u00e9nero y sus consecuencias en ni\u00f1os y ni\u00f1as.<\/p>\n\n\n\n<p class=\"wp-block-paragraph\">Compartir recursos profesionales resulta clave en esta apuesta, afirm\u00f3 la doctora Ada Caridad Alfonso, al frente del comit\u00e9 organizador de la Jornada. De acuerdo con la experta, las principales fisuras y dificultades en la atenci\u00f3n se relacionan con problemas de preparaci\u00f3n que a\u00fan persisten en los servicios de la polic\u00eda y la fiscal\u00eda cubanas.<\/p>\n\n\n\n<p class=\"wp-block-paragraph\">Para Alfonso, siguen siendo desaf\u00edos entender la relaci\u00f3n que existe entre las violencias machista y el maltrato infantil; no verlos como problemas aislados, sino como fen\u00f3menos relacionados, y comprender la importancia de la denuncia.<\/p>\n\n\n\n<p class=\"wp-block-paragraph\">\u00abA\u00fan existen dificultades entre profesionales que atienden a las personas v\u00edctimas de violencia de g\u00e9nero; no siempre se comprende la importancia de darle curso a la denuncia de estos casos, pese a que nuestra legislaci\u00f3n es clara al respecto\u00bb, concluy\u00f3 la experta.<\/p>\n\n\n\n<p class=\"wp-block-paragraph\"><em>*<\/em><a href=\"mailto:liriansgp@gmail.com\" target=\"_blank\" rel=\"noreferrer noopener\"><em>liriansgp@gmail.com<\/em><\/a><\/p>\n","protected":false},"excerpt":{"rendered":"<p>Abordar las violencias machistas y el maltrato infantil de manera integrada requiere de herramientas profesionales, proponen especialistas.<\/p>\n","protected":false},"author":3,"featured_media":73969,"comment_status":"open","ping_status":"open","sticky":false,"template":"","format":"standard","meta":{"_monsterinsights_skip_tracking":false,"footnotes":""},"categories":[53],"tags":[149,142],"class_list":["post-73968","post","type-post","status-publish","format-standard","has-post-thumbnail","category-internacional","tag-mujeres","tag-violencia"],"_links":{"self":[{"href":"https:\/\/redsemlac.com\/semmexico\/wp-json\/wp\/v2\/posts\/73968","targetHints":{"allow":["GET"]}}],"collection":[{"href":"https:\/\/redsemlac.com\/semmexico\/wp-json\/wp\/v2\/posts"}],"about":[{"href":"https:\/\/redsemlac.com\/semmexico\/wp-json\/wp\/v2\/types\/post"}],"author":[{"embeddable":true,"href":"https:\/\/redsemlac.com\/semmexico\/wp-json\/wp\/v2\/users\/3"}],"replies":[{"embeddable":true,"href":"https:\/\/redsemlac.com\/semmexico\/wp-json\/wp\/v2\/comments?post=73968"}],"version-history":[{"count":0,"href":"https:\/\/redsemlac.com\/semmexico\/wp-json\/wp\/v2\/posts\/73968\/revisions"}],"wp:featuredmedia":[{"embeddable":true,"href":"https:\/\/redsemlac.com\/semmexico\/wp-json\/wp\/v2\/media\/73969"}],"wp:attachment":[{"href":"https:\/\/redsemlac.com\/semmexico\/wp-json\/wp\/v2\/media?parent=73968"}],"wp:term":[{"taxonomy":"category","embeddable":true,"href":"https:\/\/redsemlac.com\/semmexico\/wp-json\/wp\/v2\/categories?post=73968"},{"taxonomy":"post_tag","embeddable":true,"href":"https:\/\/redsemlac.com\/semmexico\/wp-json\/wp\/v2\/tags?post=73968"}],"curies":[{"name":"wp","href":"https:\/\/api.w.org\/{rel}","templated":true}]}}