{"id":7396,"date":"2018-07-16T01:59:31","date_gmt":"2018-07-16T01:59:31","guid":{"rendered":"https:\/\/redsemlac.com\/semmexico\/?p=7396"},"modified":"2023-07-21T14:32:18","modified_gmt":"2023-07-21T19:32:18","slug":"que-andres-recorta-poder-a-las-oficinas-de-prensa","status":"publish","type":"post","link":"https:\/\/redsemlac.com\/semmexico\/que-andres-recorta-poder-a-las-oficinas-de-prensa\/","title":{"rendered":"\u00bfQu\u00e9 Andr\u00e9s recorta poder a las oficinas de prensa?"},"content":{"rendered":"\n<h4 class=\"wp-block-heading\">\u00a1Uutah, se viene dura la cosa para los medios!<\/h4>\n\n\n\n<h5 class=\"wp-block-heading\"> No hay indicios todav\u00eda de c\u00f3mo calculan coordinar toda la informaci\u00f3n de la presidencia, el gabinete, el gabinete ampliado y otras dependencias sin las actuales direcciones de comunicaci\u00f3n social.<\/h5>\n\n\n\n<p class=\"wp-block-paragraph\"><a href=\"https:\/\/semmexico.com\/gallery-post.php?id=5316#\">Rogelio Hern\u00e1ndez<\/a><\/p>\n\n\n\n<p class=\"wp-block-paragraph\">SemM\u00e9xico. Cd. de M\u00e9xico. 16 de julio de 2018.- S\u00ed levant\u00f3 \u00e1mpula entre periodistas eso que extern\u00f3 Andr\u00e9s Manuel el 11 de julio, casi al final de la presentaci\u00f3n de la agenda legislativa con la que iniciar\u00e1 su sexenio.&nbsp;<\/p>\n\n\n\n<p class=\"wp-block-paragraph\">Andr\u00e9s dijo que \u201c<em>la comunicaci\u00f3n gubernamental se concentrar\u00e1 en una sola direcci\u00f3n y se eliminar\u00e1n las direcciones de prensa de las secretar\u00edas, organismos descentralizados y delegaciones de dependencias federales en estados<\/em>.\u201d<\/p>\n\n\n\n<p class=\"wp-block-paragraph\">Minutos despu\u00e9s, sus frases se endosaron con preguntas impregnadas de recelo. La inquietud se extendi\u00f3 a redes sociales. Los comentarios atizaron especulaciones. Todav\u00eda es mucha la suspicacia que le atribuye tentaciones de caudillo autoritario.<\/p>\n\n\n\n<p class=\"wp-block-paragraph\">&#8211;\u00a1Uutah, se viene dura la cosa para los medios! \u00bfT\u00fa qu\u00e9 observas, qu\u00e9 opinas?&#8211; me lleg\u00f3 de ribete esa \u00e1mpula de los corrillos period\u00edsticos.<\/p>\n\n\n\n<p class=\"wp-block-paragraph\">\u2013 Creo que debemos esperar m\u00e1s datos antes que acu\u00f1ar conclusiones&#8211; respond\u00ed, por inercia. Algunos calculamos que el modelo actual de comunicaci\u00f3n pol\u00edtica del Ejecutivo Federal se trastocar\u00e1 severamente y extender\u00e1 su efecto colisi\u00f3n a los estados. Pero faltan precisiones de lo que ser\u00e1 el modelo nuevo y quienes lo operar\u00e1n.<\/p>\n\n\n\n<p class=\"wp-block-paragraph\">Al d\u00eda siguiente llegaron m\u00e1s datos con la divulgaci\u00f3n de los 50&nbsp;<em>Lineamientos de austeridad<\/em>:<\/p>\n\n\n\n<p class=\"wp-block-paragraph\"><em>\u201c20. Todos los programas y estructuras duplicados, oficinas mayores, oficinas de prensa, las funciones o programas correspondientes se centralizar\u00e1n en una sola unidad o coordinaci\u00f3n. No van a tener los secretarios oficinas para prensa, es una sola.<\/em>\u201d<\/p>\n\n\n\n<p class=\"wp-block-paragraph\"><em>\u201c29. Se reducir\u00e1 en 50 por ciento el gasto en publicidad del Gobierno\u201d<\/em>.<\/p>\n\n\n\n<p class=\"wp-block-paragraph\">A esas definiciones les falta precisi\u00f3n, aun son muy pocas para disolver las especulaciones. La f\u00f3rmula, y eso lo sabemos los reporteros es buscar m\u00e1s informaci\u00f3n y\/o con quien la tenga de primera mano para confirmar.<\/p>\n\n\n\n<p class=\"wp-block-paragraph\"><strong>No afectar\u00e1 usufructo de radio y TV<\/strong><\/p>\n\n\n\n<p class=\"wp-block-paragraph\">Algunos datos los aport\u00f3 Andr\u00e9s Manuel L\u00f3pez Obrador, ya como aspirante ganador, frente a la C\u00e1mara de la Industria de la Radio y Televisi\u00f3n (CIRT):&nbsp;<em>\u201cno se cancelar\u00e1 ninguna concesi\u00f3n en radio y en televisi\u00f3n, ni habr\u00e1 expropiaciones, ni confiscaciones\u2026 No vamos a actuar de manera arbitraria, autoritaria, vamos siempre a proceder de manera legal para que no haya malos entendidos<\/em>\u201d.&nbsp;<\/p>\n\n\n\n<p class=\"wp-block-paragraph\">El comunicado que reproduce su sitio web asienta que:&nbsp;<em>\u201cEn lo que tiene que ver pol\u00edtico electoral, para hacer la democracia lo m\u00e1s importante es que no predomine el dinero, y dejar como est\u00e1n lo del tiempo de los spots electorales\u2026. se debe de emplear bien los tiempos oficiales, que no todo sea pol\u00edtica ni avalar el gobierno, no necesitar\u00e1 de propaganda y se informar\u00e1 lo que es necesario.\u201d<\/em><\/p>\n\n\n\n<p class=\"wp-block-paragraph\"><strong>C\u00e9sar y Virgilio<\/strong><\/p>\n\n\n\n<p class=\"wp-block-paragraph\">Otros datos sobre el tema los tienen seguramente dos personajes cercanos a L\u00f3pez Obrador. C\u00e9sar Y\u00e1\u00f1ez y Virgilio Caballero. Con ellos debe buscarse confirmaci\u00f3n y m\u00e1s referencias.<\/p>\n\n\n\n<p class=\"wp-block-paragraph\">El m\u00e1s id\u00f3neo para responder es C\u00e9sar Y\u00e1\u00f1ez, el colimense, egresado de comunicaci\u00f3n de la UAM, qui\u00e9n desde 1977 se le mira como cuidando la espalda de L\u00f3pez Obrador, el mismo que ahora sabemos se har\u00e1 cargo de la comunicaci\u00f3n social de la Presidencia de la Rep\u00fablica; pero en los primeros tres intentos no pude enlazarme con \u00e9l v\u00eda telef\u00f3nica.<\/p>\n\n\n\n<p class=\"wp-block-paragraph\">El siguiente que puede despejar dudas y quiz\u00e1 hasta adelantar algo de lo que planea el equipo operativo del candidato ganador es el diputado federal, Virgilio Caballero porque entre todos los morenistas de hueso marr\u00f3n es parte de los c\u00edrculos m\u00e1s cercanos y entre estos el m\u00e1s experimentado en el tema de medios, de comunicaci\u00f3n pol\u00edtica y de periodismo. Pero, igual no se pudo hacer contacto telef\u00f3nico y no respondi\u00f3 a sus correos electr\u00f3nicos el fin de semana.<\/p>\n\n\n\n<p class=\"wp-block-paragraph\">De todos modos Virgilio,&nbsp;&nbsp;es quien tiene m\u00e1s discursos relacionados y recientes. De estos se pueden observar ciertas pautas que, a mi juicio, se tomaron para elaborar las pol\u00edticas p\u00fablicas e iniciativas que&nbsp;&nbsp;est\u00e1n fraguadas o madurando para la administraci\u00f3n que viene en el Ejecutivo Federal, tales como:&nbsp;<\/p>\n\n\n\n<p class=\"wp-block-paragraph\">Una ley general de comunicaci\u00f3n social distinta, e instaurar con ella un consejo civil de 15 ciudadanos que fiscalice aplicaci\u00f3n de la ley y los l\u00edmites al gasto p\u00fablico, reformar la ley federal del trabajo y crear una fiscal\u00eda especial para proteger derechos laborales de los periodistas. Todas ellas empatar\u00edan con las generalidades que extern\u00f3 L\u00f3pez Obrador.<\/p>\n\n\n\n<p class=\"wp-block-paragraph\">En el encuentro con empresarios de radio y televisi\u00f3n Andr\u00e9s manifest\u00f3 apoyo a los periodistas,&nbsp;<em>\u201cque no haya acoso, que no haya represi\u00f3n, que no se atente contra la vida de los informadores\u2026vamos a cuidarlos, a protegerlos\u201d.<\/em><\/p>\n\n\n\n<p class=\"wp-block-paragraph\">Y al presentar la agenda legislativa dijo que considerar\u00eda promover la mejora de las condiciones salariales de los periodistas,&nbsp;<em>\u201cnada m\u00e1s que no lo vayan a decir, (\u2026) vamos a hablar sobre este tema pero en otra ocasi\u00f3n, hay que organizarnos todos los que trabajan en sus medios de informaci\u00f3n, los vamos a organizar\u201d.<\/em><\/p>\n\n\n\n<p class=\"wp-block-paragraph\">Virgilio, ha dicho m\u00e1s de lo que prepara Morena:<\/p>\n\n\n\n<p class=\"wp-block-paragraph\">\u2013 Promover una nueva ley o reformar la General de Comunicaci\u00f3n Social, dos veces impugnada en la Suprema Corte de Justicia de la Naci\u00f3n por inconstitucional. Virgilio, cuando anunci\u00f3 el voto de Morena en contra, el 10 de abril, asegur\u00f3 que su movimiento si est\u00e1 por:<\/p>\n\n\n\n<p class=\"wp-block-paragraph\">\u201cla regulaci\u00f3n de la publicidad oficial (pero \u00e9sta) debe proteger y garantizar el derecho a la informaci\u00f3n y el ejercicio de la libertad de expresi\u00f3n, evitar expl\u00edcitamente la censura previa, directa y por medios indirectos, de conformidad con nuestra Constituci\u00f3n y con los tratados internacionales en la materia\u201d.<\/p>\n\n\n\n<p class=\"wp-block-paragraph\">\u201cNuestra propuesta \u2013a\u00f1adi\u00f3 en tribuna el 10 de abril&#8211; considera que es imperativo establecer los principios de la comunicaci\u00f3n social y la publicidad oficial, las directrices de los contenidos que verdaderamente sean de inter\u00e9s p\u00fablico, as\u00ed como prohibiciones expl\u00edcitas a la promoci\u00f3n personalizada.<\/p>\n\n\n\n<p class=\"wp-block-paragraph\">\u201cEs igualmente necesario colocar topes presupuestarios, prohibir la modificaci\u00f3n del gasto y establecer l\u00edmites a los porcentajes de asignaci\u00f3n a cada medio o agencia de comunicaci\u00f3n con el fin de garantizar la pluralidad y la diversidad de medios de comunicaci\u00f3n\u201d.<\/p>\n\n\n\n<p class=\"wp-block-paragraph\">\u201cNos oponemos a que sea la Secretar\u00eda de Gobernaci\u00f3n la encargada de expedir y evaluar la normatividad de la comunicaci\u00f3n social\u201d.<\/p>\n\n\n\n<p class=\"wp-block-paragraph\">\u201cProponemos la creaci\u00f3n del consejo para la evaluaci\u00f3n y seguimiento de la publicidad oficial con autonom\u00eda t\u00e9cnica y de gesti\u00f3n que se conformar\u00e1 por 15 personas de prestigio profesional en el campo de los medios de comunicaci\u00f3n y radios comunitarias. Este consejo fungir\u00eda como un mecanismo de vigilancia social y como un verdadero contrapeso a los entes p\u00fablicos\u201d.<\/p>\n\n\n\n<p class=\"wp-block-paragraph\">\u201cEsta ley debe establecer directrices y l\u00edmites de los sujetos obligados en materia de campa\u00f1as publicitarias durante las campa\u00f1as electorales\u201d.&nbsp;<\/p>\n\n\n\n<p class=\"wp-block-paragraph\">Con todo esto, no hay indicios todav\u00eda de c\u00f3mo calculan coordinar toda la informaci\u00f3n de la presidencia, el gabinete, el gabinete ampliado y otras dependencias sin las actuales direcciones de comunicaci\u00f3n social (no se dijo que no habr\u00eda unidades operativas en cada lugar).<\/p>\n\n\n\n<p class=\"wp-block-paragraph\">La coordinaci\u00f3n (o una sola oficina responsable) ha sido una intenci\u00f3n contante en los gobiernos federales recientes pero han tenido que desistir ante la presi\u00f3n de los medios y reporteros que buscan informar de la cosa p\u00fablica y de las necesidades de que todas las \u00e1reas informen profesionalmente en las campa\u00f1as preventivas.&nbsp;<\/p>\n\n\n\n<p class=\"wp-block-paragraph\">Frente a todo esto sigo recomendando a mis colegas preocupados que esperemos m\u00e1s se\u00f1ales. Mientras les ofrezco estas referencias que son p\u00fablicas.<\/p>\n","protected":false},"excerpt":{"rendered":"<p>\u00a1Uutah, se viene dura la cosa para los medios! No hay indicios todav\u00eda de c\u00f3mo calculan coordinar toda la informaci\u00f3n de la presidencia, el gabinete, el gabinete ampliado y otras dependencias sin las actuales direcciones de comunicaci\u00f3n social. Rogelio Hern\u00e1ndez SemM\u00e9xico. Cd. de M\u00e9xico. 16 de julio de 2018.- S\u00ed levant\u00f3 \u00e1mpula entre periodistas eso [&hellip;]<\/p>\n","protected":false},"author":3,"featured_media":7234,"comment_status":"open","ping_status":"open","sticky":false,"template":"","format":"standard","meta":{"_monsterinsights_skip_tracking":false,"footnotes":""},"categories":[689,85],"tags":[],"class_list":["post-7396","post","type-post","status-publish","format-standard","has-post-thumbnail","category-689","category-rogelio-hernandez-lopez"],"_links":{"self":[{"href":"https:\/\/redsemlac.com\/semmexico\/wp-json\/wp\/v2\/posts\/7396","targetHints":{"allow":["GET"]}}],"collection":[{"href":"https:\/\/redsemlac.com\/semmexico\/wp-json\/wp\/v2\/posts"}],"about":[{"href":"https:\/\/redsemlac.com\/semmexico\/wp-json\/wp\/v2\/types\/post"}],"author":[{"embeddable":true,"href":"https:\/\/redsemlac.com\/semmexico\/wp-json\/wp\/v2\/users\/3"}],"replies":[{"embeddable":true,"href":"https:\/\/redsemlac.com\/semmexico\/wp-json\/wp\/v2\/comments?post=7396"}],"version-history":[{"count":0,"href":"https:\/\/redsemlac.com\/semmexico\/wp-json\/wp\/v2\/posts\/7396\/revisions"}],"wp:featuredmedia":[{"embeddable":true,"href":"https:\/\/redsemlac.com\/semmexico\/wp-json\/wp\/v2\/media\/7234"}],"wp:attachment":[{"href":"https:\/\/redsemlac.com\/semmexico\/wp-json\/wp\/v2\/media?parent=7396"}],"wp:term":[{"taxonomy":"category","embeddable":true,"href":"https:\/\/redsemlac.com\/semmexico\/wp-json\/wp\/v2\/categories?post=7396"},{"taxonomy":"post_tag","embeddable":true,"href":"https:\/\/redsemlac.com\/semmexico\/wp-json\/wp\/v2\/tags?post=7396"}],"curies":[{"name":"wp","href":"https:\/\/api.w.org\/{rel}","templated":true}]}}