{"id":73907,"date":"2023-11-12T19:28:18","date_gmt":"2023-11-13T01:28:18","guid":{"rendered":"https:\/\/redsemlac.com\/semmexico\/?p=73907"},"modified":"2023-11-12T19:29:57","modified_gmt":"2023-11-13T01:29:57","slug":"mas-protestas-para-exigir-alto-al-fuego-en-gaza-en-mexico-y-el-planeta","status":"publish","type":"post","link":"https:\/\/redsemlac.com\/semmexico\/mas-protestas-para-exigir-alto-al-fuego-en-gaza-en-mexico-y-el-planeta\/","title":{"rendered":"M\u00e1s protestas para exigir alto al fuego en Gaza en M\u00e9xico y el planeta"},"content":{"rendered":"\n<p class=\"wp-block-paragraph\">Llaman a la canciller Alicia B\u00e1rcena a retirar al embajador mexicano en Israel<\/p>\n\n\n\n<p class=\"wp-block-paragraph\">Por SemM\u00e9xico<br>SemM\u00e9xico, Ciudad de M\u00e9xico 12 de noviembre, 2023.- Este fin de semana continuaron alrededor del planeta las marchas exigiendo alto al genocidio y cese al fuego en Gaza. Hoy domingo, activistas contra la guerra salieron nuevamente a marchar en Ciudad de M\u00e9xico y Monterrey.<br>Retirar a embajador mexicano de Tel Aviv capital de Israel fue la principal demanda en la movilizaci\u00f3n de 50 colectivos por Palestina, como se acord\u00f3 ayer en la asamblea con sede en el Sindicato Mexicano de Electricistas (SME).<br>\u00a1No es guerra, es genocidio! y \u00a1Cese al fuego ahora!, fueron consignas cantadas por las y los manifestantes, incluyendo musulmanes que tambi\u00e9n acudieron a la concentraci\u00f3n este domingo ante la embajada de Estados Unidos, acto a la par del mitin que se realiz\u00f3 en la Macroplaza de Monterrey.<br>Adicionalmente, frente a continuos bombardeos con f\u00f3sforo blanco en hospitales y otros centros de Gaza, activistas nacionales estadounidenses y canadienses, exigieron un inmediato cese el fuego al gobierno de Israel.<br>Edith Olivares Ferreto, directora de Amnist\u00eda Internacional en M\u00e9xico, demand\u00f3 a la canciller Alicia B\u00e1rcena Ibarra a pronunciarse sobre los bombardeos indiscriminados, realizados en varios hospitales y otros sitios de Gaza con f\u00f3sforo blanco, munici\u00f3n prohibida por la Convenci\u00f3n de Ginebra para situaci\u00f3n de guerra.<br>Record\u00f3 que este jueves 9 de noviembre ingres\u00f3 a la Corte Penal de Justicia de La Haya Holanda, la denuncia penal contra el estado de Israel por genocidio, presentada por abogados franceses y Argelia.<br>La Organizaci\u00f3n Mundial de la Salud (OMS) reporta que 4,969 mujeres murieron en Gaza y 9,359 fueron heridas en el \u00faltimos mes, a lo que se suman m\u00e1s de 5 mil partos al d\u00eda, donde nacieron 130 infantes prematuros en el norte cuya vida depende de la electricidad para mantenerse en incubadoras.<br>Tal y como inform\u00f3 SemM\u00e9xico, en el m\u00e1s reciente Reporte de la Situaci\u00f3n de la Emergencia de los Territorios Palestinos Ocupados (OPT), publicado el viernes 10 de noviembre, la OMS indica que del 7 de octubre al 10 de noviembre, al menos 11,078 personas murieron en Gaza: 45% mujeres (4,969) y 55% hombres (6,109). Del total, 41% eran ni\u00f1os o ni\u00f1as (4,506).<br>Indican falta de insumos para atender a 52 mil mujeres embarazadas y \u201c350 mil pacientes con enfermedades no transmisibles (diabetes, enfermedades card\u00edacas, c\u00e1ncer y otras). Esto incluye 1,100 pacientes que necesitan di\u00e1lisis renal y 71 mil pacientes con diabetes.\u201d<br>Desde el recrudecimiento del conflicto a inicios de octubre del 2023, millones han pedido fin al genocidio por lo menos en una treintena de grandes ciudades que incluyen CDMX, Monterrey, Bogot\u00e1, Buenos Aires, Medell\u00edn, Santiago, Rio de Janeiro y Quito en Am\u00e9rica Latina, as\u00ed como en la capital estadounidense Washington y Nueva York.<br>En Europa, los medios han dado cobertura a las exigencias de fin a la guerra en Londres y otras ciudades de Alemania, Francia, Italia y Rumania. En otros continentes se han alzado voces en Bagdad, Kuala Lumpur y en ciudades de Sud\u00e1frica, entre otras.<\/p>\n\n\n\n<p class=\"wp-block-paragraph\"><\/p>\n","protected":false},"excerpt":{"rendered":"<p>Llaman a la canciller Alicia B\u00e1rcena a retirar al embajador mexicano en Israel<\/p>\n","protected":false},"author":3,"featured_media":73909,"comment_status":"open","ping_status":"open","sticky":false,"template":"","format":"standard","meta":{"_monsterinsights_skip_tracking":false,"footnotes":""},"categories":[682],"tags":[],"class_list":["post-73907","post","type-post","status-publish","format-standard","has-post-thumbnail","category-noticias"],"_links":{"self":[{"href":"https:\/\/redsemlac.com\/semmexico\/wp-json\/wp\/v2\/posts\/73907","targetHints":{"allow":["GET"]}}],"collection":[{"href":"https:\/\/redsemlac.com\/semmexico\/wp-json\/wp\/v2\/posts"}],"about":[{"href":"https:\/\/redsemlac.com\/semmexico\/wp-json\/wp\/v2\/types\/post"}],"author":[{"embeddable":true,"href":"https:\/\/redsemlac.com\/semmexico\/wp-json\/wp\/v2\/users\/3"}],"replies":[{"embeddable":true,"href":"https:\/\/redsemlac.com\/semmexico\/wp-json\/wp\/v2\/comments?post=73907"}],"version-history":[{"count":0,"href":"https:\/\/redsemlac.com\/semmexico\/wp-json\/wp\/v2\/posts\/73907\/revisions"}],"wp:featuredmedia":[{"embeddable":true,"href":"https:\/\/redsemlac.com\/semmexico\/wp-json\/wp\/v2\/media\/73909"}],"wp:attachment":[{"href":"https:\/\/redsemlac.com\/semmexico\/wp-json\/wp\/v2\/media?parent=73907"}],"wp:term":[{"taxonomy":"category","embeddable":true,"href":"https:\/\/redsemlac.com\/semmexico\/wp-json\/wp\/v2\/categories?post=73907"},{"taxonomy":"post_tag","embeddable":true,"href":"https:\/\/redsemlac.com\/semmexico\/wp-json\/wp\/v2\/tags?post=73907"}],"curies":[{"name":"wp","href":"https:\/\/api.w.org\/{rel}","templated":true}]}}