{"id":73842,"date":"2023-11-11T14:02:43","date_gmt":"2023-11-11T20:02:43","guid":{"rendered":"https:\/\/redsemlac.com\/semmexico\/?p=73842"},"modified":"2023-11-11T14:04:53","modified_gmt":"2023-11-11T20:04:53","slug":"el-vih-no-debe-ser-una-condena-de-muerte-exigimos-justicia-basta-de-muertes-evitables","status":"publish","type":"post","link":"https:\/\/redsemlac.com\/semmexico\/el-vih-no-debe-ser-una-condena-de-muerte-exigimos-justicia-basta-de-muertes-evitables\/","title":{"rendered":"El VIH no debe ser una condena de muerte \u00a1Exigimos justicia! \u00a1Basta de muertes evitables!"},"content":{"rendered":"\n<p class=\"wp-block-paragraph\">SemM\u00e9xico, San Crist\u00f3bal de Las Casas, Chiapas, 11 de noviembre, 2023.- La organizaci\u00f3n Joy Joy exigi\u00f3 a las autoridades de Salud una investigaci\u00f3n exhaustiva sobre la muerte de un hombre de 36 a\u00f1os, de origen Tzeltal, con VIH, a quien no se atendi\u00f3 a tiempo y muri\u00f3 hace unos d\u00edas.<br>Adem\u00e1s este grupo que quiere se sepa lo que realmente pas\u00f3 con Juan, responsabiliz\u00f3 al programa de VIH del estado de Chiapas y al Distrito de Salud N\u00b0 II por la falta de atenci\u00f3n inmediata correspondiente.<br>Joy Joy, una organizaci\u00f3n que busca garantizar una vida digna para ni\u00f1os, ni\u00f1as, adolescentes y mujeres embarazadas de pueblos originarios que viven con VIH en Chiapas, expres\u00f3, por tanto, su profundo pesar por la muerte de Juan.<br>Al contar la historia, Joy Joy sostiene que Juan muri\u00f3 debido a la negligencia m\u00e9dica de las instancias de salud en Chiapas y proclaman que el VIH no debe ser una sentencia de muerte.<br>El 19 de octubre, Joy Joy llev\u00f3 a cabo una jornada de tamizaje en una comunidad, en la regi\u00f3n Altos, en la que detect\u00f3 a Juan, de 36 a\u00f1os y origen Tzeltal, con una prueba reactiva a VIH.<br>En seguimiento al protocolo, se realizaron pruebas adicionales y se canaliz\u00f3 al paciente al Distrito de Salud N\u00b0 II de San Crist\u00f3bal de Las Casas para una prueba confirmatoria de laboratorio.<br>Joy Joy facilit\u00f3 toda la informaci\u00f3n para el seguimiento del caso, pero lamentablemente, a pesar de nuestra detecci\u00f3n oportuna, la respuesta de la Coordinadora de VIH, ITS y Hepatitis C del Distrito II, L.E. Matilde G\u00f3mez Cruz, fue que la atenci\u00f3n deb\u00eda esperar debido a que hab\u00eda tomado d\u00edas de vacaciones.<br>El paciente no fue citado hasta 16 d\u00edas despu\u00e9s, cuando en realidad tuvo que ser ingresado v\u00eda Urgencias debido a la gravedad de su estado. A pesar de los esfuerzos constantes de Joy Joy para que el paciente obtuviera atenci\u00f3n inmediata, \u00e9sta no le fue proporcionada, conden\u00e1ndole a la muerte.<\/p>\n\n\n\n<p class=\"wp-block-paragraph\">La causa de muerte de Juan no fue el VIH, sino la ineficiencia y negligencia de las autoridades para proporcionar la atenci\u00f3n necesaria.<br \/>Joy Joy demanda a las autoridades pertinentes a tomar medidas inmediatas y responsabilizar a los encargados del programa de VIH en San Crist\u00f3bal de Las Casas: Servicios de Atenci\u00f3n Integral Hospitalaria (SAIH), dirigida por el Dr. Rafael Zald\u00edvar, y a la coordinadora de VIH, ITS y Hepatitis C, L.E. Matilde G\u00f3mez Cruz, por la tr\u00e1gica p\u00e9rdida de Juan.<br \/>Declaran<br \/>\u201cHacemos un llamado a las organizaciones de la sociedad civil y activistas en defensa de los derechos humanos y la respuesta al VIH a unirse a estas exigencias. Desde Joy Joy, respaldamos a la familia de Juan y afirmamos que las vidas de todas las personas tienen el mismo valor. Las personas de pueblos originarios viviendo con VIH contin\u00faan siendo invisibilizadas y abandonadas por las instituciones que deber\u00edan velar por la salud de todas las personas. Exigimos justicia y un cambio sustantivo en la atenci\u00f3n de quienes viven con VIH en M\u00e9xico.\u201d<\/p>\n\n\n\n<p class=\"wp-block-paragraph\">Firma de organizaciones de la sociedad civil<br \/>Amamantemos Libres, Campa\u00f1a Nacional a favor de la Lactancia Humana,CAMATI\u201dMujeres construyendo desde Abajo A.C.,Espacio Libre Independiente<br \/>Marabunta A.C.<br \/>Mujeres Al Tim\u00f3n, A.C.<br \/>Fundaci\u00f3n Enlace A.C.<br \/>Voces Mesoamericanas, Acci\u00f3n con Pueblos Migrantes, AC<br \/>Movimiento de Parteras de Chiapas Nich Ixim<br \/>Inspira Cambio, A.C.<br \/>Regeneraci\u00f3n Social Consciente, A.C.<br \/>Ixim A.C.<br \/>Centro de Investigaciones en Salud de Comit\u00e1n<br \/>Melel Xojobal A.C.<br \/>VIHve Libre<br \/>Sakil Nichim Antsetik AC.<br \/>Asesor\u00eda, Capacitaci\u00f3n y Asistencia en Salud A.C.<br \/>Manos Activas por Chiapas A.C.<\/p>\n\n\n\n<p class=\"wp-block-paragraph\">Firmas a t\u00edtulo personal<br \/>Ala\u00edn Pinz\u00f3n- Director General de VIHve Libre<br \/>Patricia Botero-G\u00f3mez, Profesora y Escribana del Centro de estudios independientes Color tierra en Colaboraci\u00f3n con la Universidad de la Tierra Caldas y Suroccidente Colombiano<br \/>Tania Huerta Moreno -Activista de DDHH<br \/>Dyadha Herrera Morga<br \/>Paula Santoyo Rosas<br \/>Pamela Machado<br \/>AnanCarmen Yinadith P\u00e9rez Trinidad<br \/>Blanca Estela Mondrag\u00f3n Basurto<br \/>Yadira Vela Caballero<br \/>Mar\u00eda Fernanda N\u00fa\u00f1ez Heather<br \/>Deyanira Cl\u00e9riga Morales<br \/>Diana Bernal L\u00f3pez<br \/>Alejandra Basurto Garcia<br \/>Andrea Bonifaz Bola\u00f1os<br \/>Hilda Pe\u00f1aloza Andaluz<br \/>Nazario Rubisel Parada Urbina<br \/>Pedro Hern\u00e1ndez Miranda<br \/>Liliana Rodr\u00edguez Mart\u00ednez<br \/>Carlos A. Ventura Callejas -Defensor de Derechos Humanos<br \/>Carlos Jairo Espinosa Robles<br \/>Dulce Melody Fonseca P\u00e9rez<br \/>Ra\u00fal Ricardo Z\u00fa\u00f1iga Silva<br \/>Maricarmen Ram\u00edrez Hern\u00e1ndez<br \/>Sarah\u00ed Algar\u00edn Ruiz<br \/>Cielo Gabriela Zavala Z\u00e1rate<br \/>Liliana Mungu\u00eda Garc\u00eda<br \/>Laura Yoalli Navarro Huitr\u00f3n<br \/>Marina Luria Estrada<br \/>Concepci\u00f3n Luria L\u00f3pez<br \/>Aranzazu Alonso Cuevas<br \/>Cecilia L\u00f3pez Valencia<br \/>Ana Vanessa Olvera Palacios<br \/>Alejandra Cerda S\u00e1nchez<br \/>Magda Ortiz<br \/>Ala\u00edn Pinz\u00f3n- Director General de VIHve Libre<br \/>Claudia Garc\u00eda Romero<br \/>Ana Rosas Mantec\u00f3n<br \/>Araceli Garc\u00eda Romero<br \/>Alejandra Rojas Garc\u00eda<br \/>V\u00edctor Israel Mart\u00ednez<br \/>Ang\u00e9lica calvario Figueroa<br \/>Jos\u00e9 Gabriel Navarro<br \/>Jes\u00fas Navarro Rivera<br \/>Itzel Judith Ortiz S\u00e1nchez<br \/>Mabel Alfaro Gir\u00f3n- Secretaria de las Agendas de Igualdad de G\u00e9neros y juventudes del PRD<br \/>Julio C\u00e9sar Cruz C\u00f3rdova<br \/>Juan Manuel Ortega Jord\u00e1<\/p>\n","protected":false},"excerpt":{"rendered":"<p>La organizaci\u00f3n Joy Joy exigi\u00f3 a las autoridades de Salud una investigaci\u00f3n exhaustiva sobre la muerte de un hombre de 36 a\u00f1os, de origen Tzeltal, con VIH, a quien no se atendi\u00f3 a tiempo y muri\u00f3 hace unos d\u00edas.<\/p>\n","protected":false},"author":3,"featured_media":73844,"comment_status":"open","ping_status":"open","sticky":false,"template":"","format":"standard","meta":{"_monsterinsights_skip_tracking":false,"footnotes":""},"categories":[700],"tags":[],"class_list":["post-73842","post","type-post","status-publish","format-standard","has-post-thumbnail","category-estados"],"_links":{"self":[{"href":"https:\/\/redsemlac.com\/semmexico\/wp-json\/wp\/v2\/posts\/73842","targetHints":{"allow":["GET"]}}],"collection":[{"href":"https:\/\/redsemlac.com\/semmexico\/wp-json\/wp\/v2\/posts"}],"about":[{"href":"https:\/\/redsemlac.com\/semmexico\/wp-json\/wp\/v2\/types\/post"}],"author":[{"embeddable":true,"href":"https:\/\/redsemlac.com\/semmexico\/wp-json\/wp\/v2\/users\/3"}],"replies":[{"embeddable":true,"href":"https:\/\/redsemlac.com\/semmexico\/wp-json\/wp\/v2\/comments?post=73842"}],"version-history":[{"count":0,"href":"https:\/\/redsemlac.com\/semmexico\/wp-json\/wp\/v2\/posts\/73842\/revisions"}],"wp:featuredmedia":[{"embeddable":true,"href":"https:\/\/redsemlac.com\/semmexico\/wp-json\/wp\/v2\/media\/73844"}],"wp:attachment":[{"href":"https:\/\/redsemlac.com\/semmexico\/wp-json\/wp\/v2\/media?parent=73842"}],"wp:term":[{"taxonomy":"category","embeddable":true,"href":"https:\/\/redsemlac.com\/semmexico\/wp-json\/wp\/v2\/categories?post=73842"},{"taxonomy":"post_tag","embeddable":true,"href":"https:\/\/redsemlac.com\/semmexico\/wp-json\/wp\/v2\/tags?post=73842"}],"curies":[{"name":"wp","href":"https:\/\/api.w.org\/{rel}","templated":true}]}}