{"id":7380,"date":"2018-07-30T01:45:07","date_gmt":"2018-07-30T01:45:07","guid":{"rendered":"https:\/\/redsemlac.com\/semmexico\/?p=7380"},"modified":"2023-07-21T14:32:48","modified_gmt":"2023-07-21T19:32:48","slug":"amlo-no-improvisen-la-unam-y-cndh-tienen-un-plan-de-proteccion-integral-para-periodistas","status":"publish","type":"post","link":"https:\/\/redsemlac.com\/semmexico\/amlo-no-improvisen-la-unam-y-cndh-tienen-un-plan-de-proteccion-integral-para-periodistas\/","title":{"rendered":"AMLO, no improvisen. La UNAM y CNDH tienen un plan de protecci\u00f3n integral para periodistas"},"content":{"rendered":"\n<p class=\"wp-block-paragraph\">Es que ya son tres sexenios en los que los presidentes del pa\u00eds no entendieron que nuestras crisis de inseguridad tienen causas estructurales<\/p>\n\n\n\n<h5 class=\"wp-block-heading\"> Ya hay diagn\u00f3sticos actualizados, propuestas y las tienen CNDH y el Programa Universitario de Derechos Humanos del IIS-UNAM.<\/h5>\n\n\n\n<p class=\"wp-block-paragraph\"><a href=\"https:\/\/semmexico.com\/gallery-post.php?id=5412#\">Rogelio Hern\u00e1ndez<\/a><\/p>\n\n\n\n<p class=\"wp-block-paragraph\">SemM\u00e9xico. Cd. de M\u00e9xico. 30 de julio de 2018.- Casi puedo asegurar que no podr\u00e9 exponer este asunto a Andr\u00e9s Manuel, tampoco a C\u00e9sar, a Jes\u00fas, ni a Encinas y ni siquiera a Virgilio. Pero si abrieran el chance (quiz\u00e1 porque valoren que somos viejos conocidos), comenzar\u00eda sugiri\u00e9ndoles que si quieren ayudar a los periodistas, por favor \u00a1No improvisen!<\/p>\n\n\n\n<p class=\"wp-block-paragraph\">Es que ya son tres sexenios en los que los presidentes del pa\u00eds no entendieron que nuestras crisis de inseguridad tienen causas estructurales y ahora, parece que ellos tampoco conciben este fen\u00f3meno en su contexto; por eso, en lo que dijo AMLO, se refleja que solo se les ocurre organizarnos y meternos m\u00e1s a la Ley Federal del Trabajo como oficiantes. En ambos casos reducen nuestra importancia como profesionistas con derechos y como actores vitales para una democracia con la comunicaci\u00f3n social suficiente.<\/p>\n\n\n\n<p class=\"wp-block-paragraph\"><strong>Para no improvisar<\/strong><\/p>\n\n\n\n<p class=\"wp-block-paragraph\">Si hubiese oportunidad, le informar\u00eda a L\u00f3pez Obrador, o alguien de su confianza del gabinete pr\u00f3ximo, que la Comisi\u00f3n Nacional de los Derechos Humanos solicit\u00f3 a la UNAM &#8212;hace m\u00e1s de un a\u00f1o&#8211; una revisi\u00f3n de la situaci\u00f3n de los periodistas mexicanos y el rol de la CNDH.<\/p>\n\n\n\n<p class=\"wp-block-paragraph\">Complementar\u00eda con datos que esa petici\u00f3n fue derivada por la UNAM al Programa Universitario de Derechos Humanos del Instituto de Investigaciones Sociales y que el investigador experto en el tema, Ra\u00fal Trejo Delarbre, coordin\u00f3 encuestas, entrevistas, estudios y ensayos con presuntos conocedores del tema y que, adem\u00e1s, los mejores trabajos aparecer\u00e1n, en semanas, como un informe especial.<\/p>\n\n\n\n<p class=\"wp-block-paragraph\">La segunda sugerencia al equipo preparatorio de AMLO como futuro presidente, ser\u00e1 que conozcan ese informe para que ponderen la seriedad de los estudios y opiniones ah\u00ed compiladas as\u00ed como de los alcances y conocimientos de sus autores para que contrasten con sus dos ocurrencias de organizar a los periodistas y promover sus derechos laborales solamente.<\/p>\n\n\n\n<p class=\"wp-block-paragraph\">\u00a1No improvisen! machacar\u00eda<\/p>\n\n\n\n<p class=\"wp-block-paragraph\"><strong>La propuesta de protecci\u00f3n integral<\/strong><\/p>\n\n\n\n<p class=\"wp-block-paragraph\">El doctor Trejo Delarbre, uno de los m\u00e1s conocedores de los medios y el ejercicio del periodismo me hizo el honor de invitarme a ser uno de los ensayistas de la investigaci\u00f3n y futuro autor del informe en forma de libro. Su petici\u00f3n fue porque supuso que, adem\u00e1s de periodista veterano (40 a\u00f1os de ejercer) tengo alguna elaboraci\u00f3n (cuatro libros y 12 ensayos) de lo que debe ser la protecci\u00f3n integral a los periodistas, como sujeto social activo;&nbsp;sujeto separable en lo conceptual y operativamente, de las empresas de prensa, como en un mercado de la informaci\u00f3n dominado por pocos grupos.<\/p>\n\n\n\n<p class=\"wp-block-paragraph\">De las 20 cuartillas que le entregu\u00e9 a Ra\u00fal, esta es una sinopsis, siempre con el \u00e9nfasis que es indispensable una mirada y un plan integrales de protecci\u00f3n (no solo cautelar o laboral):<\/p>\n\n\n\n<p class=\"wp-block-paragraph\"><strong>Los pasos b\u00e1sicos<\/strong><\/p>\n\n\n\n<p class=\"wp-block-paragraph\"><em>Uno.- Lograr una sola metodolog\u00eda para el monitoreo y an\u00e1lisis de los agravios a periodistas, y as\u00ed\u0301 poder homologar las bases de los diagn\u00f3sticos y abonar para una sola estrategia..<\/em><\/p>\n\n\n\n<p class=\"wp-block-paragraph\"><em>Esto es indispensable porque cada a\u00f1o se hacen y difunden al menos 13 monitoreos y diagn\u00f3sticos diferentes por usar metodolog\u00edas distintas, seg\u00fan el origen nacional y la agenda de intereses del grupo evaluador. Por eso, todos arrojan resultados num\u00e9ricos diferentes, lo que dificulta el trazo de una sola estrategia.<\/em><\/p>\n\n\n\n<p class=\"wp-block-paragraph\"><em>\u2026Y, la falla mayor est\u00e1 en la instancia oficial que deber\u00eda tener el diagnostico m\u00e1s riguroso para guiar su trabajo, el Mecanismo de Protecci\u00f3n a Personas Defensoras de los Derechos Humanos y Periodistas de la Secretaria de Gobernaci\u00f3n. Se instal\u00f3\u0301 en octubre de 2012, pero ni siquiera ha logrado hacer funcionar su Unidad de Prevenci\u00f3n, Control y An\u00e1lisis que ordena la ley (Esa unidad inici\u00f3 al comienzo de 2017, pero sigue sin hacer monitoreo ni diagn\u00f3sticos)<\/em><\/p>\n\n\n\n<p class=\"wp-block-paragraph\"><em>Dos.- Seguimiento a las recomendaciones de la CNDH sobre libertad de expresi\u00f3n. Firmar un convenio para vigilar al vigilante de funcionarios p\u00fablicos (los que m\u00e1s agresiones cometen contra periodistas) as\u00ed\u0301 como del buen desempe\u00f1o de las instituciones p\u00fablicas que debieran proteger el ejercicio del periodismo.<\/em><\/p>\n\n\n\n<p class=\"wp-block-paragraph\"><em>Tres.- Fundar un programa especial de investigaci\u00f3n multidisciplinaria sobre las seis grandes vulnerabilidades de los periodistas para elevar sus fortalezas profesionales. Este se podr\u00eda hacer viable mediante un convenio de colaboraci\u00f3n con la Presidencia de la Rep\u00fablica o la Segob o el Congreso de la Uni\u00f3n, o con todos. Un programa as\u00ed\u0301 podr\u00eda generar y recomendar legislaci\u00f3n para reconocer los derechos profesionales y dise\u00f1os de pol\u00edticas p\u00fablicas.<\/em><\/p>\n\n\n\n<p class=\"wp-block-paragraph\"><em>Cuatro.- Crear un programa de extensi\u00f3n acad\u00e9mica y capacitaci\u00f3n continua para medios y periodistas\u2026 y adem\u00e1s facilitar la titulaci\u00f3n por trayectoria profesional, aunque los periodistas alumnos no hayan estudiado en la UNAM. (&#8230;)<\/em><\/p>\n\n\n\n<p class=\"wp-block-paragraph\"><em>Y por eso puedo proponer a la CNDH y a la UNAM una mirada m\u00e1s amplia para entender las causas del fen\u00f3meno de agresiones y una serie de propuestas para una protecci\u00f3n integral de los periodistas mexicanos.<\/em><\/p>\n\n\n\n<p class=\"wp-block-paragraph\"><em>III. Un acercamiento a la protecci\u00f3n integral<\/em><\/p>\n\n\n\n<p class=\"wp-block-paragraph\"><em>Para abonar esa semilla de la vinculaci\u00f3n de dos entidades con autoridad moral y reconocimiento social&nbsp;<\/em>(UNAM y CNDH)<em>, se pueden conseguir m\u00e1s aliados entre los periodistas y organizaciones profesionales que les preocupa el problema. Un sector de informadores profesionales hemos buscado alternativas que trasciendan lo cautelar, lo policiaco.<\/em><\/p>\n\n\n\n<p class=\"wp-block-paragraph\">En diciembre de 2014, Freedom House present\u00f3 en su portal una elaboraci\u00f3n de mi autor\u00eda como parte de un convenio con la asociaci\u00f3n civil mexicana emergente llamada Casa de los Derechos de Periodistas (CDP). El trabajo se llama&nbsp;<strong>Prontuario de recomendaciones para fortalecer a periodistas vulnerables de M\u00e9xico.<\/strong>Lo siguiente es un resumen con datos actualizados y propuestas sintetizadas.<\/p>\n\n\n\n<p class=\"wp-block-paragraph\">En el prontuario de 50 p\u00e1ginas se hace el esfuerzo por ubicar el tema de agravios al periodista m\u00e1s all\u00e1\u0301 del \u00e1mbito policiaco y de justicia, ampliar la mirada a los factores estructurales que han prohijado grandes vulnerabilidades a los periodistas, perfilar una respuesta integral con el objeto de allegarles fortalezas sociales, gremiales, derechos profesionales y otras para que dejen de ser sujetos de atenci\u00f3n para la justicia y seguridad y puedan convertirse en actores de su propia defensa y desarrollo.<\/p>\n\n\n\n<p class=\"wp-block-paragraph\"><strong>Se necesita ese 5 por ciento<\/strong><\/p>\n\n\n\n<p class=\"wp-block-paragraph\">Y lo que me falt\u00f3 argumentar all\u00ed, como respuesta a la pregunta que siempre hacen los pragm\u00e1ticos de \u00bfcon qu\u00e9 dinero hacer todo eso?<\/p>\n\n\n\n<p class=\"wp-block-paragraph\">La respuesta es otra elaboraci\u00f3n, ya preparada, de un Programa Integral para reducir vulnerabilidades de los periodistas que puede financiarse f\u00e1cilmente si se asigna un 5 por ciento del gasto p\u00fablico federal en publicidad.<\/p>\n\n\n\n<p class=\"wp-block-paragraph\">Esta decisi\u00f3n es ahora absolutamente viable en momentos en que un equipo de AMLO, donde participa el reportero Jes\u00fas Ram\u00edrez Cuevas, revisa las condiciones de una ley de comunicaci\u00f3n social que quiere trastocar el mercado de la informaci\u00f3n.<\/p>\n\n\n\n<p class=\"wp-block-paragraph\">El 5 por ciento del gasto federal en publicidad significar\u00eda unos 600 millones de pesos, de los 2 mil millones que se destinar\u00edan a ese rubro en el presupuesto de 2019. Pero ese otro tema, aunque complementario. No improvisen. Ya hay diagn\u00f3sticos actualizados, propuestas y las tienen CNDH y el Programa Universitario de Derechos Humanos del IIS-UNAM.<\/p>\n","protected":false},"excerpt":{"rendered":"<p>Es que ya son tres sexenios en los que los presidentes del pa\u00eds no entendieron que nuestras crisis de inseguridad tienen causas estructurales Ya hay diagn\u00f3sticos actualizados, propuestas y las tienen CNDH y el Programa Universitario de Derechos Humanos del IIS-UNAM. Rogelio Hern\u00e1ndez SemM\u00e9xico. Cd. de M\u00e9xico. 30 de julio de 2018.- Casi puedo asegurar [&hellip;]<\/p>\n","protected":false},"author":3,"featured_media":7234,"comment_status":"open","ping_status":"open","sticky":false,"template":"","format":"standard","meta":{"_monsterinsights_skip_tracking":false,"footnotes":""},"categories":[689,85],"tags":[],"class_list":["post-7380","post","type-post","status-publish","format-standard","has-post-thumbnail","category-689","category-rogelio-hernandez-lopez"],"_links":{"self":[{"href":"https:\/\/redsemlac.com\/semmexico\/wp-json\/wp\/v2\/posts\/7380","targetHints":{"allow":["GET"]}}],"collection":[{"href":"https:\/\/redsemlac.com\/semmexico\/wp-json\/wp\/v2\/posts"}],"about":[{"href":"https:\/\/redsemlac.com\/semmexico\/wp-json\/wp\/v2\/types\/post"}],"author":[{"embeddable":true,"href":"https:\/\/redsemlac.com\/semmexico\/wp-json\/wp\/v2\/users\/3"}],"replies":[{"embeddable":true,"href":"https:\/\/redsemlac.com\/semmexico\/wp-json\/wp\/v2\/comments?post=7380"}],"version-history":[{"count":0,"href":"https:\/\/redsemlac.com\/semmexico\/wp-json\/wp\/v2\/posts\/7380\/revisions"}],"wp:featuredmedia":[{"embeddable":true,"href":"https:\/\/redsemlac.com\/semmexico\/wp-json\/wp\/v2\/media\/7234"}],"wp:attachment":[{"href":"https:\/\/redsemlac.com\/semmexico\/wp-json\/wp\/v2\/media?parent=7380"}],"wp:term":[{"taxonomy":"category","embeddable":true,"href":"https:\/\/redsemlac.com\/semmexico\/wp-json\/wp\/v2\/categories?post=7380"},{"taxonomy":"post_tag","embeddable":true,"href":"https:\/\/redsemlac.com\/semmexico\/wp-json\/wp\/v2\/tags?post=7380"}],"curies":[{"name":"wp","href":"https:\/\/api.w.org\/{rel}","templated":true}]}}