{"id":73787,"date":"2023-11-10T08:53:04","date_gmt":"2023-11-10T14:53:04","guid":{"rendered":"https:\/\/redsemlac.com\/semmexico\/?p=73787"},"modified":"2023-11-10T08:53:06","modified_gmt":"2023-11-10T14:53:06","slug":"muere-bebe-migrante-de-guinea-en-casa-de-descanso-en-juchitan-oaxaca-autopsia-revela-broncoaspiracion","status":"publish","type":"post","link":"https:\/\/redsemlac.com\/semmexico\/muere-bebe-migrante-de-guinea-en-casa-de-descanso-en-juchitan-oaxaca-autopsia-revela-broncoaspiracion\/","title":{"rendered":"Muere beb\u00e9 migrante de Guinea en casa de descanso en Juchit\u00e1n, Oaxaca: autopsia revela broncoaspiraci\u00f3n"},"content":{"rendered":"\n<p class=\"wp-block-paragraph\"><strong>Patricia Brise\u00f1o<\/strong><\/p>\n\n\n\n<p class=\"wp-block-paragraph\">SemM\u00e9xico, Oaxaca de Ju\u00e1rez, 10 de noviembre,\u00a0 2023.- \u00a0Un ni\u00f1o de un a\u00f1o y ocho meses de edad, migrante de Rep\u00fablica de Guinea, \u00c1frica, muri\u00f3 al parecer mientras pernoctaba con su madre,\u00a0 en un albergue, en el municipio de Juchit\u00e1n de Zaragoza, en el Istmo de Tehuantepec, donde descansaron temporalmente\u00a0 para tomar fuerza y seguir su ruta a los Estado Unidos.<\/p>\n\n\n\n<p class=\"wp-block-paragraph\">De acuerdo con la autopsia practicada en el Servicio M\u00e9dico Forense, de la Fiscal\u00eda de Justicia del Estado (FJEO), en Ciudad Ixtepec,\u00a0 revel\u00f3 que la muerte del beb\u00e9\u00a0 fue por broncoaspiraci\u00f3n por ingesta de lecha materna, y tambi\u00e9n a causa de un padecimiento cong\u00e9nito (macrocefalia).<\/p>\n\n\n\n<p class=\"wp-block-paragraph\">Seg\u00fan versiones,&nbsp; el peque\u00f1o fue ingresado al \u00e1rea de urgencias del hospital regional, Macedonio Ben\u00edtez Fuentes,&nbsp; cuando no contaba con signos vitales. El personal de los Servicios de Salud pidi\u00f3 la intervenci\u00f3n de la Vice fiscal\u00eda, as\u00ed como al Instituto Nacional de Migraci\u00f3n.<\/p>\n\n\n\n<p class=\"wp-block-paragraph\">Se espera que en los pr\u00f3ximos d\u00edas se establezcan el enlace diplom\u00e1tico para el traslado del cuerpo de menor.<\/p>\n\n\n\n<p class=\"wp-block-paragraph\">Este a\u00f1o, la autoridad ministerial de Oaxaca contabiliza una decena de ni\u00f1os, ni\u00f1as y adolescentes migrantes muertos, principalmente, por\u00a0enfermedades y accidentes automovil\u00edsticos .<\/p>\n","protected":false},"excerpt":{"rendered":"<p>\u00a0Un ni\u00f1o de un a\u00f1o y ocho meses de edad, migrante de Rep\u00fablica de Guinea, \u00c1frica, muri\u00f3 al parecer mientras pernoctaba con su madre,\u00a0 en un albergue, en el municipio de Juchit\u00e1n de Zaragoza, en el Istmo de Tehuantepec, donde descansaron temporalmente\u00a0 para tomar fuerza y seguir su ruta a los Estado Unidos.<\/p>\n","protected":false},"author":3,"featured_media":73788,"comment_status":"open","ping_status":"open","sticky":false,"template":"","format":"standard","meta":{"_monsterinsights_skip_tracking":false,"footnotes":""},"categories":[700],"tags":[146],"class_list":["post-73787","post","type-post","status-publish","format-standard","has-post-thumbnail","category-estados","tag-oaxaca"],"_links":{"self":[{"href":"https:\/\/redsemlac.com\/semmexico\/wp-json\/wp\/v2\/posts\/73787","targetHints":{"allow":["GET"]}}],"collection":[{"href":"https:\/\/redsemlac.com\/semmexico\/wp-json\/wp\/v2\/posts"}],"about":[{"href":"https:\/\/redsemlac.com\/semmexico\/wp-json\/wp\/v2\/types\/post"}],"author":[{"embeddable":true,"href":"https:\/\/redsemlac.com\/semmexico\/wp-json\/wp\/v2\/users\/3"}],"replies":[{"embeddable":true,"href":"https:\/\/redsemlac.com\/semmexico\/wp-json\/wp\/v2\/comments?post=73787"}],"version-history":[{"count":0,"href":"https:\/\/redsemlac.com\/semmexico\/wp-json\/wp\/v2\/posts\/73787\/revisions"}],"wp:featuredmedia":[{"embeddable":true,"href":"https:\/\/redsemlac.com\/semmexico\/wp-json\/wp\/v2\/media\/73788"}],"wp:attachment":[{"href":"https:\/\/redsemlac.com\/semmexico\/wp-json\/wp\/v2\/media?parent=73787"}],"wp:term":[{"taxonomy":"category","embeddable":true,"href":"https:\/\/redsemlac.com\/semmexico\/wp-json\/wp\/v2\/categories?post=73787"},{"taxonomy":"post_tag","embeddable":true,"href":"https:\/\/redsemlac.com\/semmexico\/wp-json\/wp\/v2\/tags?post=73787"}],"curies":[{"name":"wp","href":"https:\/\/api.w.org\/{rel}","templated":true}]}}