{"id":73774,"date":"2023-11-09T18:20:55","date_gmt":"2023-11-10T00:20:55","guid":{"rendered":"https:\/\/redsemlac.com\/semmexico\/?p=73774"},"modified":"2023-11-09T19:59:20","modified_gmt":"2023-11-10T01:59:20","slug":"el-25n-marcharan-3-mil-siluetas-de-los-feminicidios-ante-la-negligencia-del-poder-judicial","status":"publish","type":"post","link":"https:\/\/redsemlac.com\/semmexico\/el-25n-marcharan-3-mil-siluetas-de-los-feminicidios-ante-la-negligencia-del-poder-judicial\/","title":{"rendered":"El 25N marchar\u00e1n 3 mil siluetas de los feminicidios ante la negligencia del poder judicial"},"content":{"rendered":"\n<p class=\"wp-block-paragraph\"><strong>\u00a1Toma una silueta y marcha con nosotras! piden las madres de las v\u00edctimas &nbsp;<\/strong><\/p>\n\n\n\n<p class=\"wp-block-paragraph\"><strong>De 1.7 millones de denuncias, s\u00f3lo 798 llegaron a proceso, dicen&nbsp; colectivas<\/strong><\/p>\n\n\n\n<p class=\"wp-block-paragraph\">Elda Montiel<\/p>\n\n\n\n<p class=\"wp-block-paragraph\">SemM\u00e9xico, &nbsp;Ciudad de M\u00e9xico. &nbsp;9 de noviembre. 2023.- Una decena de&nbsp; se preparan para manifestarse el 25 de Noviembre, explican c\u00f3mo hay impunidad, falta de procesos por los cr\u00edmenes contra sus hijas, hablan de su hartazgo y denuncian al sistema judicial por no cumplir con&nbsp; investigar y resolver con perspectiva de g\u00e9nero.<\/p>\n\n\n\n<p class=\"wp-block-paragraph\">Eso sucedi\u00f3 en una conferencia de prensa para anunciar la Marcha del 25 de Noviembre, que&nbsp; partir\u00e1 del \u00c1ngel de la Independencia al z\u00f3calo capitalino; esas madres hablaron de sus casos, de su lucha, de c\u00f3mo se enfrentan, d\u00eda a d\u00eda al &nbsp;poder judicial , reiteraron, es omiso, &nbsp;no&nbsp; resuelve, ni hace &nbsp;&nbsp;justicia para sus hijas, madres o hermanas asesinadas.<\/p>\n\n\n\n<p class=\"wp-block-paragraph\">El 25 N &nbsp;3 mil siluetas marcharan de forma pac\u00edfica, una salida creativa para volver a llamar a la sociedad. Eso ser\u00e1 &nbsp;este 25 de noviembre, D\u00eda Internacional de la Eliminaci\u00f3n de la Violencia contra la Mujer, y las siluetas &nbsp;representar\u00e1n &nbsp;a las 3 mil mujeres v\u00edctimas de feminicidio que suceden cada a\u00f1o. La &nbsp;conferencia de prensa se realiz\u00f3 en el Museo de la Mujer.<\/p>\n\n\n\n<p class=\"wp-block-paragraph\">En 2021 se levantaron&nbsp; un mill\u00f3n 700 mil &nbsp;denuncias, de las cuales s\u00f3lo llegaron a proceso 798. Adem\u00e1s frecuentemente la autoridad judicial no &nbsp;contabiliza correctamente el tama\u00f1o del feminicidio, ni los &nbsp;intentos de feminicidio, sino que clasifica &nbsp;homicidios dolosos o violencia familiar, para bajar la cifra o manipularla.<\/p>\n\n\n\n<p class=\"wp-block-paragraph\">As\u00ed lo dice &nbsp;la abogada Gabriela Amores Moya, especialista en derecho procesal penal, y quien acompa\u00f1a a las familiares de las v\u00edctimas. Ella hace &nbsp;6 a\u00f1os que ense\u00f1a &nbsp;a las mujeres, a trav\u00e9s de los talleres, los &nbsp;Primeros Auxilios ante el Ministerio P\u00fablico para que exijan la investigaci\u00f3n real y no acepten las negativas de las autoridades.<\/p>\n\n\n\n<p class=\"wp-block-paragraph\">La abogada solicita al Poder Judicial visibilice correctamente los casos de feminicidios y cumpla con el protocolo que desde el 2012 ha estado en las fiscal\u00edas, y el que ha compartido &nbsp;la Organizaci\u00f3n de Naciones Unidas.<\/p>\n\n\n\n<p class=\"wp-block-paragraph\">Este proyecto, el de las siluetas, &nbsp;surge como una estrategia de visibilidad ante &nbsp;la violencia institucional que protege los derechos humanos de los perpetradores, pero no el de las madres, hermanas, hijas que llevan diez, siete, dos a\u00f1os en busca de justicia, se puso expres\u00f3 en la conferencia de prensa.<\/p>\n\n\n\n<p class=\"wp-block-paragraph\">Es alarmante -dijo- las cifras &nbsp;difundidas &nbsp;por el Observatorio Ciudadano Nacional de Feminicidio (OCNF) de &nbsp;20 mil mujeres asesinadas en tres a\u00f1os y \u201chay que preguntarnos cu\u00e1ntas han alcanzado justicia\u201d,&nbsp; y respondi\u00f3, s\u00f3lo un 1 por ciento logran llevar un proceso digno, y eso si es que hay proceso, reiter\u00f3 &nbsp;la abogada Gabriela Amores Moya.<\/p>\n\n\n\n<p class=\"wp-block-paragraph\">Se quej\u00f3 de que el sistema penal acusatorio del 2008 s\u00f3lo ha elevado el \u00edndice de los feminicidios, al pensar que s\u00f3lo se requiere la reparaci\u00f3n del da\u00f1o, lo cual es indignante. No podemos pensar que el Poder Judicial sea el t\u00edtere de los defensores de los perpetradores, quienes han aprendido a violentar a las mujeres.<\/p>\n\n\n\n<p class=\"wp-block-paragraph\"><strong><em>Voces de las madres o familiares<\/em><\/strong><\/p>\n\n\n\n<p class=\"wp-block-paragraph\">Las voces de las madres, hijas, familiares se escucharon en la conferencia \u201cRumbo al Contingente 25N. Presentaci\u00f3n de Victimas de Feminicidio\u201d , realizada en el Museo de la Mujer.<\/p>\n\n\n\n<p class=\"wp-block-paragraph\">Lorena Guti\u00e9rrez Rangel lleva m\u00e1s de 10 a\u00f1os en busca de justicia por el feminicidio de su hija F\u00e1tima Varinia y de su hijo Daniel, v\u00edctima colateral por la negligencia m\u00e9dica al estar bajo una medida de protecci\u00f3n ineficiente.<\/p>\n\n\n\n<p class=\"wp-block-paragraph\">Desde el feminicidio de F\u00e1tima Varinia <em>&nbsp;<\/em>asesinada el 5 de febrero del 2015, por tres sujetos que eran sus vecinos en Lupita Casas Viejas, municipio de Lerma ha cambiado su vida. Lleva 6 desplazamientos forzosos y bajo la medida de protecci\u00f3n que le ped\u00edan bajo perfil perdi\u00f3 la vida su hijo Daniel por falta de atenci\u00f3n m\u00e9dica en Nuevo Le\u00f3n.<\/p>\n\n\n\n<p class=\"wp-block-paragraph\">Convoc\u00f3 a la sociedad a gritar junto a ellas, que las mujeres mexicanas no quieren ser un n\u00famero m\u00e1s de las estad\u00edsticas, graves alarmantes. Considera en lo personal que le ha fallado a su hija, porque los feminicidios han aumentado, no ha pasado nada.<\/p>\n\n\n\n<p class=\"wp-block-paragraph\">Afirma que una justicia tard\u00eda no es justicia y el feminicidio es un delito de Estado. Las mujeres deber\u00edamos tener la certeza de que vamos a regresar a casa cada vez que salimos. &nbsp;&nbsp;<\/p>\n\n\n\n<p class=\"wp-block-paragraph\"><strong>Para Mar\u00eda Margarita Landi Rosales<\/strong> mam\u00e1 de Campira Lisandra Camorlinga&nbsp; Alan\u00eds victima el 31 de diciembre de 2016 &nbsp;por su pareja en la delegaci\u00f3n Coyoac\u00e1n, por la pandemia no tuvieron audiencias en tres a\u00f1os, apenas van a reanudarlas contra JH \u201cN\u201d y en este tiempo \u00e9l ha presentado amparos lo que ha retrasado el proceso penal. &nbsp;&nbsp;<\/p>\n\n\n\n<p class=\"wp-block-paragraph\"><strong>Paz Rodr\u00edguez Garc\u00eda <\/strong>es la voz de su mama Melesia Garc\u00eda de 72 a\u00f1os, asesinada en su casa el 20 de marzo del 2021 en Milpa Alta. Se enfrenta a las autoridades que no quieren ir hasta Milpa Alta porque est\u00e1 muy lejos porque no tienen gasolina. Al respecto le pregunto a la fiscal capitalina Ernestina Godoy quien le dijo que les pagaban muy bien para que d\u00e9 su sueldo pagaran la gasolina para sus traslados.<\/p>\n\n\n\n<p class=\"wp-block-paragraph\"><strong>Fabiola Posada<\/strong> sobreviviente de feminicidio asegur\u00f3 que el proyecto \u201cRumbo al 25N\u201d atenta contra los intereses de muchas personas y pidi\u00f3 a la sociedad pensar que les puede pasar, que no se detienen en edades o condici\u00f3n social. En su caso la quisieron matar para quitarle su casa.<\/p>\n\n\n\n<p class=\"wp-block-paragraph\">A <strong>Angela Beatriz Salgado Hip\u00f3lito<\/strong> le mataron a su hija&nbsp; Andrea Ca\u00f1eda Salgado el&nbsp; 28 de marzo 2021 en manos de su pareja Christopher A P , en dos ocasiones -preciso- ganamos el caso con sentencia vitalicia y el&nbsp; Tribunal de Alzada meti\u00f3 una apelaci\u00f3n le redujeron la sentencia a 70 a\u00f1os.<\/p>\n\n\n\n<p class=\"wp-block-paragraph\">No est\u00e1 conforme porque puede conseguir que le reduzcan la pena y salir antes por buena conducta. No le han cumplido con la disculpa p\u00fablica ni con la reparaci\u00f3n econ\u00f3mica del da\u00f1o. Al respecto a Tribunal le preocupa m\u00e1s defender los derechos humanos del feminicida y d\u00f3nde quedan los derechos humanos de mi hija y los m\u00edos, me he enfermado tambi\u00e9n mis hijos, porque le dan privilegios, pregunta.<\/p>\n\n\n\n<p class=\"wp-block-paragraph\"><strong>Rosa Mar\u00eda Salazar<\/strong> madre de Katia Maricela Salazar asesinada el 12 de junio del 2023 por su pareja sentimental en un hotel de la alcald\u00eda Cuauht\u00e9moc, se\u00f1ala que est\u00e1 consciente de que su pesadilla apenas comienza en la b\u00fasqueda de justicia, al ver las carpetas de investigaci\u00f3n se da cuenta de muchas inconsistencias, por lo que tiene temor que por las inconsistencias pueda salir libre el feminicida. \u00c9l se encuentra detenido en el Reclusorio Oriente y era su pareja Miguel \u201cN\u201d.<\/p>\n\n\n\n<p class=\"wp-block-paragraph\">Pidi\u00f3 apoyo de la sociedad porque solo nos acusan de escandalosas no saben lo que es perder una hija o un hijo, que falte alguien de tu familia.&nbsp;<\/p>\n\n\n\n<p class=\"wp-block-paragraph\"><strong>Rebeca Bastida<\/strong> hermana de Guadalupe&nbsp;&nbsp; Bastida Reyes secuestrada asesinada el 15 de noviembre del 2021 en el Estanco en Almoloya de Ju\u00e1rez pidieron rescate los secuestradores, al ser detenidos dijeron que desde el primer d\u00eda la asesinaron De tres fueron detenidos dos que ya cuentan con penas de 95 a\u00f1os de prisi\u00f3n, sin embargo el principal feminicida lo detuvieron un a\u00f1o despu\u00e9s, actualmente en proceso y sus abogados metieron amparos y quieren que lo dejen salir con brazalete.&nbsp;<\/p>\n\n\n\n<p class=\"wp-block-paragraph\">Ella, Rebeca, va a ir este 25 de noviembre con la silueta de su hermana, como siempre \u00edbamos juntas. Mi hermana dej\u00f3 un hijo de 14 a\u00f1os.<\/p>\n\n\n\n<p class=\"wp-block-paragraph\"><strong>Guadalupe Sevilla Reyes<\/strong> mam\u00e1 de Wendy Jocelyn Ricardo Sevilla de 16 a\u00f1os en el 2021 fue v\u00edctima de feminicidio en Xonacatl\u00e1n, dos d\u00edas despu\u00e9s la encuentro en un canal de aguas negras. Pide que las autoridades no consideren a esta persona menor de edad. Que cambien las leyes que los menores sean juzgados por el delito que cometen.<\/p>\n\n\n\n<p class=\"wp-block-paragraph\"><strong>Otra mam\u00e1<\/strong> que representa a su peque\u00f1a hija y el nombre tiene que ser reservado, se queja que la Fiscal\u00eda del Estado no ha avanzado, ya fueron dos a\u00f1os,&nbsp; fueron tres tipos y no les han girado la orden de aprehensi\u00f3n. Dijo que se ha acercado al Presidente y al gobernador pero no la voltean a ver.&nbsp;<\/p>\n\n\n\n<p class=\"wp-block-paragraph\"><strong><em>Tomen una silueta y representemos a nuestras v\u00edctimas, pidi\u00f3<\/em><\/strong>.<\/p>\n\n\n\n<p class=\"wp-block-paragraph\">Tambi\u00e9n tomaron la palabra la activista <strong>Linda Nefertari<\/strong> cuya t\u00eda fue asesinada por su marido estando embarazada y tambi\u00e9n estuvo cerca cuando a una ni\u00f1a la raptaron sin que pudiera hacer nada. Relato como en la ocupaci\u00f3n del edificio de la Comisi\u00f3n Nacional de Derechos Humanos en la calle de Tacuba, en el centro de la ciudad se acercaron madres v\u00edctimas de abuso sexual a sus peque\u00f1as hijas, las cuales fueron reprimidas. Por eso la acusaron de robo. Nunca la CNDH resolvi\u00f3 el pliego petitorio.<\/p>\n","protected":false},"excerpt":{"rendered":"<p>Una decena de\u00a0 se preparan para manifestarse el 25 de Noviembre, explican c\u00f3mo hay impunidad, falta de procesos por los cr\u00edmenes contra sus hijas, hablan de su hartazgo y denuncian al sistema judicial por no cumplir con\u00a0 investigar y resolver con perspectiva de g\u00e9nero.<\/p>\n","protected":false},"author":3,"featured_media":73775,"comment_status":"open","ping_status":"open","sticky":false,"template":"","format":"standard","meta":{"_monsterinsights_skip_tracking":false,"footnotes":""},"categories":[745,27],"tags":[],"class_list":["post-73774","post","type-post","status-publish","format-standard","has-post-thumbnail","category-rumbo-al-25n","category-cobertura-especial"],"_links":{"self":[{"href":"https:\/\/redsemlac.com\/semmexico\/wp-json\/wp\/v2\/posts\/73774","targetHints":{"allow":["GET"]}}],"collection":[{"href":"https:\/\/redsemlac.com\/semmexico\/wp-json\/wp\/v2\/posts"}],"about":[{"href":"https:\/\/redsemlac.com\/semmexico\/wp-json\/wp\/v2\/types\/post"}],"author":[{"embeddable":true,"href":"https:\/\/redsemlac.com\/semmexico\/wp-json\/wp\/v2\/users\/3"}],"replies":[{"embeddable":true,"href":"https:\/\/redsemlac.com\/semmexico\/wp-json\/wp\/v2\/comments?post=73774"}],"version-history":[{"count":0,"href":"https:\/\/redsemlac.com\/semmexico\/wp-json\/wp\/v2\/posts\/73774\/revisions"}],"wp:featuredmedia":[{"embeddable":true,"href":"https:\/\/redsemlac.com\/semmexico\/wp-json\/wp\/v2\/media\/73775"}],"wp:attachment":[{"href":"https:\/\/redsemlac.com\/semmexico\/wp-json\/wp\/v2\/media?parent=73774"}],"wp:term":[{"taxonomy":"category","embeddable":true,"href":"https:\/\/redsemlac.com\/semmexico\/wp-json\/wp\/v2\/categories?post=73774"},{"taxonomy":"post_tag","embeddable":true,"href":"https:\/\/redsemlac.com\/semmexico\/wp-json\/wp\/v2\/tags?post=73774"}],"curies":[{"name":"wp","href":"https:\/\/api.w.org\/{rel}","templated":true}]}}