{"id":73771,"date":"2023-11-09T18:15:45","date_gmt":"2023-11-10T00:15:45","guid":{"rendered":"https:\/\/redsemlac.com\/semmexico\/?p=73771"},"modified":"2023-11-09T20:02:21","modified_gmt":"2023-11-10T02:02:21","slug":"las-jubiladas-y-pensionadas-del-issste-de-la-secretaria-de-educacion-en-veracruz-exigen-al-gobernador-les-restituya-el-seguro-de-vida","status":"publish","type":"post","link":"https:\/\/redsemlac.com\/semmexico\/las-jubiladas-y-pensionadas-del-issste-de-la-secretaria-de-educacion-en-veracruz-exigen-al-gobernador-les-restituya-el-seguro-de-vida\/","title":{"rendered":"Las jubiladas y pensionadas del ISSSTE de la Secretar\u00eda de Educaci\u00f3n en Veracruz exigen al gobernador les restituya el seguro de vida"},"content":{"rendered":"\n<p class=\"wp-block-paragraph\"><strong>Se trata de un recurso federal, que probablemente est\u00e1 desviando el gobernador veracruzano y hay malversaci\u00f3n de fondos<\/strong><\/p>\n\n\n\n<p class=\"wp-block-paragraph\"><strong>Mientas les &nbsp;siguen &nbsp;descontando, pero no se sabe d\u00f3nde se deposita, qui\u00e9n lo administra, es parte del mal gobierno, marchan en Xalapa<\/strong><\/p>\n\n\n\n<p class=\"wp-block-paragraph\">Elda Montiel<\/p>\n\n\n\n<p class=\"wp-block-paragraph\">SemM\u00e9xico, Ciudad de M\u00e9xico, 9 de noviembre, 2023.- Las y los&nbsp; jubilados y pensionados del ISSSTE de la Secretaria de Educaci\u00f3n en el Estado de Veracruz denunciaron que los recursos de su seguro&nbsp; de vida no aparecen.<\/p>\n\n\n\n<p class=\"wp-block-paragraph\">En una demostraci\u00f3n exigieron al gobernador Cuitl\u00e1huac Garc\u00eda Jim\u00e9nez la restituci\u00f3n del seguro de vida, que informe que uso hace de dicho recurso de origen federal y se investigue&nbsp; y sancione la desviaci\u00f3n de ese fondo. &nbsp;<\/p>\n\n\n\n<p class=\"wp-block-paragraph\">En un comunicado a la opini\u00f3n p\u00fablica, las y los jubilados reclaman la acci\u00f3n del gobernador de cancelar el seguro institucional tambi\u00e9n llamado seguro de vida que forma parte de las prestaciones de seguridad social, del cual gozan desde hace m\u00e1s de 59 a\u00f1os instituido por el Presidente Adolfo L\u00f3pez Mateos:&nbsp; \u201c\u2026 para que los servidores p\u00fablicos que causen baja con derecho a pensi\u00f3n o jubilaci\u00f3n, puedan tener acceso a un seguro voluntario colectivo de vida (\u2026) con primas a cargo de cada uno de ellos por el equivalente al 0.7 por ciento &nbsp;de la pensi\u00f3n mensual que perciban, con una suma asegurada igual a la cantidad equivalente a dieciocho veces su pensi\u00f3n mensual a la fecha de su fallecimiento\u201d.<\/p>\n\n\n\n<p class=\"wp-block-paragraph\">Precisan que es injustificada dicha medida pues el dinero del que se paga este seguro tiene dos vertientes, la primera es el descuento del 0.7 que hace el ISSSTE cada mes, la segunda, el dinero para este seguro no es de origen estatal, proviene del Gobierno Federal. Por lo que hacen un llamado a los entes encargados de auditar el uso y destino de los fondos federales pues es de presumirse un posible y delictuoso desv\u00edo de recursos federales.<\/p>\n\n\n\n<p class=\"wp-block-paragraph\">Le demandan al gobernador que responda que uso le ha dado a un recurso etiquetado por la Secretar\u00eda de Hacienda y Cr\u00e9dito P\u00fablico para la contrataci\u00f3n para un seguro de vida que se cancel\u00f3 desde el 2021. Si ese dinero no se utiliza a d\u00f3nde van a dar dicho recurso, lo que supone una acci\u00f3n delictiva de desviaci\u00f3n de recursos. Si considera que es un ahorro est\u00e1 mal entendido porque afecta a las familias de las y los jubilados ya fallecidos.<\/p>\n\n\n\n<p class=\"wp-block-paragraph\">Al gobernador lo hacen responsable de los perjuicios y afrenta a las y los familiares porque los priva de ese recurso para afrontar las erogaciones inevitables que en caso de fallecimiento deber\u00e1n hacer los deudos.<\/p>\n\n\n\n<p class=\"wp-block-paragraph\">Considera con amargura, coraje y desesperaci\u00f3n que en estos dos a\u00f1os ha sido capaz de causar un da\u00f1o patrimonial a las y los pensionados.&nbsp;<\/p>\n\n\n\n<p class=\"wp-block-paragraph\">Lo retan a que por escrito de una respuesta al disponer de recursos federales que atentan contra la seguridad de los trabajadores consagrado en el Art\u00edculo 123 de la Constituci\u00f3n Pol\u00edtica. As\u00ed como los art\u00edculos 8, 14 y 16.<\/p>\n\n\n\n<p class=\"wp-block-paragraph\"><strong><em>Manifestaci\u00f3n en el centro de Xalapa<\/em><\/strong><\/p>\n\n\n\n<p class=\"wp-block-paragraph\">Han venido realizando m\u00edtines cada jueves en el centro de Xalapa en demanda de la reactivaci\u00f3n del seguro y que afecta a 40 mil jubilados en Veracruz. Han bloqueado las principales calles de acceso en demanda de la soluci\u00f3n a su demanda, dado que la &nbsp;administraci\u00f3n estatal no ha renovado los seguros de vida desde noviembre del 2021. Pero si se sigue cobrando en su pensi\u00f3n.<\/p>\n\n\n\n<p class=\"wp-block-paragraph\">Precisan que ese pago es por fallecimiento y que se determina de acuerdo con el monto mensual de la pensi\u00f3n del ISSSTE, que podr\u00eda ser de al menos 500 mil pesos por cada uno.<\/p>\n\n\n\n<p class=\"wp-block-paragraph\">Reiteran que no se ha realizado la firma con la aseguradora que se har\u00e1 cargo del pago de los seguros en caso de fallecimiento. Sin embargo, a las y los jubilados les siguen descontando mensualmente la cuota para el seguro, por lo que es injusto que no se cuente con una empresa responsable de este beneficio, han se\u00f1alado.<\/p>\n","protected":false},"excerpt":{"rendered":"<p>Las y los\u00a0 jubilados y pensionados del ISSSTE de la Secretaria de Educaci\u00f3n en el Estado de Veracruz denunciaron que los recursos de su seguro\u00a0 de vida no aparecen.<\/p>\n","protected":false},"author":3,"featured_media":73772,"comment_status":"open","ping_status":"open","sticky":false,"template":"","format":"standard","meta":{"_monsterinsights_skip_tracking":false,"footnotes":""},"categories":[682],"tags":[],"class_list":["post-73771","post","type-post","status-publish","format-standard","has-post-thumbnail","category-noticias"],"_links":{"self":[{"href":"https:\/\/redsemlac.com\/semmexico\/wp-json\/wp\/v2\/posts\/73771","targetHints":{"allow":["GET"]}}],"collection":[{"href":"https:\/\/redsemlac.com\/semmexico\/wp-json\/wp\/v2\/posts"}],"about":[{"href":"https:\/\/redsemlac.com\/semmexico\/wp-json\/wp\/v2\/types\/post"}],"author":[{"embeddable":true,"href":"https:\/\/redsemlac.com\/semmexico\/wp-json\/wp\/v2\/users\/3"}],"replies":[{"embeddable":true,"href":"https:\/\/redsemlac.com\/semmexico\/wp-json\/wp\/v2\/comments?post=73771"}],"version-history":[{"count":0,"href":"https:\/\/redsemlac.com\/semmexico\/wp-json\/wp\/v2\/posts\/73771\/revisions"}],"wp:featuredmedia":[{"embeddable":true,"href":"https:\/\/redsemlac.com\/semmexico\/wp-json\/wp\/v2\/media\/73772"}],"wp:attachment":[{"href":"https:\/\/redsemlac.com\/semmexico\/wp-json\/wp\/v2\/media?parent=73771"}],"wp:term":[{"taxonomy":"category","embeddable":true,"href":"https:\/\/redsemlac.com\/semmexico\/wp-json\/wp\/v2\/categories?post=73771"},{"taxonomy":"post_tag","embeddable":true,"href":"https:\/\/redsemlac.com\/semmexico\/wp-json\/wp\/v2\/tags?post=73771"}],"curies":[{"name":"wp","href":"https:\/\/api.w.org\/{rel}","templated":true}]}}