{"id":73764,"date":"2023-11-09T13:46:10","date_gmt":"2023-11-09T19:46:10","guid":{"rendered":"https:\/\/redsemlac.com\/semmexico\/?p=73764"},"modified":"2023-11-09T13:46:13","modified_gmt":"2023-11-09T19:46:13","slug":"reconoceran-la-obra-de-berta-hiriart-y-su-relevancia-para-la-literatura-en-el-palacio-de-bellas-artes","status":"publish","type":"post","link":"https:\/\/redsemlac.com\/semmexico\/reconoceran-la-obra-de-berta-hiriart-y-su-relevancia-para-la-literatura-en-el-palacio-de-bellas-artes\/","title":{"rendered":"Reconocer\u00e1n la obra de Berta Hiriart y su relevancia para la literatura en el Palacio de Bellas Artes"},"content":{"rendered":"\n<p class=\"wp-block-paragraph\">La actividad se llevar\u00e1 a cabo como parte del ciclo&nbsp;<em>Protagonistas de la literatura mexicana<\/em><\/p>\n\n\n\n<p class=\"wp-block-paragraph\"><em>Se reconoce a quien fuera Feminista de la primera etapa y periodista con perspectiva de g\u00e9nero &nbsp;<\/em>&nbsp;<\/p>\n\n\n\n<p class=\"wp-block-paragraph\">Redacci\u00f3n<\/p>\n\n\n\n<p class=\"wp-block-paragraph\">SemM\u00e9xico, Ciudad de M\u00e9xico, 9 de noviembre, 2023.- La Secretar\u00eda de Cultura del Gobierno de M\u00e9xico y el Instituto Nacional de Bellas Artes y Literatura (Inbal), mediante la Coordinaci\u00f3n Nacional de Literatura (CNL), repasar\u00e1n la obra de la narradora, dramaturga y actriz, Berta Hiriart, y su importancia para las letras de nuestro pa\u00eds, la cual se llevar\u00e1 a cabo como parte del ciclo&nbsp;<em>Protagonistas de la literatura mexicana,&nbsp;<\/em>el pr\u00f3ximo domingo 12 de noviembre, en la Sala Manuel M. Ponce del Palacio de Bellas Artes, a las 12 horas.&nbsp;&nbsp;&nbsp;&nbsp; &nbsp;<\/p>\n\n\n\n<p class=\"wp-block-paragraph\">El pres\u00eddium estar\u00e1 conformado por la directora de la editorial El naranjo, Ana Laura Delgado; el productor, director de escena y actor, Juan Carlos Saavedra; la dramaturga, actriz, guionista, docente y directora de teatro, Ver\u00f3nica Maldonado, y la autora.&nbsp;<\/p>\n\n\n\n<p class=\"wp-block-paragraph\">Berta Hiriart naci\u00f3 en la Ciudad de M\u00e9xico el 2 de febrero de 1950.&nbsp; Realiz\u00f3 estudios de Teatro y Dramaturgia con Jos\u00e9 Luis Ib\u00e1\u00f1ez, Luisa Josefina Hern\u00e1ndez, Mar\u00eda In\u00e9s Falconi y Suzanne Lebeau. Estudi\u00f3 un diplomado en la Sociedad General de Escritores de M\u00e9xico (Sogem) y diversos cursos de Educaci\u00f3n Montessori y de formaci\u00f3n para coordinadores de talleres literarios. &nbsp;<\/p>\n\n\n\n<p class=\"wp-block-paragraph\">Fue integrante del grupo de Teatro Independiente&nbsp;<em>Circo, maroma y teatro<\/em>; fund\u00f3 la Compa\u00f1\u00eda de Teatro Infantil de la UV y fue codirectora art\u00edstica del Festival Internacional de Teatro para Ni\u00f1os y J\u00f3venes&nbsp;<em>Tel\u00f3n Abierto<\/em>, Aguascalientes, 1997. Ha escrito guiones de radio y televisi\u00f3n para diversos programas culturales y de divulgaci\u00f3n educativa y fue corresponsal de la agencia latinoamericana de noticias sobre&nbsp; mujeres Fempress y directora de la revista Fem. Ha sido coordinadora de talleres de dramaturgia, narrativa y radio para ni\u00f1os en diversos museos y casas de cultura. &nbsp;<\/p>\n\n\n\n<p class=\"wp-block-paragraph\">Tambi\u00e9n ha sido colaboradora de&nbsp;<em>Babel<\/em>&nbsp;(Michoac\u00e1n),&nbsp;<em>Border Lines<\/em>&nbsp;(Canad\u00e1),&nbsp;<em>Correo del Maestro<\/em>,&nbsp;<em>El Huevo, La Jornada Semanal, Paso de Gato, Pol\u00edtica y Cultura<\/em>&nbsp;(UAM),&nbsp;<em>Pregonarte, Tragaluz<\/em>&nbsp;(Jalisco) y&nbsp;<em>Voices of M\u00e9xico<\/em>. &nbsp;<\/p>\n\n\n\n<p class=\"wp-block-paragraph\"><strong>Premios, reconocimientos y puestas en escena&nbsp;<\/strong><\/p>\n\n\n\n<p class=\"wp-block-paragraph\">Fue ganadora del Premio Nacional de Narrativa Colima para Obra publicada 1994 por&nbsp;<em>Feliz a\u00f1o nuevo<\/em>&nbsp;y Primer lugar en la Muestra Teatral de Escuelas Secundarias por la obra&nbsp;<em>El deseo de Tom\u00e1s<\/em>, representada por la Secundaria Teotihuacan (2000). Becaria del Fonca, en su Programa de Fomento a Proyectos y Coinversiones Culturales, 1994, 1997 y 1998. Intercambio con el grupo Joshua\u2019s Wall Performance Company, con el apoyo del Arts Educational Development Project y el Professional Development Fund, 1995. Becaria del Programa Trinacional de Residencias Art\u00edsticas, Canad\u00e1, 1996. Integrante del SNCA desde 2001. Premio Nacional de Teatro para Ni\u00f1os 2004 por&nbsp;<em>\u00a1Adi\u00f3s querido Cuco!<\/em>&nbsp;&nbsp;<\/p>\n\n\n\n<p class=\"wp-block-paragraph\">Ha puesto en escena obras como&nbsp;<em>Las aventuras de Polo y Jacinta, Un d\u00eda en la vida de Catalina, Ensayo de Luces, Fiona y el orlo, D\u00edas de muertos, Salir al mundo, Los a\u00f1os siguientes a la muerte de John Lennon<\/em>, entre otras.&nbsp;<\/p>\n\n\n\n<p class=\"wp-block-paragraph\"><strong>Obras&nbsp;<\/strong><\/p>\n\n\n\n<p class=\"wp-block-paragraph\">Entre sus obras destacadas se encuentran&nbsp;<em>Un d\u00eda en la vida de Catalina&nbsp;<\/em>(1984)<em>, Las aventuras de Polo y Jacinta&nbsp;<\/em>(1985)<em>, Los t\u00edteres&nbsp;<\/em>(1991)<em>, Feliz a\u00f1o nuevo&nbsp;<\/em>(1994)<em>, La bienvenida&nbsp;<\/em>(1994)<em>, El deseo de Tom\u00e1s&nbsp;<\/em>(1994)<em>, De otras realidades&nbsp;<\/em>(1995)<em>, Lejos de casa&nbsp;<\/em>(1996)<em>, Espacio para la igualdad: El a, b, c de un periodismo no sexista&nbsp;<\/em>(1996)<em>, Las aventuras de G\u00fcicho Quintanilla&nbsp;<\/em>(1996)<em>, Teatro para estudiantes de teatro&nbsp;<\/em>(1996),&nbsp;<em>En d\u00edas de muertos<\/em>&nbsp;(1997),&nbsp;<em>El club del rev\u00e9s<\/em>&nbsp;(1998),&nbsp;<em>Fiona y la cornamusa: un viaje musical al siglo XVI para ni\u00f1as, ni\u00f1os y dem\u00e1s personas<\/em>&nbsp;(1999),&nbsp;<em>Atrapadas en la escuela: cuentos de escritoras mexicanas<\/em>&nbsp;(1999).&nbsp;<\/p>\n\n\n\n<p class=\"wp-block-paragraph\">Empezando el nuevo siglo destacan las obras:&nbsp;&nbsp;<em>Los a\u00f1os siguientes<\/em>&nbsp;(2000),&nbsp;<em>Colecci\u00f3n de colecciones: notas sobre nuestra afici\u00f3n a las cosas<\/em>&nbsp;(2002),&nbsp;<em>La huelga&nbsp;<\/em>(2002),&nbsp;<em>Salir al mundo<\/em>&nbsp;(2002),&nbsp;<em>El mundo del teatro<\/em>&nbsp;(2003),&nbsp;<em>Escena con otra mirada: Antolog\u00eda de dramaturgas<\/em>&nbsp;(2003),&nbsp;<em>Escribir para ni\u00f1as y ni\u00f1os<\/em>&nbsp;(2004),&nbsp;<em>Ni\u00f1as de la guerra: obra para arpista y actriz<\/em>&nbsp;(2004),&nbsp;<em>Revelaciones<\/em>&nbsp;(2006),&nbsp;<em>\u00a1Adi\u00f3s, querido Cuco!<\/em>&nbsp;(2006),&nbsp;<em>Se busca familia<\/em>&nbsp;(2008),&nbsp;<em>Mientras el mundo respira<\/em>&nbsp;(2010),&nbsp;<em>Teatro breve: antolog\u00eda para la formaci\u00f3n actoral<\/em>&nbsp;(2011) y&nbsp;<em>Cartas a una joven dramaturga<\/em>&nbsp;(2018). Actualmente es profesora del Colegio de Teatro de la UNAM.&nbsp;&nbsp;&nbsp;&nbsp;&nbsp;<\/p>\n","protected":false},"excerpt":{"rendered":"<p>La Secretar\u00eda de Cultura del Gobierno de M\u00e9xico y el Instituto Nacional de Bellas Artes y Literatura (Inbal), mediante la Coordinaci\u00f3n Nacional de Literatura (CNL), repasar\u00e1n la obra de la narradora, dramaturga y actriz, Berta Hiriart<\/p>\n","protected":false},"author":3,"featured_media":73766,"comment_status":"open","ping_status":"open","sticky":false,"template":"","format":"standard","meta":{"_monsterinsights_skip_tracking":false,"footnotes":""},"categories":[45,46],"tags":[],"class_list":["post-73764","post","type-post","status-publish","format-standard","has-post-thumbnail","category-cultura","category-cultura-cultura"],"_links":{"self":[{"href":"https:\/\/redsemlac.com\/semmexico\/wp-json\/wp\/v2\/posts\/73764","targetHints":{"allow":["GET"]}}],"collection":[{"href":"https:\/\/redsemlac.com\/semmexico\/wp-json\/wp\/v2\/posts"}],"about":[{"href":"https:\/\/redsemlac.com\/semmexico\/wp-json\/wp\/v2\/types\/post"}],"author":[{"embeddable":true,"href":"https:\/\/redsemlac.com\/semmexico\/wp-json\/wp\/v2\/users\/3"}],"replies":[{"embeddable":true,"href":"https:\/\/redsemlac.com\/semmexico\/wp-json\/wp\/v2\/comments?post=73764"}],"version-history":[{"count":0,"href":"https:\/\/redsemlac.com\/semmexico\/wp-json\/wp\/v2\/posts\/73764\/revisions"}],"wp:featuredmedia":[{"embeddable":true,"href":"https:\/\/redsemlac.com\/semmexico\/wp-json\/wp\/v2\/media\/73766"}],"wp:attachment":[{"href":"https:\/\/redsemlac.com\/semmexico\/wp-json\/wp\/v2\/media?parent=73764"}],"wp:term":[{"taxonomy":"category","embeddable":true,"href":"https:\/\/redsemlac.com\/semmexico\/wp-json\/wp\/v2\/categories?post=73764"},{"taxonomy":"post_tag","embeddable":true,"href":"https:\/\/redsemlac.com\/semmexico\/wp-json\/wp\/v2\/tags?post=73764"}],"curies":[{"name":"wp","href":"https:\/\/api.w.org\/{rel}","templated":true}]}}