{"id":73650,"date":"2023-11-07T13:56:18","date_gmt":"2023-11-07T19:56:18","guid":{"rendered":"https:\/\/redsemlac.com\/semmexico\/?p=73650"},"modified":"2023-11-07T13:56:18","modified_gmt":"2023-11-07T19:56:18","slug":"textura-violeta-tiempos-dificiles-respuestas-valientes","status":"publish","type":"post","link":"https:\/\/redsemlac.com\/semmexico\/textura-violeta-tiempos-dificiles-respuestas-valientes\/","title":{"rendered":"Textura Violeta| Tiempos dif\u00edciles, respuestas valientes"},"content":{"rendered":"\n<p class=\"wp-block-paragraph\"><strong>&nbsp;Drina Ergueta<\/strong><\/p>\n\n\n\n<p class=\"wp-block-paragraph\">SemM\u00e9xico, La Paz, Bolivia.7 de noviembre, 2023.- La ciudad sede de gobierno de Bolivia, La Paz, iniciaba esta semana con la amenaza de los cooperativistas mineros de pr\u00e1cticamente sitiar la urbe por reclamos varios, muy rechazados por el com\u00fan de la poblaci\u00f3n; sin embargo, no es el \u00fanico frente que debe resolver un gobierno que ya no tiene un soporte s\u00f3lido por la divisi\u00f3n interna del partido\/instrumento pol\u00edtico que lo llev\u00f3 al poder. Todo hace prever que se avecinan tiempos dif\u00edciles.<\/p>\n\n\n\n<p class=\"wp-block-paragraph\">Estos cooperativistas, es decir empresarios, ya no son los obreros \u2013 la vanguardia revolucionaria \u2013 que reclamaban sus derechos como trabajadores. &nbsp;Piden pagar menos impuestos e ingresar a m\u00e1s territorios para explotar fundamentalmente oro, una actividad poco controlada que est\u00e1 contaminando de forma terrible tierras y r\u00edos. En este grupo productivo no hay mujeres y su mundo es muy masculinizado, lo que significa la necesidad de demostrar \u201cser macho\u201d, siendo violento de considerarse necesario y, adem\u00e1s, mostrar desprecio a todo lo que sea o se asemeje femenino. Este es un frente.<\/p>\n\n\n\n<p class=\"wp-block-paragraph\">Antes de hablar de otros frentes, hay que recordar que este gobierno es fruto de la unidad de las organizaciones sociales (aglutinados principalmente por grupos cocaleros, el campesinado en sus dos organizaciones de hombres y mujeres, los llamados interculturales, los sindicatos agrupados en la Central Obrera Boliviana, entre otros) tras el llamado Instrumento Pol\u00edtico por la Soberan\u00eda de los Pueblos (MAS-IPSP).&nbsp; Esta unidad hizo posible superar la crisis de 2019 y volver al control del aparato del Estado.<\/p>\n\n\n\n<p class=\"wp-block-paragraph\">La divisi\u00f3n actual en dos fracciones lideradas por Evo Morales y Luis Arce Catacora, que buscan ser candidatos a toda costa, no s\u00f3lo pone en riesgo una reelecci\u00f3n del MAS-IPSP, ya que la divisi\u00f3n llega tambi\u00e9n a las bases obligadas a posicionarse, sino que ya afecta a la gobernabilidad y a la toma de decisiones para enfrentar situaciones cr\u00edticas que con un apoyo social mayoritario ser\u00edan mucho m\u00e1s f\u00e1ciles. &nbsp;Un ejemplo es la no aprobaci\u00f3n en el parlamento, por votos en contra desde el mismo partido, de la ley que establec\u00eda la no prescripci\u00f3n que los delitos relacionados con pederastia (delitos fundamentalmente masculinos).<\/p>\n\n\n\n<p class=\"wp-block-paragraph\">Entre los frentes que hoy amenazan est\u00e1 el cambio clim\u00e1tico, con una sequ\u00eda que ya afecta a siete de los nueve departamentos del pa\u00eds y est\u00e1 poniendo en riesgo el alimento de no s\u00f3lo de las familias campesinas productoras, sino tambi\u00e9n el abastecimiento en las ciudades. Ya se habla de racionamiento de agua en centros urbanos y en los mercados se observa menos abastecimiento y precios m\u00e1s caros, pese a que hasta ahora Bolivia ha sido en Latinoam\u00e9rica el pa\u00eds con la menor inflaci\u00f3n, registrando a septiembre un 2,85% anual y un acumulado del 1,5% seg\u00fan el Banco Central. Son principalmente las mujeres las que tienen que hacer maravillas para llenar la olla y alimentar a la familia.<\/p>\n\n\n\n<p class=\"wp-block-paragraph\">Tambi\u00e9n se prev\u00e9 un panorama econ\u00f3mico complicado por la reducci\u00f3n de ingresos debido a la ca\u00edda de las exportaciones de gas, lo que pone en serias dificultades de seguir subvencionando los combustibles. Dejar de hacerlo, se tiene previsto para 2024, implica un incremento de precios generalizado y una crisis social por ello. Menos posibilidades de llenar la olla.<\/p>\n\n\n\n<p class=\"wp-block-paragraph\">Se prev\u00e9n tiempos dif\u00edciles y se requieren decisiones valientes y la valent\u00eda no es propiedad de los hombres, para nada, si uno se fija bien en asuntos de importancia son las mujeres las valientas. Es hora de que se acaben estas peleas de machos por el poder, que se producen a costa de toda la poblaci\u00f3n.<\/p>\n\n\n\n<p class=\"wp-block-paragraph\">Evidentemente el enfrentamiento pol\u00edtico es parte de la democracia; sin embargo, \u00e9ste debe ser ideol\u00f3gico contra quien piensa distinto y quiere aplicar otras pol\u00edticas y no \u201cpr\u00e1ctico\u201d por manejo del poder, pese a quien pese. Si no hay acuerdos resolutivos y responsables, que haya renuncias ya que en segunda fila hay muchas mujeres que, seguramente, peor no lo sabr\u00edan hacerlo.<\/p>\n","protected":false},"excerpt":{"rendered":"<p>La ciudad sede de gobierno de Bolivia, La Paz, iniciaba esta semana con la amenaza de los cooperativistas mineros de pr\u00e1cticamente sitiar la urbe por reclamos varios, muy rechazados por el com\u00fan de la poblaci\u00f3n<\/p>\n","protected":false},"author":3,"featured_media":8467,"comment_status":"open","ping_status":"open","sticky":false,"template":"","format":"standard","meta":{"_monsterinsights_skip_tracking":false,"footnotes":""},"categories":[77,35,102],"tags":[149,459],"class_list":["post-73650","post","type-post","status-publish","format-standard","has-post-thumbnail","category-drina-ergueta","category-opinion","category-textura-violeta","tag-mujeres","tag-opinion"],"_links":{"self":[{"href":"https:\/\/redsemlac.com\/semmexico\/wp-json\/wp\/v2\/posts\/73650","targetHints":{"allow":["GET"]}}],"collection":[{"href":"https:\/\/redsemlac.com\/semmexico\/wp-json\/wp\/v2\/posts"}],"about":[{"href":"https:\/\/redsemlac.com\/semmexico\/wp-json\/wp\/v2\/types\/post"}],"author":[{"embeddable":true,"href":"https:\/\/redsemlac.com\/semmexico\/wp-json\/wp\/v2\/users\/3"}],"replies":[{"embeddable":true,"href":"https:\/\/redsemlac.com\/semmexico\/wp-json\/wp\/v2\/comments?post=73650"}],"version-history":[{"count":0,"href":"https:\/\/redsemlac.com\/semmexico\/wp-json\/wp\/v2\/posts\/73650\/revisions"}],"wp:featuredmedia":[{"embeddable":true,"href":"https:\/\/redsemlac.com\/semmexico\/wp-json\/wp\/v2\/media\/8467"}],"wp:attachment":[{"href":"https:\/\/redsemlac.com\/semmexico\/wp-json\/wp\/v2\/media?parent=73650"}],"wp:term":[{"taxonomy":"category","embeddable":true,"href":"https:\/\/redsemlac.com\/semmexico\/wp-json\/wp\/v2\/categories?post=73650"},{"taxonomy":"post_tag","embeddable":true,"href":"https:\/\/redsemlac.com\/semmexico\/wp-json\/wp\/v2\/tags?post=73650"}],"curies":[{"name":"wp","href":"https:\/\/api.w.org\/{rel}","templated":true}]}}