{"id":73643,"date":"2023-11-07T13:42:00","date_gmt":"2023-11-07T19:42:00","guid":{"rendered":"https:\/\/redsemlac.com\/semmexico\/?p=73643"},"modified":"2023-11-07T13:42:01","modified_gmt":"2023-11-07T19:42:01","slug":"hallazgos-nellie-campobello","status":"publish","type":"post","link":"https:\/\/redsemlac.com\/semmexico\/hallazgos-nellie-campobello\/","title":{"rendered":"Hallazgos| Nellie Campobello"},"content":{"rendered":"\n<p class=\"wp-block-paragraph\"><strong>Roc\u00edo Fiallega<\/strong><\/p>\n\n\n\n<p class=\"wp-block-paragraph\">SemM\u00e9xico, Ciudad de M\u00e9xico, 7 de noviembre, 2023.- Este 7 de noviembre celebramos un aniversario m\u00e1s del nacimiento de la escritora de la Revoluci\u00f3n Mexicana y pionera de la danza: Nellie Campobello, y parece que cada a\u00f1o el inter\u00e9s por el contexto en el que desarroll\u00f3 su obra, la fuerza de sus palabras, la ferocidad de su car\u00e1cter, la dulzura de su lealtad familiar y su legado precioso, despiertan la necesidad de contar con m\u00e1s elementos de an\u00e1lisis para honrarla.<\/p>\n\n\n\n<p class=\"wp-block-paragraph\">De la mano de Flor Garc\u00eda Rufino y Jes\u00fas Vargas Vald\u00e9s, llega calientito \u201cNellie Campobello con Francisco Villa\u201d, dividido en seis apartados y un anexo fotogr\u00e1fico: la literatura, la revoluci\u00f3n, la pel\u00edcula Viva Villa, la pensi\u00f3n a los hijos de Villa y las Memorias, la danza y la cr\u00edtica a la obra literaria de Nellie Campobello.<\/p>\n\n\n\n<p class=\"wp-block-paragraph\">El texto Rafaela, la flor de ambos autores y Nellie Campobello, la <em>tatacita vir\u00e9 <\/em>se convierten en una condensaci\u00f3n del trabajo historiogr\u00e1fico, el conocimiento, reconocimiento y gran amor a la autora de Las manos de mam\u00e1.<\/p>\n\n\n\n<p class=\"wp-block-paragraph\">Por su parte, en la colecci\u00f3n Insurrectas, con edici\u00f3n, pr\u00f3logo y notas de Patricia Rosas Lop\u00e1tegui, encontramos los tomos 3 y 4 sobre \u201cNellie y Gloria Campobello\u201d.<\/p>\n\n\n\n<p class=\"wp-block-paragraph\">El tomo 3, \u201cEl fuego de la creaci\u00f3n\u201d, focaliza su atenci\u00f3n sobre Nellie, pues adem\u00e1s de una selecci\u00f3n de su obra Po\u00e9tica (Yo!), narrativa (Cartucho. Relatos de la lucha en el Norte de M\u00e9xico) de investigaci\u00f3n (Apuntes sobre la vida militar de Francisco Villa y Ritmos ind\u00edgenas de M\u00e9xico -coautor\u00eda con su hermana Gloria-) o miscel\u00e1neo (Mis libros), podemos deleitarnos con sus escritos publicados en Revista de revistas, El Universal, Todo, Ruta o Tiempo.<\/p>\n\n\n\n<p class=\"wp-block-paragraph\">Conocemos tambi\u00e9n algunas entrevistas publicadas que le realizaron y art\u00edculos sobre sus obras; as\u00ed como las notas y reportajes de Rosario Manzanos y Raquel Peguero alrededor de su desaparici\u00f3n, y un hermoso bagaje de fotograf\u00edas.<\/p>\n\n\n\n<p class=\"wp-block-paragraph\">Asimismo, incluye la correspondencia entre Mart\u00edn Luis Guzm\u00e1n y Nellie Campobello de 1936 a 1956 (considerando que el Ballet de la Ciudad de M\u00e9xico realiz\u00f3 sus tres temporadas entre 1942 a 1947); tambi\u00e9n se incluye el contrato entre el autor de El \u00e1guila y la Serpiente, Nellie Campobello y la viuda de Villa, Austreberta Renter\u00eda, para la creaci\u00f3n del libro Memorias de Pancho Villa.<\/p>\n\n\n\n<p class=\"wp-block-paragraph\">En la correspondencia de Mart\u00edn Luis Guzm\u00e1n con ella, observamos su gran admiraci\u00f3n por la escritora de Cartucho\u2026, pues se\u00f1ala que: \u201cEl libro es excelente y est\u00e1 lleno de aciertos\u2026 est\u00e1 sembrado de pasajes de un raro vigor\u2026 su lectura produce una emoci\u00f3n hond\u00edsima\u201d, adem\u00e1s de considerarla como su mujer.<\/p>\n\n\n\n<p class=\"wp-block-paragraph\">Por su parte, las cartas, recados o telegramas que ella le env\u00eda a \u00e9l est\u00e1n llenas de \u201cdevoci\u00f3n y cari\u00f1o\u201d, de intimidad y respeto, adem\u00e1s de la val\u00eda que ten\u00eda por su opini\u00f3n, siendo ella una <em>Tatacita<\/em>. Por otro lado, se incluyen tres cartas de Jos\u00e9 Clemente Orozco a Gloria Campobello.<\/p>\n\n\n\n<p class=\"wp-block-paragraph\">El tomo 4 de la serie Insurrectas, lleva como subt\u00edtulo \u201cEl fuego de la creaci\u00f3n\u2026 contin\u00faa\u201d, en el que se incluyen rese\u00f1as desde la participaci\u00f3n de las hermanas Campobello en el Ballet Carroll, su viaje a La Habana, los ballets de masas, las presentaciones e historia danc\u00edstica de ambas.<\/p>\n\n\n\n<p class=\"wp-block-paragraph\">Asimismo, un poema de Manuel Maples Arce a Gloria Campobello, rese\u00f1as sobre los libros de Nellie, as\u00ed como las notas relacionadas con la Escuela Nacional de Danza en los \u00faltimos a\u00f1os que ella fue directora, para despu\u00e9s conocer el seguimiento de la desaparici\u00f3n de la escritora de la Revoluci\u00f3n Mexicana y otras remembranzas.<\/p>\n\n\n\n<p class=\"wp-block-paragraph\">Estas obras nos invitan a ahondar en la trayectoria de Nellie Campobello y su hermana Gloria, adem\u00e1s de concentrar muchas horas de biblioteca en unas cuantas cuartillas, pero sobre todo el reconocimiento a ambas mexicanas para la reconstrucci\u00f3n de su creativa intervenci\u00f3n en la historia nacional de las artes.<\/p>\n","protected":false},"excerpt":{"rendered":"<p>Este 7 de noviembre celebramos un aniversario m\u00e1s del nacimiento de la escritora de la Revoluci\u00f3n Mexicana y pionera de la danza: Nellie Campobello<\/p>\n","protected":false},"author":3,"featured_media":39324,"comment_status":"open","ping_status":"open","sticky":false,"template":"","format":"standard","meta":{"_monsterinsights_skip_tracking":false,"footnotes":""},"categories":[620,35,621],"tags":[459],"class_list":["post-73643","post","type-post","status-publish","format-standard","has-post-thumbnail","category-hallazgos","category-opinion","category-rocio-fiallega","tag-opinion"],"_links":{"self":[{"href":"https:\/\/redsemlac.com\/semmexico\/wp-json\/wp\/v2\/posts\/73643","targetHints":{"allow":["GET"]}}],"collection":[{"href":"https:\/\/redsemlac.com\/semmexico\/wp-json\/wp\/v2\/posts"}],"about":[{"href":"https:\/\/redsemlac.com\/semmexico\/wp-json\/wp\/v2\/types\/post"}],"author":[{"embeddable":true,"href":"https:\/\/redsemlac.com\/semmexico\/wp-json\/wp\/v2\/users\/3"}],"replies":[{"embeddable":true,"href":"https:\/\/redsemlac.com\/semmexico\/wp-json\/wp\/v2\/comments?post=73643"}],"version-history":[{"count":0,"href":"https:\/\/redsemlac.com\/semmexico\/wp-json\/wp\/v2\/posts\/73643\/revisions"}],"wp:featuredmedia":[{"embeddable":true,"href":"https:\/\/redsemlac.com\/semmexico\/wp-json\/wp\/v2\/media\/39324"}],"wp:attachment":[{"href":"https:\/\/redsemlac.com\/semmexico\/wp-json\/wp\/v2\/media?parent=73643"}],"wp:term":[{"taxonomy":"category","embeddable":true,"href":"https:\/\/redsemlac.com\/semmexico\/wp-json\/wp\/v2\/categories?post=73643"},{"taxonomy":"post_tag","embeddable":true,"href":"https:\/\/redsemlac.com\/semmexico\/wp-json\/wp\/v2\/tags?post=73643"}],"curies":[{"name":"wp","href":"https:\/\/api.w.org\/{rel}","templated":true}]}}