{"id":73622,"date":"2023-11-07T13:13:55","date_gmt":"2023-11-07T19:13:55","guid":{"rendered":"https:\/\/redsemlac.com\/semmexico\/?p=73622"},"modified":"2023-11-07T13:13:55","modified_gmt":"2023-11-07T19:13:55","slug":"fortalece-evelyn-salgado-pineda-la-estrategia-de-busqueda-de-personas-no-localizadas-tras-el-paso-del-huracan-otis-y-entrega-digna-33-personas-sin-vida-victimas-reciben-familiare","status":"publish","type":"post","link":"https:\/\/redsemlac.com\/semmexico\/fortalece-evelyn-salgado-pineda-la-estrategia-de-busqueda-de-personas-no-localizadas-tras-el-paso-del-huracan-otis-y-entrega-digna-33-personas-sin-vida-victimas-reciben-familiare\/","title":{"rendered":"Fortalece Evelyn Salgado Pineda la estrategia de b\u00fasqueda de personas no localizadas tras el paso del hurac\u00e1n \u201cOtis\u201d y \u00abentrega digna\u00bb 33 personas sin vida victimas reciben familiares"},"content":{"rendered":"\n<ul class=\"wp-block-list\">\n<li><strong>Se integran 23 equipos interinstitucionales que permitir\u00e1n redoblar los esfuerzos que se han iniciado por parte del gobierno del estado<\/strong><\/li>\n<\/ul>\n\n\n\n<ul class=\"wp-block-list\">\n<li><strong>A la fecha se han localizado a 973 personas<\/strong><\/li>\n<\/ul>\n\n\n\n<p class=\"wp-block-paragraph\"><strong>Isabel Ortega Morales<\/strong><\/p>\n\n\n\n<p class=\"wp-block-paragraph\">SemM\u00e9xico\/Suriana Radio\/Ceprovysa, Acapulco, Gro., 7 de noviembre, 2023.- La gobernadora Evelyn Salgado Pineda anunci\u00f3 el fortalecimiento de la estrategia de la b\u00fasqueda de personas no localizadas tras el paso del Hurac\u00e1n \u201cOtis\u201d, esto a trav\u00e9s de la consolidaci\u00f3n de equipos interinstitucionales, lo que permitir\u00e1 ampliar las acciones que se est\u00e1n llevando a cabo y redoblar esfuerzos para lograr el reencuentro de las familias. Para ello se cuenta con el apoyo de la Fiscal\u00eda General del Estado de Guerrero, la Secretar\u00eda de Marina, la Comisi\u00f3n Estatal de los Derechos Humanos, la Comisi\u00f3n Nacional de B\u00fasqueda, la Comisi\u00f3n Estatal de B\u00fasqueda de Personas, la Secretar\u00eda General de Gobierno del Estado de Guerrero, Secretar\u00eda de Seguridad P\u00fablica, entre otros.<\/p>\n\n\n<div class=\"wp-block-image\">\n<figure class=\"alignleft size-full is-resized\"><a href=\"https:\/\/redsemlac.com\/semmexico\/wp-content\/uploads\/2023\/11\/Imagen2-2.jpg\"><img loading=\"lazy\" decoding=\"async\" width=\"322\" height=\"484\" src=\"https:\/\/redsemlac.com\/semmexico\/wp-content\/uploads\/2023\/11\/Imagen2-2.jpg\" alt=\"\" class=\"wp-image-73626\" style=\"aspect-ratio:0.6652892561983471;width:178px;height:auto\"\/><\/a><\/figure>\n<\/div>\n\n\n<p class=\"wp-block-paragraph\">\u201cEsta nueva reestructuraci\u00f3n nos va a permitir hacer m\u00e1s en un corto plazo, para ir trabajando m\u00e1s r\u00e1pido y dar resultados efectivos. Es indicaci\u00f3n de nuestro presidente Andr\u00e9s Manuel L\u00f3pez Obrador, que a la brevedad demos resultados\u201d, se\u00f1al\u00f3.<\/p>\n\n\n\n<p class=\"wp-block-paragraph\">En la reuni\u00f3n realizada en las instalaciones de la D\u00e9cima Segunda Regi\u00f3n Naval, la gobernadora agradeci\u00f3 al comandante Alfredo Hern\u00e1ndez Su\u00e1rez, por toda la operaci\u00f3n log\u00edstica que se est\u00e1 llevando a cabo, as\u00ed como a todas y cada una de las dependencias que est\u00e1n participando en esta acci\u00f3n, lo que ha permitido hasta al momento localizar a 973 personas.<\/p>\n\n\n\n<p class=\"wp-block-paragraph\">Explic\u00f3 que la finalidad es reforzar las acciones iniciadas por el gobierno del estado, para lograr la localizaci\u00f3n de quienes han perdido comunicaci\u00f3n con sus familiares, por lo que se han dispuesto 23 equipos interinstitucionales adicionales, los cuales tienen una participaci\u00f3n intensa en las diferentes labores que se han puesto en marcha.<\/p>\n\n\n\n<p class=\"wp-block-paragraph\"><strong><em>Fiscal\u00eda General del Estado con protocolos \u00abentrega digna\u00bb 33 personas sin vida v\u00edctimas de Otis, reciben familiares<\/em><\/strong><\/p>\n\n\n\n<figure class=\"wp-block-image size-full\"><a href=\"https:\/\/redsemlac.com\/semmexico\/wp-content\/uploads\/2023\/11\/Imagen3-2.jpg\"><img loading=\"lazy\" decoding=\"async\" width=\"787\" height=\"524\" src=\"https:\/\/redsemlac.com\/semmexico\/wp-content\/uploads\/2023\/11\/Imagen3-2.jpg\" alt=\"\" class=\"wp-image-73623\"\/><\/a><\/figure>\n\n\n\n<figure class=\"wp-block-image size-full\"><a href=\"https:\/\/redsemlac.com\/semmexico\/wp-content\/uploads\/2023\/11\/Imagen4-2.jpg\"><img loading=\"lazy\" decoding=\"async\" width=\"779\" height=\"519\" src=\"https:\/\/redsemlac.com\/semmexico\/wp-content\/uploads\/2023\/11\/Imagen4-2.jpg\" alt=\"\" class=\"wp-image-73624\"\/><\/a><\/figure>\n\n\n\n<p class=\"wp-block-paragraph\"><a href=\"https:\/\/ceprovysa.com\/?p=68144\"><\/a><\/p>\n\n\n\n<p class=\"wp-block-paragraph\">Paralelamente la Fiscal General del Estado, Sandra Luz Valdovinos Salmer\u00f3n, dio a conocer a la Mandataria Estatal que la instituci\u00f3n a su cargo ha integrado 27 equipos de b\u00fasqueda de personas desaparecidas en el marco de la afectaci\u00f3n que ocasion\u00f3 el Hurac\u00e1n Otis en el Puerto de Acapulco.<\/p>\n\n\n\n<p class=\"wp-block-paragraph\">La Fiscal de Guerrero agreg\u00f3 que \u201cAgentes de la Polic\u00eda Investigadora Ministerial, personal de la Unidad Canina de B\u00fasqueda de la #FGEGuerrero, de la Coordinaci\u00f3n General de Servicios Periciales, as\u00ed como personal de la Fiscal\u00eda CDMX y de la Secretar\u00eda de Gesti\u00f3n Integral de Riesgos y Protecci\u00f3n Civil, contin\u00faan realizando trabajos para la localizaci\u00f3n de personas con reporte de desaparici\u00f3n en la Colonia Francisco Villa, empleando maquinaria pesada obtenida mediante gestiones realizadas en el Municipio de Acapulco de Ju\u00e1rez\u201d, entre otros puntos.<\/p>\n\n\n<div class=\"wp-block-image\">\n<figure class=\"aligncenter size-full\"><a href=\"https:\/\/redsemlac.com\/semmexico\/wp-content\/uploads\/2023\/11\/Imagen5-2.jpg\"><img loading=\"lazy\" decoding=\"async\" width=\"739\" height=\"462\" src=\"https:\/\/redsemlac.com\/semmexico\/wp-content\/uploads\/2023\/11\/Imagen5-2.jpg\" alt=\"\" class=\"wp-image-73625\"\/><\/a><\/figure>\n<\/div>\n\n\n<p class=\"wp-block-paragraph\">La Fiscal General del Estado, Sandra Luz Valdovinos Salmer\u00f3n, en compa\u00f1\u00eda del Equipo Multidisciplinario de Identificaci\u00f3n Humana de la Coordinaci\u00f3n General de los Servicios Periciales, realizan notificaci\u00f3n de la identificaci\u00f3n del cuerpo a familiares de 33 v\u00edctimas que ten\u00edan reporte de desaparici\u00f3n tras el paso del Hurac\u00e1n Otis.<\/p>\n\n\n\n<p class=\"wp-block-paragraph\">Valdovinos Salmer\u00f3n apunt\u00f3 que \u201cCon el objetivo de brindar informaci\u00f3n y recabar datos de personas no localizadas, as\u00ed como realizar cuestionarios y toma de muestras de ADN\u201d, la #FGEGuerrero instal\u00f3 un M\u00f3dulo de Atenci\u00f3n en el Palacio Federal de Acapulco, ubicado en la avenida Costera Miguel Alem\u00e1n, en la colonia Centro.<\/p>\n\n\n\n<p class=\"wp-block-paragraph\">Asimismo, dio a conocer que la Fiscal\u00eda Especializada en Atenci\u00f3n a Turistas de la #FGEGuerrero, localiz\u00f3 a Fran\u00e7ois \u201cN\u201d, originario de Francia, en un Hotel del poblado Bonfil, as\u00ed como a Mar\u00eda de la Luz \u201cN\u201d, originaria de E.E. U.U. en un domicilio de la colonia Clemencia, en Acapulco, ambos en perfecto estado de salud, mismos que fueron canalizados para recibir asistencia de sus respectivos consulados<\/p>\n","protected":false},"excerpt":{"rendered":"<p>A la fecha se han localizado a 973 personas<\/p>\n","protected":false},"author":3,"featured_media":73627,"comment_status":"open","ping_status":"open","sticky":false,"template":"","format":"standard","meta":{"_monsterinsights_skip_tracking":false,"footnotes":""},"categories":[27],"tags":[144,743],"class_list":["post-73622","post","type-post","status-publish","format-standard","has-post-thumbnail","category-cobertura-especial","tag-guerrero","tag-otis"],"_links":{"self":[{"href":"https:\/\/redsemlac.com\/semmexico\/wp-json\/wp\/v2\/posts\/73622","targetHints":{"allow":["GET"]}}],"collection":[{"href":"https:\/\/redsemlac.com\/semmexico\/wp-json\/wp\/v2\/posts"}],"about":[{"href":"https:\/\/redsemlac.com\/semmexico\/wp-json\/wp\/v2\/types\/post"}],"author":[{"embeddable":true,"href":"https:\/\/redsemlac.com\/semmexico\/wp-json\/wp\/v2\/users\/3"}],"replies":[{"embeddable":true,"href":"https:\/\/redsemlac.com\/semmexico\/wp-json\/wp\/v2\/comments?post=73622"}],"version-history":[{"count":0,"href":"https:\/\/redsemlac.com\/semmexico\/wp-json\/wp\/v2\/posts\/73622\/revisions"}],"wp:featuredmedia":[{"embeddable":true,"href":"https:\/\/redsemlac.com\/semmexico\/wp-json\/wp\/v2\/media\/73627"}],"wp:attachment":[{"href":"https:\/\/redsemlac.com\/semmexico\/wp-json\/wp\/v2\/media?parent=73622"}],"wp:term":[{"taxonomy":"category","embeddable":true,"href":"https:\/\/redsemlac.com\/semmexico\/wp-json\/wp\/v2\/categories?post=73622"},{"taxonomy":"post_tag","embeddable":true,"href":"https:\/\/redsemlac.com\/semmexico\/wp-json\/wp\/v2\/tags?post=73622"}],"curies":[{"name":"wp","href":"https:\/\/api.w.org\/{rel}","templated":true}]}}