{"id":73528,"date":"2023-11-06T13:39:11","date_gmt":"2023-11-06T19:39:11","guid":{"rendered":"https:\/\/redsemlac.com\/semmexico\/?p=73528"},"modified":"2023-11-06T13:39:12","modified_gmt":"2023-11-06T19:39:12","slug":"violeta-no-solo-es-un-color","status":"publish","type":"post","link":"https:\/\/redsemlac.com\/semmexico\/violeta-no-solo-es-un-color\/","title":{"rendered":"Violeta no solo es un color"},"content":{"rendered":"\n<p class=\"wp-block-paragraph\">Emma Rubio<br>SemM\u00e9xico, Ciudad de M\u00e9xico, 6 de noviembre, 2023.- Hace unos d\u00edas, una mujer de 27 a\u00f1os, madre de un ni\u00f1o y una ni\u00f1a sali\u00f3 junto con sus peque\u00f1os a hacer una entrega de sus ventas de t\u00faper ware a la casa de una de sus clientas.<\/p>\n\n\n\n<p class=\"wp-block-paragraph\"><br>Sali\u00f3 temprano para comenzar su d\u00eda, pero ya no regres\u00f3 a casa. Con las horas pasadas, fueron develando la verdad, Violeta fue asesinada por un hombre; al parecer la pareja de su clienta, quien a su vez viol\u00f3 a su peque\u00f1a hija de 5 a\u00f1os, tras ser testigo de la violaci\u00f3n de su propia hija, es que decidieron que lo mejor era callarla para siempre. No conforme con esto mataron al peque\u00f1o de 4 a\u00f1os y seguramente creyeron haber matado a la peque\u00f1a.<\/p>\n\n\n\n<p class=\"wp-block-paragraph\"><br>Esta historia de terror es lo que le ha pasado a Violeta a quien hoy no hay palabra que describa lo que en realidad le pas\u00f3; ni a ella ni a sus dos peque\u00f1os.<\/p>\n\n\n\n<p class=\"wp-block-paragraph\"><br>Hace tiempo que no me pon\u00eda al teclado, pues sent\u00eda que nada pod\u00eda decir, sin embargo, hoy no puedo callar el dolor que me genera saber que una vez m\u00e1s y que seguramente mientras escribo esto, siguen pasando otros m\u00e1s feminicidios, m\u00e1s violaciones a ni\u00f1as y asesinatos de peque\u00f1os, casi beb\u00e9s.<\/p>\n\n\n\n<p class=\"wp-block-paragraph\"><br>No deja de darme vueltas en mi mente la pregunta \u00bfqui\u00e9n es capaz de da\u00f1ar tanto? \u00bfc\u00f3mo alguien puede matar a un ser humano que apenas y est\u00e1 comenzando a vivir? \u00bfqu\u00e9 hace que alguien sea capaz de da\u00f1ar a una peque\u00f1a? \u00bfqu\u00e9 tanto da\u00f1o recibi\u00f3 en su vida como para no importarle matar a una madre y sus dos peque\u00f1os? Es este el mundo en el que vivimos y de verdad que no tengo respuesta para estas preguntas, mi mente no alcanza a procesar la sola idea de que alguien sea capaz de generar tanto dolor y tanto da\u00f1o.<\/p>\n\n\n\n<p class=\"wp-block-paragraph\"><br>El mundo est\u00e1 inmerso en una violencia que al parecer se ha instalado como la neblina en un paisaje lluvioso. Duele mucho el mundo y confieso que de momentos me he emplazado en la desesperanza pues no veo como por d\u00f3nde podr\u00edamos hacer que la situaci\u00f3n mejore. Vivimos en un estado de excepci\u00f3n, vivimos en la tierra de nadie. No hay gobierno que pueda ya poner control a la violencia no solo desatada por a\u00f1os sino asumida y asimilada como parte de nuestra existencia. Pensar la muerte como parte de la naturaleza est\u00e1 bien, pero pensar la muerte como una posibilidad por el hecho de salir es desesperanzador.<\/p>\n\n\n\n<p class=\"wp-block-paragraph\"><br>Podremos culpar a la estructura pol\u00edtica y no solo a la de ahora, sino a la que comenz\u00f3 permitiendo que el delincuente pueda habitar libremente no solo por nuestras calles sino por nuestra vida. Les han permitido meterse a lo m\u00e1s \u00edntimo de la sociedad, a las almas.<\/p>\n\n\n\n<p class=\"wp-block-paragraph\"> Sirvi\u00e9ndose de ellas como la mercanc\u00eda que transportan. Nos han dejado a la ciudadan\u00eda en la m\u00e1s pura y absoluta orfandad, donde tener un anhelo se ha convertido en lo inalcanzable pues basta ver todos los negocios cerrados ac\u00e1 en donde vivo debido a que ya no les alcanza a dar la cuota y poder sobrevivir de su trabajo. Basta ver c\u00f3mo resulta amenazante caminar por las noches por cualquier calle. Pero Violeta \u00bfqu\u00e9 pas\u00f3 con Violeta? Solo sali\u00f3 en la ma\u00f1ana a entregar el pedido que le hicieron, sali\u00f3 a ganarse unos pesos para poder aportar a su hogar.<\/p>\n\n\n\n<p class=\"wp-block-paragraph\"><br>S\u00ed, M\u00e9xico no es Palestina, pero si en verdad supi\u00e9ramos los datos de los ni\u00f1os, ni\u00f1as, mujeres y hombres que han sido asesinados y desaparecidos, las estad\u00edsticas no ser\u00edan muy diferentes en cuanto a mortandad. Quiz\u00e1 algunos dir\u00e1n que mi comparativo es exagerado y posiblemente s\u00ed un poco pues Palestina lleva d\u00e9cadas siendo ultrajada \u00bfy M\u00e9xico? pues tambi\u00e9n, aunque unas cuantas menos con respecto a la violencia.<\/p>\n\n\n\n<p class=\"wp-block-paragraph\"><br>Podr\u00e1n decirme que aqu\u00ed en M\u00e9xico no hay bombardeos ni ataques a\u00e9reos y es verdad, pero s\u00ed hay balaceras y despojos de las familias de sus tierras y hogares, hay cientos de pueblos que se han tenido que ver obligados a ser abandonados sin que la gente tenga posibilidad de llevarse sus cosas. La delincuencia ha generado un \u00e9xodo de mexicanos y de eso casi nadie habla a menos que vea alg\u00fan documental o saquen alguna serie en Netflix, de lo contrario es una realidad que pasa desapercibida a menos que te toque de manera directa. Y es que es justo eso, nos tiene que pasar frente a las narices para sentirnos tocados y dolidos.<\/p>\n\n\n\n<p class=\"wp-block-paragraph\"><br>Hoy, la familia de Violeta es una m\u00e1s de las miles de familias afectadas en este crudo pa\u00eds. M\u00e9xico es un pa\u00eds de lo m\u00e1s bello, lleno de recursos naturales, riquezas que otros pa\u00edses envidian y por eso hasta nos han robado, un pa\u00eds en el que la gente se destaca por ser amable, servicial, trabajadora y buena, pero \u00bfentonces? \u00bfqu\u00e9 hace que cientos de mexicanos ya est\u00e9n en las filas de la delincuencia organizada y as\u00ed como quitar la mala yerba de un campo arrancan la vida a otros seres? El dolor que hoy siento por lo que pas\u00f3 con Violeta y su peque\u00f1o hijo y su peque\u00f1a y sobreviviente hija, es el dolor que debemos compartir todos los mexicanos.<\/p>\n\n\n\n<p class=\"wp-block-paragraph\"><br>Hoy no tengo idea de c\u00f3mo contribuir para que esto ya pare, no sabr\u00eda qu\u00e9 proponer, pero por eso lo pongo sobre la mesa porque este dolor no debe pasar, no debe cicatrizar esta herida a nadie porque son millones de vidas que a\u00fan permanecen sin justicia. Hoy ya se sabe qui\u00e9n mat\u00f3 a Violeta y a su peque\u00f1o hijo, hoy ya se sabe qui\u00e9n viol\u00f3 a su peque\u00f1a hija, pero est\u00e1 libre, huyendo y con el historial de que no ha sido la primera vez, que es un pederasta solapado por su pareja, hoy se ofrece recompensa. Lo \u00fanico que me devolver\u00e1 un poco de esperanza es que en verdad alguien lo entregue si no por ser lo correcto de menos, por obtener el dinero. Mi fe en la humanidad se est\u00e1 agotando. Violeta no es solo una estad\u00edstica, Violeta no solo es un color, Violeta es una m\u00e1s que tan solo quer\u00eda vivir y ser mam\u00e1.<\/p>\n\n\n\n<p class=\"wp-block-paragraph\"><br>Difundido por Julio Astillero @Hadacosquillas<\/p>\n","protected":false},"excerpt":{"rendered":"<p>Hace unos d\u00edas, una mujer de 27 a\u00f1os, madre de un ni\u00f1o y una ni\u00f1a sali\u00f3 junto con sus peque\u00f1os a hacer una entrega de sus ventas de t\u00faper ware a la casa de una de sus clientas.<\/p>\n","protected":false},"author":3,"featured_media":73529,"comment_status":"open","ping_status":"open","sticky":false,"template":"","format":"standard","meta":{"_monsterinsights_skip_tracking":false,"footnotes":""},"categories":[48],"tags":[142],"class_list":["post-73528","post","type-post","status-publish","format-standard","has-post-thumbnail","category-no-mas-impunidad-no-mas-impunidad","tag-violencia"],"_links":{"self":[{"href":"https:\/\/redsemlac.com\/semmexico\/wp-json\/wp\/v2\/posts\/73528","targetHints":{"allow":["GET"]}}],"collection":[{"href":"https:\/\/redsemlac.com\/semmexico\/wp-json\/wp\/v2\/posts"}],"about":[{"href":"https:\/\/redsemlac.com\/semmexico\/wp-json\/wp\/v2\/types\/post"}],"author":[{"embeddable":true,"href":"https:\/\/redsemlac.com\/semmexico\/wp-json\/wp\/v2\/users\/3"}],"replies":[{"embeddable":true,"href":"https:\/\/redsemlac.com\/semmexico\/wp-json\/wp\/v2\/comments?post=73528"}],"version-history":[{"count":0,"href":"https:\/\/redsemlac.com\/semmexico\/wp-json\/wp\/v2\/posts\/73528\/revisions"}],"wp:featuredmedia":[{"embeddable":true,"href":"https:\/\/redsemlac.com\/semmexico\/wp-json\/wp\/v2\/media\/73529"}],"wp:attachment":[{"href":"https:\/\/redsemlac.com\/semmexico\/wp-json\/wp\/v2\/media?parent=73528"}],"wp:term":[{"taxonomy":"category","embeddable":true,"href":"https:\/\/redsemlac.com\/semmexico\/wp-json\/wp\/v2\/categories?post=73528"},{"taxonomy":"post_tag","embeddable":true,"href":"https:\/\/redsemlac.com\/semmexico\/wp-json\/wp\/v2\/tags?post=73528"}],"curies":[{"name":"wp","href":"https:\/\/api.w.org\/{rel}","templated":true}]}}