{"id":73522,"date":"2023-11-06T12:16:24","date_gmt":"2023-11-06T18:16:24","guid":{"rendered":"https:\/\/redsemlac.com\/semmexico\/?p=73522"},"modified":"2023-11-06T12:16:24","modified_gmt":"2023-11-06T18:16:24","slug":"trabajo-en-equipo-fortalece-acciones-para-que-guerrero-y-acapulco-vuelvan-a-brillar","status":"publish","type":"post","link":"https:\/\/redsemlac.com\/semmexico\/trabajo-en-equipo-fortalece-acciones-para-que-guerrero-y-acapulco-vuelvan-a-brillar\/","title":{"rendered":"TRABAJO EN EQUIPO FORTALECE ACCIONES PARA QUE GUERRERO Y ACAPULCO VUELVAN A BRILLAR"},"content":{"rendered":"\n<p class=\"wp-block-paragraph\">*Redoblan esfuerzos para que Guerrero vuelva a brillar<\/p>\n\n\n\n<p class=\"wp-block-paragraph\">*Se han censado 150 mil viviendas y ya operan con normalidad 50 gasolineras en Acapulco<\/p>\n\n\n\n<p class=\"wp-block-paragraph\"><br>Redacci\u00f3n<br>SemM\u00e9xico\/Ceprovysa, Acapulco Gro. 6 de noviembre. 2023. \u2013 Para atender los temas m\u00e1s apremiantes de la poblaci\u00f3n, la gobernadora Evelyn Salgado Pineda y la secretaria de Gobernaci\u00f3n, Luisa Mar\u00eda Alcalde Luj\u00e1n, encabezaron una reuni\u00f3n de trabajo en el Centro de Mando para la Atenci\u00f3n de Efectos del Hurac\u00e1n \u201cOtis\u201d, junto a representantes de los tres \u00f3rdenes de gobierno donde se hizo un balance de los trabajos realizado.<\/p>\n\n\n\n<p class=\"wp-block-paragraph\"><br>Se inform\u00f3 que a trav\u00e9s del programa de \u201cB\u00fasqueda de Personas\u201d, a la fecha se han logrado localizar a 872 ciudadanos reportados como desaparecidos, con el apoyo y la fuerza con 30 brigadas simult\u00e1neas puestas en operaci\u00f3n en la zona devastada.<br>El gobierno del estado contin\u00faa realizando la entrega gratuita de agua clorada en pipas a las colonias, como parte del plan emergente, distribuyendo m\u00e1s de un mill\u00f3n 400 mil litros diarios.<\/p>\n\n\n\n<p class=\"wp-block-paragraph\"><br>A trav\u00e9s de Salud Guerrero, se intensificaron tambi\u00e9n las brigadas de vectores contra el dengue, zika y Chikungunya, a fin de prevenir para que la poblaci\u00f3n no se vea afectada por ese padecimiento.<\/p>\n\n\n\n<p class=\"wp-block-paragraph\"><br>*Priorizan tres niveles de gobierno recolecci\u00f3n de basura en puntos negros del puerto<br>*Combate salud al Dengue, Zika y Chikungunya con brigadas de fumigaci\u00f3n<br>Tambi\u00e9n se han intervenido 60.2 kil\u00f3metros lineales en calles y avenidas a trav\u00e9s de las labores de limpieza por parte del Gobierno del Estado de Guerrero y se prioriza la recolecci\u00f3n y destino final de los desechos s\u00f3lidos, a fin de evitar un problema mayor de salud e infecciones en la poblaci\u00f3n civil.<\/p>\n\n\n\n<p class=\"wp-block-paragraph\"><br>Por su parte, la Secretar\u00eda de Bienestar ha censado al momento a un total de 150 mil 020 viviendas y comercios en Acapulco y Coyuca de Ben\u00edtez. Mientras tanto, se detall\u00f3 que ya se encuentran operando 50 gasolineras, abasteciendo a la poblaci\u00f3n de manera normal.<br>En tanto, la Secretar\u00eda de Desarrollo Agrario, Territorial y Urbano (SEDATU), concluy\u00f3 los censos en los pol\u00edgonos prioritarios para conocer las afectaciones en plazas, mercados y espacios p\u00fablicos en las colonias, con el fin de elaborar el plan estrat\u00e9gico de reconstrucci\u00f3n y con la suma de voluntades y trabajo en equipo de fortalezcan las acciones de la mano de los tres \u00f3rdenes de gobierno en la recuperaci\u00f3n de Acapulco.<\/p>\n\n\n\n<p class=\"wp-block-paragraph\"><br>En la reuni\u00f3n estuvieron presentes el Secretario de Marina, Jos\u00e9 Rafael Ojeda Dur\u00e1n; la alcaldesa de Acapulco, Abelina L\u00f3pez Rodr\u00edguez; la secretaria de Bienestar, Ariadna Montiel; el titular de SEDATU, Rom\u00e1n Meyer Falc\u00f3n; el secretario de Salud, Jorge Alcocer; la secretaria de Cultura, Alejandra Frausto Guerrero, entre otros funcionarios estatales, federales y municipales.<\/p>\n\n\n\n<p class=\"wp-block-paragraph\"><br><strong>Instala Yoloczin Dom\u00ednguez comedor comunitario en El Veladero<\/strong><\/p>\n\n\n\n<p class=\"wp-block-paragraph\">La diputada local Yoloczin Dom\u00ednguez Serna visit\u00f3 el poblado de El Veladero, en la zona rural de Acapulco, d\u00f3nde instal\u00f3 un comedor comunitario para apoyar a las familias que fueron afectadas por el hurac\u00e1n Otis.<\/p>\n\n\n\n<p class=\"wp-block-paragraph\">Acompa\u00f1ada de su equipo pol\u00edtico, la presidenta de la Junta de Coordinaci\u00f3n Pol\u00edtica del Congreso de Guerrero tambi\u00e9n hizo entrega de v\u00edveres ante la escasez de alimentos que enfrenta el municipio.<\/p>\n\n\n\n<figure class=\"wp-block-gallery has-nested-images columns-default is-cropped wp-block-gallery-1 is-layout-flex wp-block-gallery-is-layout-flex\">\n<figure class=\"wp-block-image size-large\"><a href=\"https:\/\/redsemlac.com\/semmexico\/wp-content\/uploads\/2023\/11\/Screenshot_20231106_121432_Word.jpg\"><img loading=\"lazy\" decoding=\"async\" width=\"758\" height=\"998\" data-id=\"73524\" src=\"https:\/\/redsemlac.com\/semmexico\/wp-content\/uploads\/2023\/11\/Screenshot_20231106_121432_Word.jpg\" alt=\"\" class=\"wp-image-73524\"\/><\/a><\/figure>\n\n\n\n<figure class=\"wp-block-image size-large\"><a href=\"https:\/\/redsemlac.com\/semmexico\/wp-content\/uploads\/2023\/11\/Screenshot_20231106_121414_Word.jpg\"><img loading=\"lazy\" decoding=\"async\" width=\"480\" height=\"374\" data-id=\"73523\" src=\"https:\/\/redsemlac.com\/semmexico\/wp-content\/uploads\/2023\/11\/Screenshot_20231106_121414_Word.jpg\" alt=\"\" class=\"wp-image-73523\"\/><\/a><\/figure>\n\n\n\n<figure class=\"wp-block-image size-large\"><a href=\"https:\/\/redsemlac.com\/semmexico\/wp-content\/uploads\/2023\/11\/Screenshot_20231106_121356_Word.jpg\"><img decoding=\"async\" data-id=\"73525\" src=\"https:\/\/redsemlac.com\/semmexico\/wp-content\/uploads\/2023\/11\/Screenshot_20231106_121356_Word-487x1024.jpg\" alt=\"\" class=\"wp-image-73525\"\/><\/a><\/figure>\n<\/figure>\n\n\n\n<p class=\"wp-block-paragraph\">El poblado del Veladero se encuentra en la parte alta de la colonia Zapata, y durante muchos a\u00f1os ha vivido pr\u00e1cticamente aislado del resto del municipio.<br>Dom\u00ednguez Serna reiter\u00f3 a sus habitantes que no los dejar\u00e1 solos y los acompa\u00f1ar\u00e1 como cuando gestion\u00f3 la carretera que va a la colonia Zapata.<\/p>\n\n\n\n<p class=\"wp-block-paragraph\">Los pobladores agradecieron el apoyo, pues se\u00f1alaron que de por s\u00ed han vivido aislados y ahora tras el hurac\u00e1n Otis de categor\u00eda 5 que azot\u00f3 al puerto, la situaci\u00f3n se ha vuelto m\u00e1s cr\u00edtica.<\/p>\n","protected":false},"excerpt":{"rendered":"<p>Se han censado 150 mil viviendas y ya operan con normalidad 50 gasolineras en Acapulco<\/p>\n","protected":false},"author":3,"featured_media":73526,"comment_status":"open","ping_status":"open","sticky":false,"template":"","format":"standard","meta":{"_monsterinsights_skip_tracking":false,"footnotes":""},"categories":[27],"tags":[144],"class_list":["post-73522","post","type-post","status-publish","format-standard","has-post-thumbnail","category-cobertura-especial","tag-guerrero"],"_links":{"self":[{"href":"https:\/\/redsemlac.com\/semmexico\/wp-json\/wp\/v2\/posts\/73522","targetHints":{"allow":["GET"]}}],"collection":[{"href":"https:\/\/redsemlac.com\/semmexico\/wp-json\/wp\/v2\/posts"}],"about":[{"href":"https:\/\/redsemlac.com\/semmexico\/wp-json\/wp\/v2\/types\/post"}],"author":[{"embeddable":true,"href":"https:\/\/redsemlac.com\/semmexico\/wp-json\/wp\/v2\/users\/3"}],"replies":[{"embeddable":true,"href":"https:\/\/redsemlac.com\/semmexico\/wp-json\/wp\/v2\/comments?post=73522"}],"version-history":[{"count":0,"href":"https:\/\/redsemlac.com\/semmexico\/wp-json\/wp\/v2\/posts\/73522\/revisions"}],"wp:featuredmedia":[{"embeddable":true,"href":"https:\/\/redsemlac.com\/semmexico\/wp-json\/wp\/v2\/media\/73526"}],"wp:attachment":[{"href":"https:\/\/redsemlac.com\/semmexico\/wp-json\/wp\/v2\/media?parent=73522"}],"wp:term":[{"taxonomy":"category","embeddable":true,"href":"https:\/\/redsemlac.com\/semmexico\/wp-json\/wp\/v2\/categories?post=73522"},{"taxonomy":"post_tag","embeddable":true,"href":"https:\/\/redsemlac.com\/semmexico\/wp-json\/wp\/v2\/tags?post=73522"}],"curies":[{"name":"wp","href":"https:\/\/api.w.org\/{rel}","templated":true}]}}