{"id":73519,"date":"2023-11-06T11:50:31","date_gmt":"2023-11-06T17:50:31","guid":{"rendered":"https:\/\/redsemlac.com\/semmexico\/?p=73519"},"modified":"2023-11-06T11:50:32","modified_gmt":"2023-11-06T17:50:32","slug":"patrulla-de-papel-la-tragedia-mas-grande-que-ha-sufrido-acapulco-mas-su-oclocracia","status":"publish","type":"post","link":"https:\/\/redsemlac.com\/semmexico\/patrulla-de-papel-la-tragedia-mas-grande-que-ha-sufrido-acapulco-mas-su-oclocracia\/","title":{"rendered":"Patrulla de papel: La tragedia m\u00e1s grande que ha sufrido Acapulco; m\u00e1s, su oclocracia"},"content":{"rendered":"\n<p class=\"wp-block-paragraph\">Enrique Castillo Gonz\u00e1lez.<\/p>\n\n\n\n<p class=\"wp-block-paragraph\">SemM\u00e9xico\/Ceprovysa, Acapulco, Gro., 6 de noviembre, 2023.- Habiendo terminado de leer este patrullaje ustedes, mis nueve lectores, tendr\u00e1n idea del tama\u00f1o de la tragedia enraizada en este famoso Puerto Tur\u00edstico; la tarea, mi tarea, es explicar los 4 diferentes niveles de \u201camenazas\u201d que se activaron y, de paso, se\u00f1alar los desatinos con los que se tropez\u00f3 el \u201cPlan Marina\u201d.<\/p>\n\n\n\n<p class=\"wp-block-paragraph\"><br>Ser\u00e1 este el primero de varios comentarios dirigidos a buscar explicaciones a las yerros o, dir\u00eda alguien af\u00edn a su cuatrote, \u00e1reas de oportunidad, tra\u00eddas por el terrible hurac\u00e1n que toc\u00f3 directamente al Puerto de Acapulco.<\/p>\n\n\n\n<p class=\"wp-block-paragraph\"><br>M\u00e1s, al yo estar yo directamente afectado por ese, mi apunte, y eso es definitivo, este patrullamiento distar\u00e1 de ser objetivo\u2026 habr\u00e1n de disculpar entonces.<br>As\u00ed, y con la misi\u00f3n de hacer dentro de este patrullaje, \u201capuntes\u201d frescos regresar\u00e9 al socorrido sistema de los \u201cpar\u00e1grafos\u201d. Voy al punto.<\/p>\n\n\n\n<p class=\"wp-block-paragraph\"><br>El aviso en Acapulco, primero de la presencia del hurac\u00e1n y despu\u00e9s de la intensidad de este fue lento; es cierto, el que pasara de categor\u00eda dos a cinco en menos de 6 horas fue factor.<br>Entonces el 90% de la poblaci\u00f3n que ser\u00eda alcanzada por ese gigante tomamos los avisos como una tormenta m\u00e1s\u2026 ya hab\u00edan pasado 4 peque\u00f1os huracanes esta temporada; el nombre lo dice \u201cO\u201dtis\u201d, con eso se entiende que ya corrieron algunos.<br>22:45\u2026viento, mucho viento, eso dejaba saber que el fen\u00f3meno ser\u00eda diferente, Paulina e Ingrid Manuel comenzaron con mucha agua, el viento ac\u00e1 era un drag\u00f3n que nunca hab\u00eda llegado por estos cielos. -vientos de 300kmxh-<\/p>\n\n\n\n<p class=\"wp-block-paragraph\"><br>Desde el piso 7 del edificio donde est\u00e1 (o, estaba?) mi departamento ese en Caleta, el viento me hac\u00eda sentir la seriedad del fen\u00f3meno. Vivo solo, cual buen novelista (y sobrevivo). A las 23:hrs ya me hab\u00eda vestido, algo me dijo que \u201cguardara mi cartera en mi bolsa izquierda trasera, las llaves en la otra bolsa del pantal\u00f3n el tel\u00e9fono en la bolsa derecha de adelante, los lentes colgados en el cuello de la playera\u201d y, hecho eso me moviera r\u00e1pido al ba\u00f1o.<\/p>\n\n\n\n<p class=\"wp-block-paragraph\"><br>El ba\u00f1o; espacio de 80x 1.60m2, puerta de pl\u00e1stico y arriba de lado de la calle 3 persianas de madera. !El viento! m\u00e1s que la tormenta, ya era amo, para las 23:10 ese dejaba saber qui\u00e9n dominaba todo.<\/p>\n\n\n\n<p class=\"wp-block-paragraph\"><br>Entend\u00ed que las ventanas del departamento volar\u00edan; ah esas mis ventanas; 4 metros de largo por 1:30 de alto que me permiten ver los extraordinarios amaneceres en la bah\u00eda (Santa Luc\u00eda) y las espl\u00e9ndidas noches e incluso la franja que va del Z\u00f3calo del Puerto hasta el alguna vez poblado de Icacos, y por supuesto ese gigantesco front\u00f3n que forma un d\u00e9dalo de monta\u00f1as marco de la bah\u00eda m\u00e1s hermosa del mundo. Eso es la \u201cvista\u201d que detr\u00e1s de esas ventanas, si esas que volaron, siempre tengo frente a m\u00ed.<\/p>\n\n\n\n<p class=\"wp-block-paragraph\"><br>Encerrado entonces en el ba\u00f1o, con la mano izquierda sujetaba la \u00fanica hoja de la puerta y, atr\u00e1s de esa Eolo arremet\u00eda buscando vencerme para entrar por m\u00ed.<\/p>\n\n\n\n<p class=\"wp-block-paragraph\"><br>Afuera de mi ba\u00f1o vuelto \u00faltimo refugio, es decir en la sala comedor las ventanas cedieron, esas arrojaron decenas de dagas y flechas de cristal, yo oraba, hurgaba l\u00edneas de recuerdos y agarrarme de ellos, me repet\u00eda que todo estaba bien, me presum\u00eda a m\u00ed mismo \u201cno est\u00e1s herido, est\u00e1s bien\u201d, aunque mi cuerpo temblaba por el p\u00e1nico.<\/p>\n\n\n\n<p class=\"wp-block-paragraph\"><br>!El viento ya era una anaconda prieta y gigante que corr\u00eda arriba de los charcos y los vidrios en el piso!.. no existe sonido m\u00e1s dram\u00e1tico y tr\u00e1gico que el de cristales y vidrios golpeando paredes y pisos, el viento para ese momento ya vociferaba maldiciones. Una hora y media y, lleg\u00f3 la calma, -es el ojo del hurac\u00e1n- me dije, y cre\u00ed que pronto vendr\u00eda lo peor.<\/p>\n\n\n\n<p class=\"wp-block-paragraph\"><br>Saqu\u00e9 medio cuerpo de esa nueva matriz de la que emerg\u00ed empapado cual feto vuelto de nuevo nacer, recorr\u00ed con mi mirada la que hasta una hora antes fue mi hogar.<br>Todo fue oscuridad. Las ventanas rotas, los equipos de c\u00f3mputo (l\u00e9ase TIC\u2019S) en el charco, las pantallas, horno el\u00e9ctrico, licuadora y otros, convertidos en \u201ccad\u00e1veres\u201d del hogar.<\/p>\n\n\n\n<p class=\"wp-block-paragraph\"><br>!Mis libros!\u2026!MIS NOTAS! (no entiendo por qu\u00e9 en ese momento fue lo que m\u00e1s me doli\u00f3). \u2026 no regres\u00f3 a rematar su obra la negra serpiente constrictora, solo qued\u00f3 volando su saliva.<\/p>\n\n\n\n<p class=\"wp-block-paragraph\"><br>1:45 . Sal\u00ed de mi refugio, temblor en el esqueleto pero m\u00e1s curiosidad, en cuento abr\u00ed la puerta grit\u00e9 !vecino! esperando que ese ente pr\u00f3jimo me respondiera, lo hicieron el de enfrente y el de un piso abajo, creo que hicimos un peque\u00f1o recorrido en el entorno subimos a la azotea y regresamos a nuestros nidos destruidos, aquella anaconda se hab\u00eda echado exactamente sobre bah\u00eda y monta\u00f1as de acapulco, su respiraci\u00f3n, la de la boa constrictora, se estuvo escuchando durante horas.<\/p>\n\n\n\n<p class=\"wp-block-paragraph\"><br>Al d\u00eda siguiente. 09:30, las calles cubiertas de trancos de \u201cmangos\u201d \u201ctamarindos\u201d !CEIBAS! Postes de luz algunos todav\u00eda cuasi sujetos por cables, mientras cerca y lejos se escuchaba en las casas el sonido (pat\u00e9tico) de escobas barriendo agua y cristales. As\u00ed baj\u00e9 hasta la Av. Costera Miguel Alem\u00e1n yendo por esas calles por donde alguna vez corri\u00f3 Tintan en su personaje de Zimbad (el mareado) mientras el Peralvillo en su rol de \u201cpolic\u00eda de Acapulco\u201d lo correteaba. Por ah\u00ed, por esas calles baj\u00e9 hasta esa \u201cAv. Costera\u201d que va hasta Caleta.<\/p>\n\n\n\n<p class=\"wp-block-paragraph\"><br>M\u00e1s \u00e1rboles centenarios vueltos escombro, aunque ac\u00e1 ya tambi\u00e9n hab\u00eda postes y veh\u00edculos volteados\u2026 un cad\u00e1ver recargado sobre lo que fuera un poste para el sem\u00e1foro, cubierto ese con ramas no se si por verg\u00fcenza o por humanidad. Ah, el olor a muerto no estaba, aunque la peste a miedo s\u00ed.<\/p>\n\n\n\n<p class=\"wp-block-paragraph\"><br>Camin\u00e9 rumbo al z\u00f3calo, de pronto irrumpi\u00f3 un grupo de veh\u00edculos enormes de la polic\u00eda de la Ciudad de M\u00e9xico, entre esos una ambulancia, decenas de uniformados !y armados! pr\u00e1cticamente pisotearon las calles, aunque, esos polic\u00edas inmediatamente reventaron su prepotencia frente a quienes los ve\u00edamos, tal vez lo hac\u00edan como mecanismo de seguridad. Me dirig\u00ed a uno de ellos ya que el yeso en mi pie estaba casi in\u00fatil (no lo dije, diez d\u00edas antes del siniestro sufr\u00ed la fractura en el peron\u00e9 de mi pierna izquierda) -ser\u00e1 posible que un m\u00e9dico revise mi pie?- el polic\u00eda que me escuch\u00f3 me mir\u00f3 como si yo lo hubiera insultado, -sin siquiera voltear hacia donde estaba mi pie enyesado dijo, con el odioso acento de gente chilanga -nosotros venimos a rescatar cad\u00e1veres de los escombros-, entend\u00ed entonces cu\u00e1l era el objetivo de su presencia en las calles de Acapulco y m\u00e1s cuando vi que se esmeraban en tomarse fotos jalando ramas; me pregunt\u00e9 por qu\u00e9 si estaban observando a las personas saquear la tienda Walmart no hac\u00edan ni siquiera un adem\u00e1n que desaprobara esas acciones, cuando vi que un polic\u00eda llevaba en la mano derecha un \u201csixs\u201d entend\u00ed de qu\u00e9 lado estaba el uniformado. Y si, m\u00e1s de un centenar de personas entraban y sal\u00edan de la tienda, los que entraban lo hac\u00edan con rostros de ansia mientras quienes sal\u00edan llevaban todo tipo de mercanc\u00edas, la mayor cantidad de productos nada ten\u00edan que ver con \u201calimentos o medicinas\u201d.<\/p>\n\n\n\n<p class=\"wp-block-paragraph\"><br>Ese tema empeorar\u00eda.<br>Vi la luz cuando lleg\u00f3 la caballer\u00eda. Una camioneta del 13 Regimiento de Caballer\u00eda (0913\u2026) pas\u00f3 junto a m\u00ed, le grit\u00e9 al que med\u00ed fuera el oficial al mando, creo le dije mi matr\u00edcula de guerra (!10999954!) o le refer\u00ed mi pedigr\u00ed verde olivo, el caso fue que el conductor baj\u00f3 de la unidad, me abri\u00f3 la puerta trasera y entr\u00e9 a la unidad.<\/p>\n\n\n\n<p class=\"wp-block-paragraph\"><br>Ya en marcha pasamos frente a ciertos de tiendas y almacenes comerciales, en todos hab\u00eda decenas de personas haciendo tres cosas, saqueando, haciendo rapi\u00f1a y robando, -de donde sal\u00eda tanta gente para hacer lo mismo?-<\/p>\n\n\n\n<p class=\"wp-block-paragraph\"><br>En el recorrido de la zona de Caleta hacia Icacos me di cuenta de que el Mayor que autoriz\u00f3 mi traslado, sentado en el lugar del copiloto, observaba con coraje como hombres y mujeres (de todas las clases sociales, es decir, gente muy pobre, pobre y clase media) saqueaban hasta los refrigeradores y cajas registradoras, el 13 Regimiento tiene su cuartel en Ixtepec Oax. y sin duda que el personal militar venido del Istmo nunca esper\u00f3 estar en medio de tal eventualidad.<\/p>\n\n\n\n<p class=\"wp-block-paragraph\"><br>Habiendo sorteado troncos, postes y basura la camioneta del Regimiento lleg\u00f3 a 200 metros de la Guardia de la Base Naval (Icacos), tres soldados me cargaron llev\u00e1ndome hasta la puerta, ah\u00ed comenz\u00f3 otra fase de mi b\u00fasqueda de auxilio.<\/p>\n\n\n\n<p class=\"wp-block-paragraph\"><br>Entonces. Antes he intentado narrar los dos grandes fen\u00f3menos, uno, el de la acci\u00f3n y mi reacci\u00f3n frente al diab\u00f3lico hurac\u00e1n de 5 grados que tom\u00f3 a todos mal preparados y dos, los nefastos actos de rapi\u00f1a cometidos por miles de personas en toda la ciudad puerto, ah\u00ed no termina. Van las fases siguientes.<\/p>\n\n\n\n<p class=\"wp-block-paragraph\"><br>Tercera.- En el Hospital Naval solo tuvieron la atenci\u00f3n de permitirme estar sentado, mientras las enfermeras me deslizaban (a la zurda) un plato de comida los m\u00e9dicos ignoraban mi presencia, tristemente me enter\u00e9 que durante el siniestro de la noche anterior la tripulaci\u00f3n de una draga (de la SEMAR) que estaba en el muelle del Astillero Naval hab\u00eda muerto ahogada, minutos antes de que el hurac\u00e1n tocara tierra los marinos militares pidieron autorizaci\u00f3n para bajar del barco y les ordenaron que permanecieran a bordo, a la ma\u00f1ana siguiente 3 cuerpos muertos por asfixia por sumersi\u00f3n flotaban dentro del barco semi hundido y los otros dos se reportaron como desaparecidos.<\/p>\n\n\n\n<p class=\"wp-block-paragraph\"><br>Luego de haber mal dormido en una silla decid\u00ed salir caminando de la Zona Naval, como pude llegu\u00e9 a la Iglesia de Costa Azul distante 800 metros de la puerta de la Base Naval aunque, caminando entre lodo, vidrios y hojas muertas aquello fue m\u00e1s dif\u00edcil; llegu\u00e9 as\u00ed a la glorieta de la Colonia Costa Azul con tan buena suerte que me di cuenta que la misma Secretar\u00eda de Marina hab\u00eda instalado un comedor comunitario, me acerqu\u00e9 e inmediatamente el marino al frente (tal como lo har\u00eda el cadenero del Baby\u2019O) me dijo, \u201csolo para turistas\u201d, no tuve fuerza para increparlo, camin\u00e9 hacia el interior del templo cat\u00f3lico y desde ah\u00ed, sentado en una banca me di cuenta que a cu\u00e1nto Acapulque\u00f1o o de ese perfil se acercaba a ese comedor el celoso pinche marino (ayudante de cocinero) rechazaba al humilde pedig\u00fce\u00f1o \u2026 de hecho en las dos horas que estuve sentado en esa banca no se apersono ni un solo gringo, gabacho o Quebecua.<\/p>\n\n\n\n<p class=\"wp-block-paragraph\"><br>Volv\u00ed entonces a la Costera Miguel Alem\u00e1n, apoy\u00e1ndome con una gruesa rama vuelta b\u00e1culo repet\u00ed en procedimiento, una camioneta de la GN me llev\u00f3 hasta \u201cla Diana\u201d y de ah\u00ed, una familia de \u00e1ngeles me subi\u00f3 hasta mi madriguera revuelta y semidestruida.<br>Ahora, en brazos de mi familia intento escribir vali\u00e9ndome de mi IPhone, mientras lo hago el m\u00fasculo que forra el omoplato derecho se tensa \u201cser\u00e1 porqu\u00e9 escribo con harto coraje?\u201d<\/p>\n\n\n\n<p class=\"wp-block-paragraph\"><br>Cierro.- que es lo m\u00e1s pegado a mi memoria y listo para activar el engranaje del an\u00e1lisis? Cu\u00e1l es el tema para analizar en una tenida dentro del think tank? Es decir, con que quiero provocar a Mixtli, Paul von Hindenburg, Galo Wilson e incluso al Sargento Lim\u00f3n para seguir montados en el tema?<\/p>\n\n\n\n<p class=\"wp-block-paragraph\"><br>!Ah!\u2026 porqu\u00e9 miles de acapulque\u00f1os en un lapso de 40 horas fueron Hordas rapi\u00f1aras? De bote pronto se me ocurre.<\/p>\n\n\n\n<p class=\"wp-block-paragraph\"><br>-desde hace m\u00e1s de cinco a\u00f1os la pol\u00edtica p\u00fablica dominante impuesta por la Escuela Pol\u00edtica en el poder estableci\u00f3 \u201cprimero los pobres\u201d.<\/p>\n\n\n\n<p class=\"wp-block-paragraph\"><br>En ese lapso de tiempo todas las acciones pol\u00edticas del Estado Mexicano hacen veces de sat\u00e9lites en torno a aquella (!primero los pobres!) desde mi caro cerebro (est\u00e1 nuevo) deduzco que eso empoder\u00f3 a los etiquetados como pobres al punto de que el estar en la cima de la crisis reclamaron el total control de la situaci\u00f3n, !todo es nuestro! Agreguemos que en Acapulco es Gobierno la oclocracia luego entonces eso tambi\u00e9n forma la tormenta perfecta. Creo as\u00ed haber dejado sobre la mesa de este Tanque de Ideas una gran provocaci\u00f3n.<\/p>\n\n\n\n<p class=\"wp-block-paragraph\"><br>\u00daltimo patrullaje.- ACAPULCO.- una vez m\u00e1s se present\u00f3 la sinergia entre \u201cMundo Imperial\u201d y SEDENA. Bien por el patriota Juan A Hern\u00e1ndez que cede su gigantesco aparato de espacios y bodegas para las acciones log\u00edsticas de refugio y rescate, y vaya que la m\u00e1quina de planeaci\u00f3n y control de la Secretar\u00eda de la Defensa Nacional sabe trabajar eso. Gracias a ambos dos.<\/p>\n\n\n\n<p class=\"wp-block-paragraph\"><br>Balazo al aire.- participemos todos, menos los politicastres.<br>Greguer\u00eda.- te escrib\u00ed una carta larga porque no tuve tiempo de escribir una corta- Marck Twain. Ox\u00edmoron.- gotas secas.<br>Haiku.- Merced es tu sonrisa<\/p>\n","protected":false},"excerpt":{"rendered":"<p>Habiendo terminado de leer este patrullaje ustedes, mis nueve lectores, tendr\u00e1n idea del tama\u00f1o de la tragedia enraizada en este famoso Puerto Tur\u00edstico<\/p>\n","protected":false},"author":3,"featured_media":73520,"comment_status":"open","ping_status":"open","sticky":false,"template":"","format":"standard","meta":{"_monsterinsights_skip_tracking":false,"footnotes":""},"categories":[27],"tags":[144,743],"class_list":["post-73519","post","type-post","status-publish","format-standard","has-post-thumbnail","category-cobertura-especial","tag-guerrero","tag-otis"],"_links":{"self":[{"href":"https:\/\/redsemlac.com\/semmexico\/wp-json\/wp\/v2\/posts\/73519","targetHints":{"allow":["GET"]}}],"collection":[{"href":"https:\/\/redsemlac.com\/semmexico\/wp-json\/wp\/v2\/posts"}],"about":[{"href":"https:\/\/redsemlac.com\/semmexico\/wp-json\/wp\/v2\/types\/post"}],"author":[{"embeddable":true,"href":"https:\/\/redsemlac.com\/semmexico\/wp-json\/wp\/v2\/users\/3"}],"replies":[{"embeddable":true,"href":"https:\/\/redsemlac.com\/semmexico\/wp-json\/wp\/v2\/comments?post=73519"}],"version-history":[{"count":0,"href":"https:\/\/redsemlac.com\/semmexico\/wp-json\/wp\/v2\/posts\/73519\/revisions"}],"wp:featuredmedia":[{"embeddable":true,"href":"https:\/\/redsemlac.com\/semmexico\/wp-json\/wp\/v2\/media\/73520"}],"wp:attachment":[{"href":"https:\/\/redsemlac.com\/semmexico\/wp-json\/wp\/v2\/media?parent=73519"}],"wp:term":[{"taxonomy":"category","embeddable":true,"href":"https:\/\/redsemlac.com\/semmexico\/wp-json\/wp\/v2\/categories?post=73519"},{"taxonomy":"post_tag","embeddable":true,"href":"https:\/\/redsemlac.com\/semmexico\/wp-json\/wp\/v2\/tags?post=73519"}],"curies":[{"name":"wp","href":"https:\/\/api.w.org\/{rel}","templated":true}]}}