{"id":73479,"date":"2023-11-04T10:32:30","date_gmt":"2023-11-04T16:32:30","guid":{"rendered":"https:\/\/redsemlac.com\/semmexico\/?p=73479"},"modified":"2023-11-04T10:32:30","modified_gmt":"2023-11-04T16:32:30","slug":"juego-de-palabras-deuda-historica-con-las-etnias","status":"publish","type":"post","link":"https:\/\/redsemlac.com\/semmexico\/juego-de-palabras-deuda-historica-con-las-etnias\/","title":{"rendered":"Juego de Palabras| Deuda hist\u00f3rica con las etnias"},"content":{"rendered":"\n<p class=\"wp-block-paragraph\">Yaneth Ang\u00e9lica Tamayo \u00c1valos<\/p>\n\n\n\n<p class=\"wp-block-paragraph\">SemM\u00e9xico, Quer\u00e9taro, Qro., 4 de noviembre, 2023.- Los pueblos ind\u00edgenas representan una gran diversidad, estos constituyen m\u00e1s del 6 por ciento &nbsp;de la poblaci\u00f3n mundial, esto es, cerca de 476 millones de personas. Sin embargo, alrededor del 15\u202fpor ciento &nbsp;de esta poblaci\u00f3n viven en pobreza extrema.<\/p>\n\n\n\n<p class=\"wp-block-paragraph\">El capitalismo y la visi\u00f3n euroc\u00e9ntrica como valor fundamental del pensamiento occidental ha contribuido al origen de las brechas sociales, que se reflejan en un alto grado de insensibilizaci\u00f3n, discriminaci\u00f3n y exclusi\u00f3n, lo que ha ocasionado una marcada situaci\u00f3n de pobreza y marginaci\u00f3n.<\/p>\n\n\n\n<p class=\"wp-block-paragraph\">Colocando a los integrantes de estos pueblos, bajo un paternalismo dependiente del Estado, que los ha silenciado y sojuzgado por su origen, lengua y cultura.<\/p>\n\n\n\n<p class=\"wp-block-paragraph\">En donde la incapacidad de las pol\u00edticas sectoriales para satisfacer sus demandas y reivindicaciones sociales, econ\u00f3micas y pol\u00edticas. Ha generado que las personas ind\u00edgenas, exijan su derecho a ser sujetos de su propio desarrollo y protagonistas para decidir su destino.<\/p>\n\n\n\n<p class=\"wp-block-paragraph\">Esto ha influido en el escenario nacional, para modificar la pol\u00edtica de desarrollo en las regiones ind\u00edgenas, reconociendo la presencia y participaci\u00f3n de estos pueblos, como un componente fundamental dentro de la sociedad.<\/p>\n\n\n\n<p class=\"wp-block-paragraph\">Si bien, la deuda hist\u00f3rica con las etnias ha impulsado normas que reconocen y promueven la diversidad cultural, as\u00ed como la creaci\u00f3n de nuevas instituciones de mediaci\u00f3n entre el Estado y los pueblos ind\u00edgenas.<\/p>\n\n\n\n<p class=\"wp-block-paragraph\">Lo cierto es, que en la actualidad existe un ins\u00f3lito silencio respecto a la presencia e intervenci\u00f3n de estos grupos en el \u00e1mbito p\u00fablico.<\/p>\n\n\n\n<p class=\"wp-block-paragraph\">Adem\u00e1s, la falta de directrices y metodolog\u00edas compatibles con los nuevos mecanismos de gobierno han producido efectos indeseables, que se conectan con diferentes categor\u00edas sospechosas (g\u00e9nero, origen, raza, edad, preferencia sexual, condici\u00f3n econ\u00f3mica, entre otras se\u00f1aladas por la norma suprema), que hacen m\u00e1s extenso el desplazamiento de las luchas y reivindicaciones sociales ind\u00edgenas y afrodescendientes.<\/p>\n\n\n\n<p class=\"wp-block-paragraph\">Generando as\u00ed, las llamadas demandas sociales, que han funcionado como una especie de mecanismo de legitimaci\u00f3n y normalizaci\u00f3n que ha impactado en la estandarizaci\u00f3n de las culturas ind\u00edgenas y de la delegaci\u00f3n del poder de representaci\u00f3n pol\u00edtica.<\/p>\n\n\n\n<p class=\"wp-block-paragraph\">Esto ha propiciado que se replantee el modelo de desarrollo en el Estado, mediante la implementaci\u00f3n de acciones afirmativas y programas de etnodesarrollo, que fomenten la participaci\u00f3n comunitaria y la instalaci\u00f3n de pol\u00edticas interculturales, con la finalidad de conseguir la \u00abinclusi\u00f3n\u00bb de las poblaciones originarias y caminar hacia la formaci\u00f3n de una ciudadan\u00eda cultural.<\/p>\n\n\n\n<p class=\"wp-block-paragraph\">La cultura ha llegado a ser una categor\u00eda central del discurso p\u00fablico y determinante en la construcci\u00f3n de las identidades sociales y pol\u00edticas, la meta es avanzar en el afianzamiento de un \u00abpacto social por la multiculturalidad\u00bb basado en el respeto por la diferencia cultural, la igualdad de oportunidades, la participaci\u00f3n de los ciudadanos ind\u00edgenas, as\u00ed como el reconocimiento de los derechos colectivos de los pueblos nativos.<\/p>\n\n\n\n<p class=\"wp-block-paragraph\">Por ello, es importante reconocer los mecanismos de resistencia que han desarrollado los pueblos ind\u00edgenas y aprovecharlos como un m\u00e9todo de conocimiento que permita implementar un nuevo modelo de convivencia e inclusi\u00f3n que les otorgue un lugar digno y trato justo en el conjunto de la sociedad.<\/p>\n\n\n\n<p class=\"wp-block-paragraph\">La finalidad es dotar de un real empoderamiento a los pueblos ind\u00edgenas, para que contribuyan en la formulaci\u00f3n de pol\u00edticas p\u00fablicas desde una mirada multicultural, que beneficie los procesos de desarrollo de los pueblos y generen instancias reales para el cambio social.<\/p>\n\n\n\n<p class=\"wp-block-paragraph\">En conclusi\u00f3n, los procesos pol\u00edticos deben promover la construcci\u00f3n de una sociedad distinta, mediante el pensamiento de la diferencia y la descolonizaci\u00f3n de las relaciones de poder.<\/p>\n\n\n\n<p class=\"wp-block-paragraph\">Este enfoque permitir\u00e1 enriquecer la formulaci\u00f3n de pol\u00edticas p\u00fablicas ind\u00edgenas, al considerar y valorar el potencial existente en los saberes de los pueblos originarios, como parte de su cosmovisi\u00f3n; el que ha seguido existiendo, aunque de forma invisibilizada y subordinada al pensamiento de las sociedades dominantes.<\/p>\n","protected":false},"excerpt":{"rendered":"<p>Los pueblos ind\u00edgenas representan una gran diversidad, estos constituyen m\u00e1s del 6 por ciento \u00a0de la poblaci\u00f3n mundial, esto es, cerca de 476 millones de personas.<\/p>\n","protected":false},"author":3,"featured_media":38546,"comment_status":"open","ping_status":"open","sticky":false,"template":"","format":"standard","meta":{"_monsterinsights_skip_tracking":false,"footnotes":""},"categories":[103,35,93],"tags":[],"class_list":["post-73479","post","type-post","status-publish","format-standard","has-post-thumbnail","category-juego-de-palabras","category-opinion","category-yaneth-tamayo-avalos"],"_links":{"self":[{"href":"https:\/\/redsemlac.com\/semmexico\/wp-json\/wp\/v2\/posts\/73479","targetHints":{"allow":["GET"]}}],"collection":[{"href":"https:\/\/redsemlac.com\/semmexico\/wp-json\/wp\/v2\/posts"}],"about":[{"href":"https:\/\/redsemlac.com\/semmexico\/wp-json\/wp\/v2\/types\/post"}],"author":[{"embeddable":true,"href":"https:\/\/redsemlac.com\/semmexico\/wp-json\/wp\/v2\/users\/3"}],"replies":[{"embeddable":true,"href":"https:\/\/redsemlac.com\/semmexico\/wp-json\/wp\/v2\/comments?post=73479"}],"version-history":[{"count":0,"href":"https:\/\/redsemlac.com\/semmexico\/wp-json\/wp\/v2\/posts\/73479\/revisions"}],"wp:featuredmedia":[{"embeddable":true,"href":"https:\/\/redsemlac.com\/semmexico\/wp-json\/wp\/v2\/media\/38546"}],"wp:attachment":[{"href":"https:\/\/redsemlac.com\/semmexico\/wp-json\/wp\/v2\/media?parent=73479"}],"wp:term":[{"taxonomy":"category","embeddable":true,"href":"https:\/\/redsemlac.com\/semmexico\/wp-json\/wp\/v2\/categories?post=73479"},{"taxonomy":"post_tag","embeddable":true,"href":"https:\/\/redsemlac.com\/semmexico\/wp-json\/wp\/v2\/tags?post=73479"}],"curies":[{"name":"wp","href":"https:\/\/api.w.org\/{rel}","templated":true}]}}