{"id":73449,"date":"2023-11-03T07:57:23","date_gmt":"2023-11-03T13:57:23","guid":{"rendered":"https:\/\/redsemlac.com\/semmexico\/?p=73449"},"modified":"2023-11-03T08:06:09","modified_gmt":"2023-11-03T14:06:09","slug":"las-regresiones-en-pobreza-hambre-e-igualdad-de-genero-ponen-en-peligro-las-metas-de-los-ods-rebeca-grynspan-mayufis","status":"publish","type":"post","link":"https:\/\/redsemlac.com\/semmexico\/las-regresiones-en-pobreza-hambre-e-igualdad-de-genero-ponen-en-peligro-las-metas-de-los-ods-rebeca-grynspan-mayufis\/","title":{"rendered":"Las regresiones en pobreza, hambre e igualdad de g\u00e9nero ponen en peligro las metas de los ODS: Rebeca Grynspan Mayufis"},"content":{"rendered":"\n<ul class=\"wp-block-list\">\n<li><strong>La experimentada economista, ex vicepresidenta en Costa Rica, habl\u00f3 del <\/strong><strong>legado de Ra\u00fal Prebisch<\/strong><\/li>\n<\/ul>\n\n\n\n<p class=\"wp-block-paragraph\"><strong>Elda Montiel<\/strong><\/p>\n\n\n\n<p class=\"wp-block-paragraph\">SemM\u00e9xico, Ciudad de M\u00e9xico, 3 de noviembre, 2023.- La economista Rebeca Grynspan Mayufis, Secretar\u00eda General de la Conferencia de las Naciones Unidas sobre Comercio y Desarrollo (UNCTAD), advirti\u00f3 que las regresiones en los indicadores de pobreza, de hambre y de igualdad de g\u00e9nero ponen en peligro las agendas comunes de los Objetivos del Desarrollo Sostenible (ODS) para 2030. \u201cAl paso que vamos s\u00f3lo se cumplir\u00e1n el 15 por ciento\u201d.<\/p>\n\n\n\n<p class=\"wp-block-paragraph\">Los ODS son demasiado grandes para fracasar (\u2018too big to fail\u2019). Los ODS son mucho m\u00e1s que un conjunto de objetivos, son nuestra \u00faltima agenda com\u00fan en un mundo m\u00e1s polarizado que nunca, un mundo que necesita desesperadamente de solidaridad, fraternidad y multilateralismo\u201d, afirm\u00f3.<\/p>\n\n\n\n<p class=\"wp-block-paragraph\">La primera mujer en presidir la UNCTAD, &#8211; exvicepresidenta en Costa Rica- &nbsp;refiri\u00f3 que m\u00e1s de la mitad de la humanidad, 3,3 mil millones de personas viven en pa\u00edses que destinan m\u00e1s recursos al servicio de la deuda que a financiar la salud o la educaci\u00f3n. &nbsp;<\/p>\n\n\n\n<p class=\"wp-block-paragraph\">\u201cAll\u00e1 afuera, millones de personas est\u00e1n sufriendo. Las crisis econ\u00f3micas en cascada, el COVID-19, los implacables desastres clim\u00e1ticos, la guerra, la geopol\u00edtica y las insoportables cargas de la deuda est\u00e1n poniendo en cuesti\u00f3n el tejido mismo de nuestra sociedad global\u201d, expres\u00f3.<\/p>\n\n\n\n<p class=\"wp-block-paragraph\">La ex vicepresidenta de Costa Rica precis\u00f3 que la inversi\u00f3n extranjera directa, por tanto tiempo motor de crecimiento y desarrollo, lleva estancada desde la crisis de 2008 en la gran mayor\u00eda de los pa\u00edses en desarrollo.<\/p>\n\n\n\n<p class=\"wp-block-paragraph\">Alert\u00f3 que la brecha para financiar los ODS en el Sur global, que en 2015 era de 2,5 billones, hoy alcanza los 4 billones de d\u00f3lares.<\/p>\n\n\n\n<p class=\"wp-block-paragraph\">\u201cEl sufrimiento que vemos a nuestro alrededor es un recordatorio de lo que est\u00e1 en juego cuando perdemos de vista el largo plazo, cuando dejamos atr\u00e1s a la gente y perdemos la capacidad de ponernos en los zapatos del otro. Lo que vemos es un aviso de lo que podr\u00eda ser el mundo en 2030, si fracasan los Objetivos de Desarrollo Sostenible (ODS)\u201d.<\/p>\n\n\n\n<p class=\"wp-block-paragraph\">Rebeca Grynspan Mayufis, present\u00f3 la c\u00e1tedra titulada \u201cGlobalizaci\u00f3n perturbada: Prebisch, desbalances comerciales y el futuro de la econom\u00eda internacional\u201d, en la que analiz\u00f3 la transici\u00f3n entre la&nbsp;hiperglobalizaci\u00f3n y lo que ella llam\u00f3 \u2018poli-globalizaci\u00f3n\u2019, y profundiz\u00f3 sobre el legado de Ra\u00fal Prebisch.<\/p>\n\n\n\n<p class=\"wp-block-paragraph\">Quien fue titular de la&nbsp;Secretar\u00eda General Iberoamericana, hizo un profundo an\u00e1lisis sobre el trabajo y el legado de Ra\u00fal Prebisch, exsecretario Ejecutivo de la CEPAL (1950-1963) y ex Secretario General de la UNCTAD (1964-1969).<\/p>\n\n\n\n<p class=\"wp-block-paragraph\">Uno de los principales legados de Prebisch es su llamado a la cooperaci\u00f3n multilateral y destac\u00f3 que hoy, en el marco de la poli-globalizaci\u00f3n, este llamado debe dar voz a los pa\u00edses que hist\u00f3ricamente han sido marginados en la toma de decisiones a nivel global.<\/p>\n\n\n\n<p class=\"wp-block-paragraph\">Precis\u00f3 que el cenit de la hiperglobalizaci\u00f3n se dio entre 1990-2010, cuando la IED se multiplic\u00f3 por 7, el comercio internacional por 4, y el acceso a Internet lleg\u00f3 al 30 por ciento de la poblaci\u00f3n.<\/p>\n\n\n\n<p class=\"wp-block-paragraph\">\u201cPero debajo de la superficie, tres factores negativos crecieron en este per\u00edodo: la desigualdad al interior de los pa\u00edses, la desindustrializaci\u00f3n prematura (con un estancamiento del empleo), y la falta de resiliencia en el sistema internacional\u201d, advirti\u00f3<\/p>\n\n\n\n<p class=\"wp-block-paragraph\">Las palabras inaugurales estuvieron a cargo de Jos\u00e9 Manuel Salazar-Xirinachs, Secretario Ejecutivo de la CEPAL.<\/p>\n\n\n\n<p class=\"wp-block-paragraph\">Salazar-Xirinachs, destac\u00f3 la importancia de la C\u00e1tedra Ra\u00fal Prebisch, \u201cun espacio de reflexi\u00f3n y an\u00e1lisis que siempre ha tenido su mirada puesta en c\u00f3mo construir un futuro mejor para todas las personas; no solamente la remembranza del pasado, o la mera contemplaci\u00f3n del presente\u201d.<\/p>\n\n\n\n<p class=\"wp-block-paragraph\">\u201cHemos sufrido la pavorosa pandemia del COVID-19, con sus enormes y devastadoras consecuencias econ\u00f3micas y sociales. Se ha acelerado la revoluci\u00f3n tecnol\u00f3gica y digital, pero tambi\u00e9n la rivalidad tecnol\u00f3gica entre las grandes potencias. Hemos tenido una crisis en las cadenas globales de suministros.<\/p>\n\n\n\n<p class=\"wp-block-paragraph\">Pasamos a una nueva era de alta inflaci\u00f3n y altas tasas de inter\u00e9s y costo del cr\u00e9dito. Y cuando pens\u00e1bamos que las guerras hab\u00edan quedado para la historia, explot\u00f3 la guerra en Ucrania, y ahora otra en el medio oriente, con consecuencias y riesgos potencialmente devastadores. A esto hay que agregar los impactos ya muy claros del cambio clim\u00e1tico\u201d, alert\u00f3 el m\u00e1ximo representante de la comisi\u00f3n regional.&nbsp;<\/p>\n\n\n\n<p class=\"wp-block-paragraph\">La C\u00e1tedra Ra\u00fal Prebisch fue creada en 2001 por el entonces Secretario Ejecutivo Jos\u00e9 Antonio Ocampo, como una forma de rendir homenaje al destacado economista argentino en el centenario de su nacimiento.<\/p>\n","protected":false},"excerpt":{"rendered":"<p>La experimentada economista, ex vicepresidenta en Costa Rica, habl\u00f3 del legado de Ra\u00fal Prebisch<\/p>\n","protected":false},"author":3,"featured_media":73450,"comment_status":"open","ping_status":"open","sticky":false,"template":"","format":"standard","meta":{"_monsterinsights_skip_tracking":false,"footnotes":""},"categories":[702],"tags":[],"class_list":["post-73449","post","type-post","status-publish","format-standard","has-post-thumbnail","category-economia"],"_links":{"self":[{"href":"https:\/\/redsemlac.com\/semmexico\/wp-json\/wp\/v2\/posts\/73449","targetHints":{"allow":["GET"]}}],"collection":[{"href":"https:\/\/redsemlac.com\/semmexico\/wp-json\/wp\/v2\/posts"}],"about":[{"href":"https:\/\/redsemlac.com\/semmexico\/wp-json\/wp\/v2\/types\/post"}],"author":[{"embeddable":true,"href":"https:\/\/redsemlac.com\/semmexico\/wp-json\/wp\/v2\/users\/3"}],"replies":[{"embeddable":true,"href":"https:\/\/redsemlac.com\/semmexico\/wp-json\/wp\/v2\/comments?post=73449"}],"version-history":[{"count":0,"href":"https:\/\/redsemlac.com\/semmexico\/wp-json\/wp\/v2\/posts\/73449\/revisions"}],"wp:featuredmedia":[{"embeddable":true,"href":"https:\/\/redsemlac.com\/semmexico\/wp-json\/wp\/v2\/media\/73450"}],"wp:attachment":[{"href":"https:\/\/redsemlac.com\/semmexico\/wp-json\/wp\/v2\/media?parent=73449"}],"wp:term":[{"taxonomy":"category","embeddable":true,"href":"https:\/\/redsemlac.com\/semmexico\/wp-json\/wp\/v2\/categories?post=73449"},{"taxonomy":"post_tag","embeddable":true,"href":"https:\/\/redsemlac.com\/semmexico\/wp-json\/wp\/v2\/tags?post=73449"}],"curies":[{"name":"wp","href":"https:\/\/api.w.org\/{rel}","templated":true}]}}