{"id":7327,"date":"2018-09-24T01:02:24","date_gmt":"2018-09-24T01:02:24","guid":{"rendered":"https:\/\/redsemlac.com\/semmexico\/?p=7327"},"modified":"2023-07-21T14:33:13","modified_gmt":"2023-07-21T19:33:13","slug":"si-madero-hubiera-tenido-de-su-lado-a-la-prensa-fifi","status":"publish","type":"post","link":"https:\/\/redsemlac.com\/semmexico\/si-madero-hubiera-tenido-de-su-lado-a-la-prensa-fifi\/","title":{"rendered":"Si Madero hubiera tenido de su lado a la prensa fifi&#8230;."},"content":{"rendered":"\n<p class=\"wp-block-paragraph\">La fuerza de los medios.<\/p>\n\n\n\n<h5 class=\"wp-block-heading\"> Parec\u00eda certero que el presidente electo comenzar\u00e1 a hacer m\u00e1s pol\u00edtica y cerrar la campa\u00f1a electoral.<\/h5>\n\n\n\n<p class=\"wp-block-paragraph\"><a href=\"https:\/\/semmexico.com\/gallery-post.php?id=5925#\">Rogelio Hern\u00e1ndez<\/a><\/p>\n\n\n\n<p class=\"wp-block-paragraph\">SemM\u00e9xico. Cd.de M\u00e9xico. 24 de septiembre de 2018.- Andr\u00e9s -como le dicen sus cortos- iba bien como presidente electo. Pero, por unos momentos olvid\u00f3 la historia mexicana y que la prensa, sea o no fifi, es otra fuente de poder de gobernantes, o lo contrario, seg\u00fan la fuerza de la atm\u00f3sfera p\u00fablica y de las debilidades del Estado. Pero la est\u00e1 retando.<\/p>\n\n\n\n<p class=\"wp-block-paragraph\">El presidente electo llevaba mes y medio haciendo pol\u00edtica, como lo recomiendan cl\u00e1sicos como Bernard Crick. Despu\u00e9s de obtener m\u00e1s votos de los necesarios para asumir el gobierno central con legalidad y legitimidad, Andr\u00e9s comenz\u00f3 a desbrozar resistencias, a la transformaci\u00f3n que quiere lograr, entre varios sujetos de la estructura del poder real.<\/p>\n\n\n\n<p class=\"wp-block-paragraph\">Llevaba mes y medio buscando consensos con los factores de ese poder real, o sea con los grandes empresarios, los centros financieros, los altos oficiales de las fuerzas armadas, con embajadores poderosos, con muchas corporaciones profesionales de ingenieros, abogados. Hizo compromisos necesarios para recuperar algo de la gobernabilidad que debilit\u00f3 al Estado en los \u00faltimos sexenios. As\u00ed se hace pol\u00edtica. Iba bien.<\/p>\n\n\n\n<p class=\"wp-block-paragraph\">Pero luego, en un mal c\u00e1lculo o siguiendo sus instintos, regresa a revalidar su fuente original de legitimidad con sus votantes en mitines de plazas p\u00fablicas a lo que llama la \u00abgira de agradecimiento\u00bb. Y en ese nuevo periplo se reencuentra con su alter ego, el candidato rijoso que lanza dardos contra algunos de esos focos del poder real e incluye nuevamente descalificaciones a la prensa, el sujeto social que refleja todos los intereses. Reta a un factor de poder que conoce poco.<\/p>\n\n\n\n<p class=\"wp-block-paragraph\">Alguien de los \u201ccortos\u201d de Andr\u00e9s Manuel, con m\u00e1s racionalidad que propagandismo, debe reiterarle que gan\u00f3 el derecho a presidir el gobierno federal e influir en el Congreso de la Uni\u00f3n y algunos congresos locales; que eso no incluye en autom\u00e1tico todo el aparato del Estado; que por eso, no debe olvidar, ni siquiera moment\u00e1neamente, la historia de M\u00e9xico y en particular la \u00e9pica que derrib\u00f3 a Francisco I. Madero, esa etapa en que la prensa mexicana eran tan libre como ahora, pero menos poderosa, y que fue uno de los factores para la ca\u00edda del dem\u00f3crata ingenuo.<\/p>\n\n\n\n<p class=\"wp-block-paragraph\"><strong>Fifis podemos ser todos<\/strong><\/p>\n\n\n\n<p class=\"wp-block-paragraph\">Para quienes no recuerden esos hechos recientes. Durante la gira del agradecimiento, en Nayarit, Andr\u00e9s tuvo un traspi\u00e9s conceptual: por decir bancarrota en lugar de explicar las crisis y ruindades que debilitaron la fuerza y gobernabilidad del Estado. Sus dichos repercutieron en las 16 primeras planas de los impresos de la capital (en 7 fue la nota principal) y en los noticiarios m\u00e1s referenciados de radio y televisi\u00f3n. \u00bfA cu\u00e1l acusar de tergiversaci\u00f3n?<\/p>\n\n\n\n<p class=\"wp-block-paragraph\">Sus dichos textuales, seg\u00fan la nota de Proceso del martes 18 de septiembre, fueron que el t\u00e9rmino bancarrota \u201cgener\u00f3 alguna pol\u00e9mica y nuestros adversarios -que no nuestros enemigos, lo aclaro-, los conservadores, todav\u00eda no terminan de digerir lo que sucedi\u00f3 en la elecci\u00f3n presidencial, y la prensa fif\u00ed, pues est\u00e1n ah\u00ed atentos, sacando de contexto las cosas, buscando las podridas\u2026 lo entiendo, esa es su postura\u201d. Pero no dio niombres.<\/p>\n\n\n\n<p class=\"wp-block-paragraph\"><strong>La lecci\u00f3n con Madero<\/strong><\/p>\n\n\n\n<p class=\"wp-block-paragraph\">Con sinceridad me atrevo a recomendar a los \u201ccortos\u201d de Andr\u00e9s &#8212;personal operativo de alta confianza&#8211; y a \u00e9l mismo la lectura del ensayo cient\u00edfico de Ana Mar\u00eda Serna Rodr\u00edguez, que lleva el t\u00edtulo&nbsp;<em>Prensa y sociedad en las d\u00e9cadas revolucionarias (1910-1940)<\/em>. Trabajo que documenta periodos de la relaci\u00f3n prensa-sociedad-estado en M\u00e9xico. http:\/\/www.scielo.org.mx\/scielo.php?script=sci_arttext&amp;pid=S0186-03482014000100005<\/p>\n\n\n\n<p class=\"wp-block-paragraph\">De ese trabajo se antoja revaluar, adem\u00e1s de varias categor\u00edas sociol\u00f3gicas esenciales, el consenso al que han llegado la mayor\u00eda de los historiadores, de c\u00f3mo la prensa, as\u00ed en gen\u00e9rico, es fuente y factor de la fuerza pol\u00edtica de gobernantes en su relaci\u00f3n con las partes m\u00e1s activas de la sociedad y una parte muy adaptable de la superestructura del Poder en los Estados modernos del occidente.<\/p>\n\n\n\n<p class=\"wp-block-paragraph\">El ensayo de la historiadora, asegura que a la llegada de Madero a la presidencia por medio de los votos, se respiraba una atm\u00f3sfera social que estimul\u00f3 a un periodismo fuerte y m\u00e1s holgado en su ejercicio libre. La prensa y el periodismo en el occidente son duales por naturaleza, ambiguos porque se mueven entre la representaci\u00f3n de la sociedad y la vocer\u00eda del poder pol\u00edtico.<\/p>\n\n\n\n<p class=\"wp-block-paragraph\"><strong>La fuerza de los medios<\/strong><\/p>\n\n\n\n<p class=\"wp-block-paragraph\">En esos tiempos, cuando la esfera p\u00fablica era fuerte y en expansi\u00f3n \u2013-como ahora&#8212; la prensa y el periodismo se expanden y ampl\u00edan su holgura para trabajar y ganan aprecio p\u00fablico.<\/p>\n\n\n\n<p class=\"wp-block-paragraph\">En nuestros tiempos, 2018, seg\u00fan encuesta de parametr\u00eda, un 80 por ciento de los votantes extern\u00f3 su confianza en los medios prensa. En otra encuesta subsecuente se confirm\u00f3 esa credibilidad al preguntar a mayores de 18 a\u00f1os \u00bfEn cu\u00e1l de los siguientes medios encontr\u00f3 informaci\u00f3n m\u00e1s objetiva sobre la elecci\u00f3n presidencial?<\/p>\n\n\n\n<p class=\"wp-block-paragraph\">En la televisi\u00f3n abierta se enteraron 43 de cada 100; en televisi\u00f3n de paga 14 por ciento; en radio 5 por ciento; en los impresos 5 por ciento y en Internet, as\u00ed en gen\u00e9rico, 25 de cada cien personas. Hay que precisar que en la web ya est\u00e1n muchos diarios digitales con altas preferencias y la mayor\u00eda pertenecen&nbsp; a medios de prensa industrializados y a periodistas destacados.<\/p>\n\n\n\n<p class=\"wp-block-paragraph\">Todo esto y el resultado electoral sorpresivo son indicadores de que la esfera p\u00fablica es fuerte y por tanto tambi\u00e9n la presencia social de la prensa y el periodismo mexicanos;&nbsp; ambos elementos respiran y alimentan esa atm\u00f3sfera de inter\u00e9s por la cosa p\u00fablica.<\/p>\n\n\n\n<p class=\"wp-block-paragraph\">En contraparte, prevalece una ecuaci\u00f3n hist\u00f3rica de que la esfera p\u00fablica y los medios crecen cuando el Estado es d\u00e9bil. El actual ha perdido fortalezas, como ahora en materia de seguridad, de justicia, de equidad econ\u00f3mica y de gobernabilidad frente a los grupos econ\u00f3micos, sociales y armados sean delincuenciales o no.<\/p>\n\n\n\n<p class=\"wp-block-paragraph\">Frente a todo esto, parec\u00eda certero que el presidente electo comenzar\u00e1 a hacer m\u00e1s pol\u00edtica y cerrar la campa\u00f1a electoral: desbrozar los focos de resistencia que todav\u00eda no muestran toda su fuerza: empresarios, centros financieros, iglesia cat\u00f3lica, fuerzas armadas, los partidos desplazados del gobierno y congreso federal pero arraigados en los estados, los grupos de presi\u00f3n, y, por supuesto sectores de la prensa, que son y seguir\u00e1n siendo parte del entramado de la estructura del&nbsp; Estado.<\/p>\n\n\n\n<p class=\"wp-block-paragraph\">En esa \u00e1mbito, siguiendo las aportaciones del estudio hist\u00f3rico, los medios y el periodismo mientras m\u00e1s libres, como somos ahora,&nbsp; se&nbsp; convierten en territorios de la discusi\u00f3n p\u00fablica, factores en la construcci\u00f3n de consensos, o lo contrario, de disensos como los que le construy\u00f3 la prensa conservadora a Francisco I Madero quien no hab\u00eda logrado desmontar la estructura estatal con sus fuentes de poder del dinero, de la pol\u00edtica, los externos, ni de las armas, ni la mayor\u00eda de los periodistas, porque solo ostentaba el gobierno formal.<\/p>\n\n\n\n<p class=\"wp-block-paragraph\">\u00bfQu\u00e9 habr\u00eda pasado si Madero hubiera tenido de su lado a la prensa fifi? Busquemos una respuesta, aunque sea tenue en Bernard Crick (En defensa de la pol\u00edtica, Tusquets Editores) quien hizo un tratado de c\u00f3mo construir consensos, gobernabilidad y orientar al Estado.<\/p>\n","protected":false},"excerpt":{"rendered":"<p>La fuerza de los medios. Parec\u00eda certero que el presidente electo comenzar\u00e1 a hacer m\u00e1s pol\u00edtica y cerrar la campa\u00f1a electoral. Rogelio Hern\u00e1ndez SemM\u00e9xico. Cd.de M\u00e9xico. 24 de septiembre de 2018.- Andr\u00e9s -como le dicen sus cortos- iba bien como presidente electo. Pero, por unos momentos olvid\u00f3 la historia mexicana y que la prensa, sea [&hellip;]<\/p>\n","protected":false},"author":3,"featured_media":7234,"comment_status":"open","ping_status":"open","sticky":false,"template":"","format":"standard","meta":{"_monsterinsights_skip_tracking":false,"footnotes":""},"categories":[689,85],"tags":[],"class_list":["post-7327","post","type-post","status-publish","format-standard","has-post-thumbnail","category-689","category-rogelio-hernandez-lopez"],"_links":{"self":[{"href":"https:\/\/redsemlac.com\/semmexico\/wp-json\/wp\/v2\/posts\/7327","targetHints":{"allow":["GET"]}}],"collection":[{"href":"https:\/\/redsemlac.com\/semmexico\/wp-json\/wp\/v2\/posts"}],"about":[{"href":"https:\/\/redsemlac.com\/semmexico\/wp-json\/wp\/v2\/types\/post"}],"author":[{"embeddable":true,"href":"https:\/\/redsemlac.com\/semmexico\/wp-json\/wp\/v2\/users\/3"}],"replies":[{"embeddable":true,"href":"https:\/\/redsemlac.com\/semmexico\/wp-json\/wp\/v2\/comments?post=7327"}],"version-history":[{"count":0,"href":"https:\/\/redsemlac.com\/semmexico\/wp-json\/wp\/v2\/posts\/7327\/revisions"}],"wp:featuredmedia":[{"embeddable":true,"href":"https:\/\/redsemlac.com\/semmexico\/wp-json\/wp\/v2\/media\/7234"}],"wp:attachment":[{"href":"https:\/\/redsemlac.com\/semmexico\/wp-json\/wp\/v2\/media?parent=7327"}],"wp:term":[{"taxonomy":"category","embeddable":true,"href":"https:\/\/redsemlac.com\/semmexico\/wp-json\/wp\/v2\/categories?post=7327"},{"taxonomy":"post_tag","embeddable":true,"href":"https:\/\/redsemlac.com\/semmexico\/wp-json\/wp\/v2\/tags?post=7327"}],"curies":[{"name":"wp","href":"https:\/\/api.w.org\/{rel}","templated":true}]}}