{"id":73132,"date":"2023-10-26T11:38:10","date_gmt":"2023-10-26T17:38:10","guid":{"rendered":"https:\/\/redsemlac.com\/semmexico\/?p=73132"},"modified":"2023-10-26T11:38:13","modified_gmt":"2023-10-26T17:38:13","slug":"huracan-otis-deja-27-personas-fallecidas-y-cuatro-desaparecidas","status":"publish","type":"post","link":"https:\/\/redsemlac.com\/semmexico\/huracan-otis-deja-27-personas-fallecidas-y-cuatro-desaparecidas\/","title":{"rendered":"Hurac\u00e1n Otis deja 27 personas fallecidas y cuatro desaparecidas"},"content":{"rendered":"\n<p class=\"wp-block-paragraph\">* No se ha especificado cu\u00e1ntos y cu\u00e1les son los municipios afectados en Guerrero<\/p>\n\n\n\n<p class=\"wp-block-paragraph\">* 80 % de la zona hotelera con severos da\u00f1os<\/p>\n\n\n\n<p class=\"wp-block-paragraph\">Redacci\u00f3n<\/p>\n\n\n\n<p class=\"wp-block-paragraph\">SemM\u00e9xico, Acapulco, Gro., 26 de octubre de 2023.- La titular de la Secretar\u00eda de Seguridad y Protecci\u00f3n Ciudadana, Rosa Icela Rodr\u00edguez, inform\u00f3 en la conferencia matutina que hasta el momento son 27 las personas fallecidas y cuatro desaparecidas como resultado del paso del hurac\u00e1n Otis la madrugada de ayer mi\u00e9rcoles en Guerrero.<\/p>\n\n\n\n<p class=\"wp-block-paragraph\">Las autoridades no han dado a conocer qui\u00e9nes son las personas fallecidas, lo \u00fanico que precisaron es que un elemento del Ej\u00e9rcito mexicano se encuentra entre las personas fallecidas y que tres de las cuatro personas desaparecidas pertenecen a la Secretar\u00eda de Marina.<\/p>\n\n\n\n<p class=\"wp-block-paragraph\">Entre los datos que se han dado a conocer, luego de casi 24 horas de silencio oficial, se destaca la letalidad del hurac\u00e1n Otis categor\u00eda 5 en la escala Saffir-Simpson, el m\u00e1s peligro hasta ahora en las costas mexicanas.<\/p>\n\n\n\n<p class=\"wp-block-paragraph\">Tampoco se ha precisado cu\u00e1les y cu\u00e1ntos son los municipios de Guerrero afectados, lo que contrasta con las im\u00e1genes que los medios audiovisuales empezaron a difundir desde el mi\u00e9rcoles 25.<\/p>\n\n\n\n<p class=\"wp-block-paragraph\">El dato que ya se tiene concreto es que el 80 por ciento de los hoteles del puerto de Acapulco sufrieron da\u00f1os, en especial en la zona Diamante; los bancos activan el plan Billetes en Guerrero para que la poblaci\u00f3n afectada pueda contar con efectivo y el aeropuerto de Acapulco est\u00e1 cerrado.<\/p>\n\n\n\n<p class=\"wp-block-paragraph\">Telcel, en una tarjeta informativa, dice que ha restablecido el 40 por ciento del servicio en Acapulco.<\/p>\n\n\n\n<p class=\"wp-block-paragraph\">El presidente Andr\u00e9s Manuel L\u00f3pez Obrador se traslad\u00f3 a la zona desde ayer mismo, donde fue ampliamente fotografiado y se le vio \u201cdando instrucciones\u201d para romper el bloqueo que la fuerza de la naturaleza ocasion\u00f3 en las carreteras, lo que hizo que la gobernadora Evelyn Salgado pasara a un segundo plano.<\/p>\n\n\n\n<p class=\"wp-block-paragraph\">Esta ma\u00f1ana el IMSS desminti\u00f3 la versi\u00f3n que algunos medios de comunicaci\u00f3n dieron sobre el fallecimiento de 16 pacientes del Hospital General Regional No. 1, Vicente Guerrero.<\/p>\n\n\n\n<p class=\"wp-block-paragraph\">El peri\u00f3dico El Sur de Acapulco report\u00f3 desde ayer mi\u00e9rcoles que habitantes de Papagayo, del municipio de Juan R. Escudero (Tierra Colorada) se encontraba bajo el agua y sin comunicaci\u00f3n, tras el desbordamiento del r\u00edo Papagayo a las 6 de la ma\u00f1ana.<\/p>\n\n\n\n<p class=\"wp-block-paragraph\">Los habitantes de la poblaci\u00f3n denunciaron tambi\u00e9n que militares con brazaletes que indicaban que forman parte del Plan DN-III llegaron al lugar pero no los ayudaron.<\/p>\n\n\n\n<p class=\"wp-block-paragraph\">SEM\/sj<\/p>\n","protected":false},"excerpt":{"rendered":"<p>La titular de la Secretar\u00eda de Seguridad y Protecci\u00f3n Ciudadana, Rosa Icela Rodr\u00edguez, inform\u00f3 en la conferencia matutina que hasta el momento son 27 las personas fallecidas y cuatro desaparecidas como resultado del paso del hurac\u00e1n Otis la madrugada de ayer mi\u00e9rcoles en Guerrero.<\/p>\n","protected":false},"author":3,"featured_media":73135,"comment_status":"open","ping_status":"open","sticky":false,"template":"","format":"standard","meta":{"_monsterinsights_skip_tracking":false,"footnotes":""},"categories":[63],"tags":[],"class_list":["post-73132","post","type-post","status-publish","format-standard","has-post-thumbnail","category-reportajes"],"_links":{"self":[{"href":"https:\/\/redsemlac.com\/semmexico\/wp-json\/wp\/v2\/posts\/73132","targetHints":{"allow":["GET"]}}],"collection":[{"href":"https:\/\/redsemlac.com\/semmexico\/wp-json\/wp\/v2\/posts"}],"about":[{"href":"https:\/\/redsemlac.com\/semmexico\/wp-json\/wp\/v2\/types\/post"}],"author":[{"embeddable":true,"href":"https:\/\/redsemlac.com\/semmexico\/wp-json\/wp\/v2\/users\/3"}],"replies":[{"embeddable":true,"href":"https:\/\/redsemlac.com\/semmexico\/wp-json\/wp\/v2\/comments?post=73132"}],"version-history":[{"count":0,"href":"https:\/\/redsemlac.com\/semmexico\/wp-json\/wp\/v2\/posts\/73132\/revisions"}],"wp:featuredmedia":[{"embeddable":true,"href":"https:\/\/redsemlac.com\/semmexico\/wp-json\/wp\/v2\/media\/73135"}],"wp:attachment":[{"href":"https:\/\/redsemlac.com\/semmexico\/wp-json\/wp\/v2\/media?parent=73132"}],"wp:term":[{"taxonomy":"category","embeddable":true,"href":"https:\/\/redsemlac.com\/semmexico\/wp-json\/wp\/v2\/categories?post=73132"},{"taxonomy":"post_tag","embeddable":true,"href":"https:\/\/redsemlac.com\/semmexico\/wp-json\/wp\/v2\/tags?post=73132"}],"curies":[{"name":"wp","href":"https:\/\/api.w.org\/{rel}","templated":true}]}}