{"id":73123,"date":"2023-10-25T17:58:10","date_gmt":"2023-10-25T23:58:10","guid":{"rendered":"https:\/\/redsemlac.com\/semmexico\/?p=73123"},"modified":"2023-10-25T17:58:10","modified_gmt":"2023-10-25T23:58:10","slug":"ni-tolerancia-ni-impunidad-en-delitos-contra-las-mujeres-fgeg","status":"publish","type":"post","link":"https:\/\/redsemlac.com\/semmexico\/ni-tolerancia-ni-impunidad-en-delitos-contra-las-mujeres-fgeg\/","title":{"rendered":"Ni tolerancia, ni impunidad en delitos contra las mujeres: FGEG"},"content":{"rendered":"\n<ul class=\"wp-block-list\">\n<li><strong>Guanajuato tiene avances en materia de leyes y protocolos para atender la violencia machista<\/strong><\/li>\n<\/ul>\n\n\n\n<ul class=\"wp-block-list\">\n<li><strong>Contin\u00faa capacitaci\u00f3n al personal<\/strong><\/li>\n<\/ul>\n\n\n\n<p class=\"wp-block-paragraph\"><strong><br>Redacci\u00f3n<br><\/strong>SemM\u00e9xico, Le\u00f3n, Gto., 25 de octubre de 2023.- La Fiscal\u00eda de Guanajuato refrend\u00f3 su convicci\u00f3n de garantizar el acceso pleno a la justicia de las ni\u00f1as, adolescentes y mujeres, ratificando la visi\u00f3n institucional de Cero Tolerancia y Cero Impunidad en materia de violencia de g\u00e9nero.<\/p>\n\n\n\n<p class=\"wp-block-paragraph\">En rueda de prensa sobre el Quinto Informe del Plan de Trabajo para la implementaci\u00f3n de las propuestas relativas a la solicitud de declaratoria de alerta de violencia de g\u00e9nero contra las mujeres, la fiscal Especializada en Materia de Derechos Humanos, Zuc\u00e9 Hern\u00e1ndez, destac\u00f3 la instalaci\u00f3n de la Mesa T\u00e9cnica de Coordinaci\u00f3n institucional en materia de violencia de g\u00e9nero contra las mujeres.<\/p>\n\n\n\n<p class=\"wp-block-paragraph\">Subray\u00f3 que Guanajuato se ha convertido en una de las entidades m\u00e1s avanzadas en materia de leyes y protocolos que permiten identificar las violencias hacia las mujeres, \u201ctenemos claras las exigencias sociales por una procuraci\u00f3n de justicia oportuna, bien hecha y comprometida\u201d, dijo.<\/p>\n\n\n\n<p class=\"wp-block-paragraph\">Lo anterior derivado de un acuerdo del 19 de octubre, junto a los representantes del Poder Judicial del Estado, Procuradur\u00eda de los Derechos Humanos, Comisiones Estatales de Atenci\u00f3n Integral a V\u00edctimas y de B\u00fasqueda de Personas, Instituto para las Mujeres Guanajuatenses; el Centro Las Libres de Informaci\u00f3n en Salud Sexual, Regi\u00f3n Centro A.C., en representaci\u00f3n de la sociedad civil, como instancia experta en la materia.<br><br><\/p>\n\n\n\n<p class=\"wp-block-paragraph\">Se inform\u00f3 que continua el proceso de certificaci\u00f3n del personal de la Fiscal\u00eda que interviene en la atenci\u00f3n a las v\u00edctimas de las violencias machistas y se mantiene el proceso de certificaci\u00f3n en su fase te\u00f3rica para m\u00e1s de 50 servidoras y servidores p\u00fablicos de la FGEG en materia de Desaparici\u00f3n Forzada de Personas, Desaparici\u00f3n cometida por particulares y Sistema Nacional de B\u00fasqueda.<br><br>SEM\/sj<\/p>\n","protected":false},"excerpt":{"rendered":"<p>Contin\u00faa capacitaci\u00f3n al personal<\/p>\n","protected":false},"author":3,"featured_media":73124,"comment_status":"open","ping_status":"open","sticky":false,"template":"","format":"standard","meta":{"_monsterinsights_skip_tracking":false,"footnotes":""},"categories":[700],"tags":[142],"class_list":["post-73123","post","type-post","status-publish","format-standard","has-post-thumbnail","category-estados","tag-violencia"],"_links":{"self":[{"href":"https:\/\/redsemlac.com\/semmexico\/wp-json\/wp\/v2\/posts\/73123","targetHints":{"allow":["GET"]}}],"collection":[{"href":"https:\/\/redsemlac.com\/semmexico\/wp-json\/wp\/v2\/posts"}],"about":[{"href":"https:\/\/redsemlac.com\/semmexico\/wp-json\/wp\/v2\/types\/post"}],"author":[{"embeddable":true,"href":"https:\/\/redsemlac.com\/semmexico\/wp-json\/wp\/v2\/users\/3"}],"replies":[{"embeddable":true,"href":"https:\/\/redsemlac.com\/semmexico\/wp-json\/wp\/v2\/comments?post=73123"}],"version-history":[{"count":0,"href":"https:\/\/redsemlac.com\/semmexico\/wp-json\/wp\/v2\/posts\/73123\/revisions"}],"wp:featuredmedia":[{"embeddable":true,"href":"https:\/\/redsemlac.com\/semmexico\/wp-json\/wp\/v2\/media\/73124"}],"wp:attachment":[{"href":"https:\/\/redsemlac.com\/semmexico\/wp-json\/wp\/v2\/media?parent=73123"}],"wp:term":[{"taxonomy":"category","embeddable":true,"href":"https:\/\/redsemlac.com\/semmexico\/wp-json\/wp\/v2\/categories?post=73123"},{"taxonomy":"post_tag","embeddable":true,"href":"https:\/\/redsemlac.com\/semmexico\/wp-json\/wp\/v2\/tags?post=73123"}],"curies":[{"name":"wp","href":"https:\/\/api.w.org\/{rel}","templated":true}]}}