{"id":73120,"date":"2023-10-25T17:33:49","date_gmt":"2023-10-25T23:33:49","guid":{"rendered":"https:\/\/redsemlac.com\/semmexico\/?p=73120"},"modified":"2023-10-25T17:33:49","modified_gmt":"2023-10-25T23:33:49","slug":"compromiso-de-legisladoras-impulsar-la-ley-general-del-cancer","status":"publish","type":"post","link":"https:\/\/redsemlac.com\/semmexico\/compromiso-de-legisladoras-impulsar-la-ley-general-del-cancer\/","title":{"rendered":"Compromiso de legisladoras impulsar la Ley General del C\u00e1ncer"},"content":{"rendered":"\n<ul class=\"wp-block-list\">\n<li><strong>Debe tener un enfoque desde las mujeres<\/strong><\/li>\n<\/ul>\n\n\n\n<ul class=\"wp-block-list\">\n<li><strong>Necesario incorporar la tecnolog\u00eda en el diagn\u00f3stico y tratamiento<\/strong><\/li>\n<\/ul>\n\n\n\n<p class=\"wp-block-paragraph\"><strong>Micaela M\u00e1rquez<\/strong><\/p>\n\n\n\n<p class=\"wp-block-paragraph\">SemM\u00e9xico. Ciudad de M\u00e9xico. 25 de octubre 2023.- El compromiso de impulsar una Ley General del C\u00e1ncer con un enfoque femenino, para la prevenci\u00f3n y atenci\u00f3n de esta enfermedad que com\u00fanmente sufren las mujeres como el c\u00e1ncer de mama o de ovarios fue refrendado como una causa de las legisladoras, sin barreras de partidos pol\u00edticos, por la senadora Ana Lilia Rivera Rivera, presidenta del Senado de la Rep\u00fablica.<\/p>\n\n\n\n<p class=\"wp-block-paragraph\">En la inauguraci\u00f3n del Foro Unidos para mejorar el abordaje del c\u00e1ncer en las mujeres de M\u00e9xico destac\u00f3 que la senadora Alejandra Reynoso S\u00e1nchez haya hecho de una experiencia de vida una causa para convertir la pol\u00edtica en una herramienta que permita generar conciencia sobre las consecuencias de las diversas formas de c\u00e1ncer que afectan a las mujeres.<\/p>\n\n\n\n<p class=\"wp-block-paragraph\">La presidenta del Senado record\u00f3 que entre los grandes retos que enfrenta nuestro pa\u00eds en materia de salud est\u00e1 la incorporaci\u00f3n de la tecnolog\u00eda para atender estas enfermedades, pero tambi\u00e9n temas relacionados con corrupci\u00f3n y la impunidad en el sector. &nbsp;<\/p>\n\n\n\n<p class=\"wp-block-paragraph\">Alejandra Reynoso, en tanto, destac\u00f3 la necesidad de sentar las bases para superar los retos en la forma de abordar el c\u00e1ncer, desde las instituciones de salud, pero tambi\u00e9n desde las fundaciones.&nbsp; &nbsp;<\/p>\n\n\n\n<p class=\"wp-block-paragraph\">Coment\u00f3 su experiencia y lo que signific\u00f3 el acompa\u00f1amiento de la asociaci\u00f3n Salvati para que ella pudiera enfrentar la enfermedad, hace dos a\u00f1os. Record\u00f3 que el 1 de octubre, la intervinieron quir\u00fargicamente y su primera quimioterapia fue el 19 de ese mismo mes.&nbsp;<\/p>\n\n\n\n<p class=\"wp-block-paragraph\">Agreg\u00f3 que el 9 de octubre decidi\u00f3 compartir su diagn\u00f3stico y en ese mes recibi\u00f3 una llamada de la asociaci\u00f3n para hacerle llegar el manual de la mujer con c\u00e1ncer de mama, que se convirti\u00f3 en su libro de cabecera, pues le ayud\u00f3 a comprender el proceso por el que estaba pasando. &nbsp;<\/p>\n\n\n\n<p class=\"wp-block-paragraph\">\u201cSalvati no sabe la dimensi\u00f3n, la gran ayuda que esto representa para una mujer, porque m\u00e1s all\u00e1 del diagn\u00f3stico m\u00e9dico es el acompa\u00f1amiento humano, escrito\u201d. &nbsp;&nbsp;<\/p>\n\n\n\n<p class=\"wp-block-paragraph\">La doctora Alejandra Armengol, directora de C\u00e1ncer de la Mujer en el Centro Nacional de Equidad de G\u00e9nero y Salud Reproductiva, advirti\u00f3 que entre las primeras causas de muerte en M\u00e9xico est\u00e1 el c\u00e1ncer de mama, por el que 22 mujeres mueren diariamente, as\u00ed como el c\u00e1ncer de cuello uterino, que puede ser eliminado.&nbsp;<\/p>\n\n\n\n<p class=\"wp-block-paragraph\">Adem\u00e1s del c\u00e1ncer colorrectal, del cual \u201ca\u00fan no contamos con un programa de tamizaje en M\u00e9xico\u201d, esas deben ser las prioridades para el Programa Nacional de Salud y para todos los subsistemas de salud, indic\u00f3. &nbsp;<\/p>\n\n\n\n<p class=\"wp-block-paragraph\">Consider\u00f3 que en M\u00e9xico es urgente eliminar el c\u00e1ncer de cuello uterino, a trav\u00e9s de un control del virus del papiloma humano, con tres estrategias: vacunaci\u00f3n, tamizaje con calidad y atenci\u00f3n a las lesiones premalignas.&nbsp;<\/p>\n\n\n\n<p class=\"wp-block-paragraph\">Destac\u00f3 la impotencia de recuperar los servicios de salud p\u00fablica, dejar de privatizar al sector y tener el control estatal de los centros de tamizaje, hacerlos productivos y dar condiciones dignas de trabajo a las personas que operan en las unidades de diagn\u00f3stico para c\u00e1ncer de mama. &nbsp;<\/p>\n\n\n\n<p class=\"wp-block-paragraph\">La maestra Isabelle Aloi-Temeus, presidenta y fundadora de la organizaci\u00f3n civil Salvati, se\u00f1al\u00f3 que el c\u00e1ncer en sus diversas formas representa uno de los desaf\u00edos m\u00e1s grandes de nuestra era, por el impacto profundo que tiene en las vidas de las personas, familias y comunidades.&nbsp;<\/p>\n\n\n\n<p class=\"wp-block-paragraph\">SEM\/<\/p>\n","protected":false},"excerpt":{"rendered":"<p>Necesario incorporar la tecnolog\u00eda en el diagn\u00f3stico y tratamiento<\/p>\n","protected":false},"author":3,"featured_media":73121,"comment_status":"open","ping_status":"open","sticky":false,"template":"","format":"standard","meta":{"_monsterinsights_skip_tracking":false,"footnotes":""},"categories":[50],"tags":[],"class_list":["post-73120","post","type-post","status-publish","format-standard","has-post-thumbnail","category-congreso"],"_links":{"self":[{"href":"https:\/\/redsemlac.com\/semmexico\/wp-json\/wp\/v2\/posts\/73120","targetHints":{"allow":["GET"]}}],"collection":[{"href":"https:\/\/redsemlac.com\/semmexico\/wp-json\/wp\/v2\/posts"}],"about":[{"href":"https:\/\/redsemlac.com\/semmexico\/wp-json\/wp\/v2\/types\/post"}],"author":[{"embeddable":true,"href":"https:\/\/redsemlac.com\/semmexico\/wp-json\/wp\/v2\/users\/3"}],"replies":[{"embeddable":true,"href":"https:\/\/redsemlac.com\/semmexico\/wp-json\/wp\/v2\/comments?post=73120"}],"version-history":[{"count":0,"href":"https:\/\/redsemlac.com\/semmexico\/wp-json\/wp\/v2\/posts\/73120\/revisions"}],"wp:featuredmedia":[{"embeddable":true,"href":"https:\/\/redsemlac.com\/semmexico\/wp-json\/wp\/v2\/media\/73121"}],"wp:attachment":[{"href":"https:\/\/redsemlac.com\/semmexico\/wp-json\/wp\/v2\/media?parent=73120"}],"wp:term":[{"taxonomy":"category","embeddable":true,"href":"https:\/\/redsemlac.com\/semmexico\/wp-json\/wp\/v2\/categories?post=73120"},{"taxonomy":"post_tag","embeddable":true,"href":"https:\/\/redsemlac.com\/semmexico\/wp-json\/wp\/v2\/tags?post=73120"}],"curies":[{"name":"wp","href":"https:\/\/api.w.org\/{rel}","templated":true}]}}