{"id":73108,"date":"2023-10-25T14:46:01","date_gmt":"2023-10-25T20:46:01","guid":{"rendered":"https:\/\/redsemlac.com\/semmexico\/?p=73108"},"modified":"2023-10-25T14:46:02","modified_gmt":"2023-10-25T20:46:02","slug":"aun-lejos-de-una-vida-libre-de-violencia-para-las-mexicanas-marcela-guerra","status":"publish","type":"post","link":"https:\/\/redsemlac.com\/semmexico\/aun-lejos-de-una-vida-libre-de-violencia-para-las-mexicanas-marcela-guerra\/","title":{"rendered":"A\u00fan lejos de una vida libre de violencia para las mexicanas: Marcela Guerra"},"content":{"rendered":"\n<ul class=\"wp-block-list\">\n<li><strong>Reconoce presidenta del Congreso pendientes y llam\u00f3 a redoblar esfuerzos<\/strong><\/li>\n<\/ul>\n\n\n\n<ul class=\"wp-block-list\">\n<li><strong>En 2024 necesarios sem\u00e1foros de alerta de violencia contra candidatas<\/strong><\/li>\n<\/ul>\n\n\n\n<p class=\"wp-block-paragraph\"><strong>Micaela M\u00e1rquez<\/strong><strong><\/strong><\/p>\n\n\n\n<p class=\"wp-block-paragraph\">SemM\u00e9xico. Ciudad de M\u00e9xico. 25 de octubre 2023.- Los logros en materia de igualdad sustantiva son de car\u00e1cter transversal en M\u00e9xico y tienen un alto nivel de detonaci\u00f3n de procesos positivos en el entramado social, se\u00f1al\u00f3 la presidenta de la C\u00e1mara de Diputados, Marcela Guerra Castillo.<\/p>\n\n\n\n<p class=\"wp-block-paragraph\">Sin embargo, advirti\u00f3 que la justa aspiraci\u00f3n de una vida libre de violencia para la mujer se encuentra a\u00fan muy lejos de ser alcanzada, al participar en la conmemoraci\u00f3n del 70 aniversario de las mujeres en M\u00e9xico en el Senado de la Rep\u00fablica.&nbsp;<\/p>\n\n\n\n<p class=\"wp-block-paragraph\">De cara a las elecciones del 2024 llam\u00f3 a redoblar esfuerzos para visibilizar los temas que definen la agenda de la igualdad sustantiva y tambi\u00e9n llamar a construir sem\u00e1foros de alerta respecto a la violencia, la inseguridad y las amenazas a las candidatas\u201d.<\/p>\n\n\n\n<p class=\"wp-block-paragraph\">Ante el acceso a mejores espacios de participaci\u00f3n y protagonismo, enfrenta brutales amenazas como la inseguridad, el feminicidio, la violencia, la intimidaci\u00f3n y hasta el asesinato de candidatas.<\/p>\n\n\n\n<p class=\"wp-block-paragraph\">La diputada consider\u00f3 que reconocer el voto de la mujer fue un acto de elemental justicia que deton\u00f3 otros cambios que permitieron la participaci\u00f3n del sector en diversas actividades, y aunque el panorama para la igualdad sustantiva tiene signos favorables en materia de paridad, todav\u00eda hay barreras para lograr su participaci\u00f3n plena.&nbsp;<\/p>\n\n\n\n<p class=\"wp-block-paragraph\">Record\u00f3 que fue hasta la reforma de 1953 cuando se reconoci\u00f3 el derecho de las mujeres a votar y ser votadas, pues hab\u00eda un r\u00e9gimen legal que marginaba a las mujeres, producto de una estructura de dominaci\u00f3n pol\u00edtica y de control r\u00edgido patriarcal.&nbsp;&nbsp;<\/p>\n\n\n\n<p class=\"wp-block-paragraph\">\u201cPrevalecen, todav\u00eda, pr\u00e1cticas de hostigamiento a la mujer en algunas comunidades en donde se toleran los matrimonios forzados. La inseguridad en grandes regiones y comunidades del pa\u00eds tiene a la mujer como una parte m\u00e1s vulnerable, al tiempo que la violencia familiar sigue siendo un gran flagelo que las victimiza\u201d.&nbsp;<\/p>\n\n\n\n<p class=\"wp-block-paragraph\">La diputada Guerra Castillo tambi\u00e9n se refiri\u00f3 a la gran brecha laboral de g\u00e9nero y que se evidencia en el pago de salarios menores a las mujeres, respecto de los hombres, en condiciones similares.&nbsp;<\/p>\n\n\n\n<p class=\"wp-block-paragraph\">\u201cA ese respecto destaca el gran trabajo realizado por Claudia Goldin, quien fue galardonada con el Premio Nobel de Econom\u00eda este a\u00f1o por su exhaustiva investigaci\u00f3n de brecha de g\u00e9nero en el mercado laboral. El gran m\u00e9rito acad\u00e9mico de Goldin suma otro atributo, consistente en visibilizar muy espec\u00edficamente el tema de gran relevancia para la agenda de la igualdad sustantiva: la discriminaci\u00f3n en la brecha laboral de g\u00e9nero\u201d, dijo.&nbsp;<\/p>\n\n\n\n<p class=\"wp-block-paragraph\">SEM\/mm\/sj<\/p>\n","protected":false},"excerpt":{"rendered":"<p>En 2024 necesarios sem\u00e1foros de alerta de violencia contra candidatas<\/p>\n","protected":false},"author":3,"featured_media":73109,"comment_status":"open","ping_status":"open","sticky":false,"template":"","format":"standard","meta":{"_monsterinsights_skip_tracking":false,"footnotes":""},"categories":[50],"tags":[],"class_list":["post-73108","post","type-post","status-publish","format-standard","has-post-thumbnail","category-congreso"],"_links":{"self":[{"href":"https:\/\/redsemlac.com\/semmexico\/wp-json\/wp\/v2\/posts\/73108","targetHints":{"allow":["GET"]}}],"collection":[{"href":"https:\/\/redsemlac.com\/semmexico\/wp-json\/wp\/v2\/posts"}],"about":[{"href":"https:\/\/redsemlac.com\/semmexico\/wp-json\/wp\/v2\/types\/post"}],"author":[{"embeddable":true,"href":"https:\/\/redsemlac.com\/semmexico\/wp-json\/wp\/v2\/users\/3"}],"replies":[{"embeddable":true,"href":"https:\/\/redsemlac.com\/semmexico\/wp-json\/wp\/v2\/comments?post=73108"}],"version-history":[{"count":0,"href":"https:\/\/redsemlac.com\/semmexico\/wp-json\/wp\/v2\/posts\/73108\/revisions"}],"wp:featuredmedia":[{"embeddable":true,"href":"https:\/\/redsemlac.com\/semmexico\/wp-json\/wp\/v2\/media\/73109"}],"wp:attachment":[{"href":"https:\/\/redsemlac.com\/semmexico\/wp-json\/wp\/v2\/media?parent=73108"}],"wp:term":[{"taxonomy":"category","embeddable":true,"href":"https:\/\/redsemlac.com\/semmexico\/wp-json\/wp\/v2\/categories?post=73108"},{"taxonomy":"post_tag","embeddable":true,"href":"https:\/\/redsemlac.com\/semmexico\/wp-json\/wp\/v2\/tags?post=73108"}],"curies":[{"name":"wp","href":"https:\/\/api.w.org\/{rel}","templated":true}]}}