{"id":73102,"date":"2023-10-25T13:22:14","date_gmt":"2023-10-25T19:22:14","guid":{"rendered":"https:\/\/redsemlac.com\/semmexico\/?p=73102"},"modified":"2023-10-25T13:22:14","modified_gmt":"2023-10-25T19:22:14","slug":"cancelan-estampilla-conmemorativa-del-70-aniversario-del-voto-femenino","status":"publish","type":"post","link":"https:\/\/redsemlac.com\/semmexico\/cancelan-estampilla-conmemorativa-del-70-aniversario-del-voto-femenino\/","title":{"rendered":"Cancelan estampilla conmemorativa del 70 aniversario del voto femenino"},"content":{"rendered":"\n<ul class=\"wp-block-list\">\n<li><strong>C\u00e1mara de Diputados y SEPOMEX recuerdan perseverancia de las sufragistas<\/strong><\/li>\n<\/ul>\n\n\n\n<ul class=\"wp-block-list\">\n<li><strong>El timbre postal tiene la imagen de Elvira Carrillo Puerto, conocida como La monja roja del Mayab<\/strong><\/li>\n<\/ul>\n\n\n\n<p class=\"wp-block-paragraph\"><strong>Redacci\u00f3n<\/strong><\/p>\n\n\n\n<p class=\"wp-block-paragraph\">SemM\u00e9xico, Ciudad de M\u00e9xico, 25 de octubre de 2023.- La C\u00e1mara de Diputados y el Servicio Postal Mexicano (SEPOMEX) realizaron la cancelaci\u00f3n de la estampilla conmemorativa del 70 aniversario del voto femenino en M\u00e9xico, en instalaciones del Palacio Legislativo de San L\u00e1zaro.<\/p>\n\n\n\n<p class=\"wp-block-paragraph\">En el acto, la presidenta de la Mesa Directiva, diputada Marcela Guerra Castillo, celebr\u00f3 la cancelaci\u00f3n de la emisi\u00f3n de la estampilla postal con la imagen de Elvia Carrillo Puerto, una luchadora social cuyo activismo le gan\u00f3 el mote de \u201cLa monja roja del Mayab\u201d.<\/p>\n\n\n\n<p class=\"wp-block-paragraph\">Agreg\u00f3 que es un reconocimiento m\u00e1s a la perseverancia, a la lucha, a este ah\u00ednco que caracteriza a la mujer mexicana, que ha luchado d\u00eda a d\u00eda sin desfallecer para obtener el sufragio femenino y seguir logrando las reformas que necesitamos para concretar la igualdad real, efectiva y sustantiva.<\/p>\n\n\n\n<p class=\"wp-block-paragraph\">Por ello, agreg\u00f3, a trav\u00e9s de este timbre postal que circula en todos los rincones del pa\u00eds la LXV Legislatura de la Paridad, la Inclusi\u00f3n y la Diversidad, enaltece este logro que motiva a seguir perseverando para las generaciones venidera esta lucha permanente.<\/p>\n\n\n\n<p class=\"wp-block-paragraph\">Puntualiz\u00f3 que quedar\u00e1 plasmado en la historia y formar\u00e1 parte del acervo filat\u00e9lico mexicano, adem\u00e1s de ser de gran valor por el dise\u00f1o de las 500 mil estampillas, las tintas utilizadas, que vemos que es el magenta, el amarillo, el negro, unas tintas de muy buen gusto, por cierto, y su composici\u00f3n digital.<\/p>\n\n\n\n<p class=\"wp-block-paragraph\">Refiri\u00f3 que es una estampilla con un dise\u00f1o extraordinario, y el dise\u00f1ador Sergio Barranca R\u00e1bago plasm\u00f3 una imagen espl\u00e9ndida de Elvira Carrillo Puerto, una hero\u00edna nacional y una de las conmemoradas de esta celebraci\u00f3n que hemos tenido ya por semanas en la C\u00e1mara de Diputados.<\/p>\n\n\n\n<p class=\"wp-block-paragraph\">\u201cA nombre de la C\u00e1mara de Diputados, de nueva cuenta agradecemos a la maestra Roc\u00edo B\u00e1rcena, directora general del Servicio Postal Mexicano, que mucho nos honra, por contribuir con esta conmemoraci\u00f3n\u201d.<\/p>\n\n\n\n<p class=\"wp-block-paragraph\">Se congratul\u00f3 por que hoy toca honrar a todas las mujeres que nos antecedieron, que dieron una raz\u00f3n, ciudadan\u00eda, que nos permitieron votar y ser votadas.<\/p>\n\n\n\n<p class=\"wp-block-paragraph\">Mencion\u00f3 que una de las grandes y sabias costumbres del SEPOMEX es el de rendir tributo, a trav\u00e9s de estampillas que circula, a los acontecimientos, a los pasajes de historia y a las personalidades relevantes.<\/p>\n\n\n\n<p class=\"wp-block-paragraph\">Sin duda, agreg\u00f3, se trata de un gran acierto de la instituci\u00f3n porque contribuye as\u00ed a mantener y enriquecer la conciencia c\u00edvica de la poblaci\u00f3n por la v\u00eda de exaltar los momentos, las p\u00e1ginas de la historia, las figuras que hemos de enorgullecernos, hasta los paisajes mexicanos, las ciudades, municipios, fechas, la historia misma.<\/p>\n\n\n\n<p class=\"wp-block-paragraph\">En esta \u00f3ptica, hoy participamos en este evento que cancela la estampilla del 70 aniversario del voto femenino en M\u00e9xico, en el marco de una conmemoraci\u00f3n que subraya uno de los grandes hitos del M\u00e9xico moderno, y que han dado paso&nbsp; a much\u00edsimas otras reformas que nos han dado lo que hoy decimos la igualdad sustantiva, finaliz\u00f3.<\/p>\n\n\n\n<p class=\"wp-block-paragraph\">Al dar la bienvenida la Secretaria General, Graciela B\u00e1ez Ric\u00e1rdez, dijo que en el marco de los eventos que ha organizado la C\u00e1mara de Diputados para festejar el 70 Aniversario del voto de las mujeres, las diputadas y diputados decidieron la cancelaci\u00f3n de esta estampilla que se hace con el Servicio Postal Mexicano.<\/p>\n\n\n\n<p class=\"wp-block-paragraph\">En su oportunidad, la directora general del Servicio Postal Mexicano, Roc\u00edo B\u00e1rcena, record\u00f3 que en 1986 fue la primera emisi\u00f3n de un timbre postal en el pa\u00eds, y a partir de esa fecha las estampillas se utilizaron para el pago del porte para el servicio.<\/p>\n\n\n\n<p class=\"wp-block-paragraph\">Coment\u00f3 que el correo adopt\u00f3 una rama cultural importante que es la filatelia, iniciando con esto un acervo gr\u00e1fico de las culturas nacionales por cada pa\u00eds que emite una estampilla y promoviendo el conocimiento de los valores sociales y c\u00edvicos de los pa\u00edses que las emiten.<\/p>\n\n\n\n<p class=\"wp-block-paragraph\">\u201cAgradecemos la iniciativa de la C\u00e1mara de Diputados para que el Servicio Postal Mexicano participe en esta conmemoraci\u00f3n con la emisi\u00f3n de la estampilla postal por estos 70 a\u00f1os de haberse escrito una p\u00e1gina importante en la historia del pa\u00eds\u201d, indic\u00f3.<\/p>\n\n\n\n<p class=\"wp-block-paragraph\">Mencion\u00f3 que esta ser\u00e1 la tercera estampilla postal en el acervo filat\u00e9lico nacional e internacional con la que se rinde homenaje a las mujeres que lucharon por el reconocimiento de los derechos y la igualdad pol\u00edtica.<\/p>\n\n\n\n<p class=\"wp-block-paragraph\">Con esta emisi\u00f3n, agreg\u00f3, Correos de M\u00e9xico se suma a la celebraci\u00f3n de los invaluables aportes de las mujeres en la construcci\u00f3n y transformaci\u00f3n de la sociedad, as\u00ed como al reconocimiento por la incansable lucha para que las mujeres pudi\u00e9ramos votar y ser votadas.<\/p>\n\n\n\n<p class=\"wp-block-paragraph\">Inform\u00f3 que una vez que se realice el protocolo de cancelaci\u00f3n, la estampilla se podr\u00e1 vender en todas las administraciones postales del pa\u00eds, donde \u201ctenemos presencia en m\u00e1s de dos mil 400 municipios\u201d.<\/p>\n\n\n\n<p class=\"wp-block-paragraph\">SEM\/sj<\/p>\n","protected":false},"excerpt":{"rendered":"<p>C\u00e1mara de Diputados y SEPOMEX recuerdan perseverancia de las sufragistas<\/p>\n","protected":false},"author":3,"featured_media":73103,"comment_status":"open","ping_status":"open","sticky":false,"template":"","format":"standard","meta":{"_monsterinsights_skip_tracking":false,"footnotes":""},"categories":[50],"tags":[],"class_list":["post-73102","post","type-post","status-publish","format-standard","has-post-thumbnail","category-congreso"],"_links":{"self":[{"href":"https:\/\/redsemlac.com\/semmexico\/wp-json\/wp\/v2\/posts\/73102","targetHints":{"allow":["GET"]}}],"collection":[{"href":"https:\/\/redsemlac.com\/semmexico\/wp-json\/wp\/v2\/posts"}],"about":[{"href":"https:\/\/redsemlac.com\/semmexico\/wp-json\/wp\/v2\/types\/post"}],"author":[{"embeddable":true,"href":"https:\/\/redsemlac.com\/semmexico\/wp-json\/wp\/v2\/users\/3"}],"replies":[{"embeddable":true,"href":"https:\/\/redsemlac.com\/semmexico\/wp-json\/wp\/v2\/comments?post=73102"}],"version-history":[{"count":0,"href":"https:\/\/redsemlac.com\/semmexico\/wp-json\/wp\/v2\/posts\/73102\/revisions"}],"wp:featuredmedia":[{"embeddable":true,"href":"https:\/\/redsemlac.com\/semmexico\/wp-json\/wp\/v2\/media\/73103"}],"wp:attachment":[{"href":"https:\/\/redsemlac.com\/semmexico\/wp-json\/wp\/v2\/media?parent=73102"}],"wp:term":[{"taxonomy":"category","embeddable":true,"href":"https:\/\/redsemlac.com\/semmexico\/wp-json\/wp\/v2\/categories?post=73102"},{"taxonomy":"post_tag","embeddable":true,"href":"https:\/\/redsemlac.com\/semmexico\/wp-json\/wp\/v2\/tags?post=73102"}],"curies":[{"name":"wp","href":"https:\/\/api.w.org\/{rel}","templated":true}]}}