{"id":73092,"date":"2023-10-25T13:09:57","date_gmt":"2023-10-25T19:09:57","guid":{"rendered":"https:\/\/redsemlac.com\/semmexico\/?p=73092"},"modified":"2023-10-25T16:08:24","modified_gmt":"2023-10-25T22:08:24","slug":"miles-de-mujeres-en-islandia-se-van-a-huelga-para-exigir-igualdad-salarial-y-fin-a-la-violencia-contra-las-mujeres","status":"publish","type":"post","link":"https:\/\/redsemlac.com\/semmexico\/miles-de-mujeres-en-islandia-se-van-a-huelga-para-exigir-igualdad-salarial-y-fin-a-la-violencia-contra-las-mujeres\/","title":{"rendered":"Miles de mujeres en Islandia se van a huelga para exigir igualdad salarial y fin a la violencia contra las mujeres"},"content":{"rendered":"\n<ul class=\"wp-block-list\">\n<li><strong>La primera ministra, Katr\u00edn Jakobsd\u00f3ttir, se uni\u00f3 a las protestas por los derechos laborales y pago al trabajo no remunerado las finlandesas<\/strong><\/li>\n<\/ul>\n\n\n\n<ul class=\"wp-block-list\">\n<li><strong>Cierran establecimientos, escuelas, bibliotecas y las mujeres se quedaron en casa<\/strong><\/li>\n<\/ul>\n\n\n\n<p class=\"wp-block-paragraph\"><strong>Redacci\u00f3n<\/strong><\/p>\n\n\n\n<p class=\"wp-block-paragraph\">SemM\u00e9xico\/agencias, Reikiavik, Islandia, 25 de octubre, 2023.- Miles de&nbsp;mujeres, entre ellas la primera ministra Katr\u00edn Jakobsd\u00f3ttir,&nbsp;dejaron de trabajar&nbsp;el martes en&nbsp;Islandia&nbsp;para exigir la igualdad salarial y protestar contra la violencia contra las mujeres, seg\u00fan las organizadoras del movimiento.<\/p>\n\n\n\n<p class=\"wp-block-paragraph\">En toda la peque\u00f1a naci\u00f3n insular, las escuelas y bibliotecas cerraron o funcionaron con horarios limitados, ya que el personal femenino se qued\u00f3 en casa, mientras que los hospitales dijeron que s\u00f3lo atender\u00edan casos de emergencia.<\/p>\n\n\n\n<p class=\"wp-block-paragraph\">\u00abEl 24 de octubre, todas las mujeres de Islandia, incluidas las inmigrantes, son invitadas a no trabajar\u00bb, escriben en su sitio internet respecto a este d\u00eda titulado \u00abKvennafr\u00ed\u00bb (\u00abD\u00eda Libre para las Mujeres\u00bb).<\/p>\n\n\n\n<p class=\"wp-block-paragraph\">La primera ministra, de 47 a\u00f1os, se uni\u00f3 a la protesta y dijo que no ir\u00eda a trabajar el martes.<\/p>\n\n\n<div class=\"wp-block-image\">\n<figure class=\"aligncenter size-full\"><a href=\"https:\/\/redsemlac.com\/semmexico\/wp-content\/uploads\/2023\/10\/Imagen1-15.jpg\"><img loading=\"lazy\" decoding=\"async\" width=\"740\" height=\"493\" src=\"https:\/\/redsemlac.com\/semmexico\/wp-content\/uploads\/2023\/10\/Imagen1-15.jpg\" alt=\"\" class=\"wp-image-73094\"\/><\/a><figcaption class=\"wp-element-caption\">&nbsp;La primera ministra islandesa, Katrin Jakobsdottir, llega a una cumbre europea el 5 de octubre de 2023 en la ciudad andaluza de Granada, al sur de Espa\u00f1a (Thomas Coex)<\/figcaption><\/figure>\n<\/div>\n\n\n<p class=\"wp-block-paragraph\">\u00abSi miramos al mundo entero, podr\u00edamos tardar 300 a\u00f1os en alcanzar la igualdad de g\u00e9nero\u00bb, dijo Jakobsdottir a la emisora de radio p\u00fablica Ras 1.<\/p>\n\n\n\n<p class=\"wp-block-paragraph\">La huelga se convoc\u00f3 para protestar por las diferencias salariales con respecto a los hombres y la violencia de g\u00e9nero, as\u00ed como para poner de relieve el trabajo no remunerado, como el cuidado de los ni\u00f1os, que suele recaer en las mujeres, seg\u00fan los organizadores.<\/p>\n\n\n\n<p class=\"wp-block-paragraph\">Organizada bajo el lema \u00ab\u00bfLlamas a esto igualdad?\u00bb e integrada por mujeres islandesas y personas no binarias, la protesta es la primera huelga de un d\u00eda completo desde una manifestaci\u00f3n inaugural de mujeres hace casi medio siglo.<\/p>\n\n\n\n<figure class=\"wp-block-image size-full\"><a href=\"https:\/\/redsemlac.com\/semmexico\/wp-content\/uploads\/2023\/10\/Imagen2-15.jpg\"><img loading=\"lazy\" decoding=\"async\" width=\"717\" height=\"401\" src=\"https:\/\/redsemlac.com\/semmexico\/wp-content\/uploads\/2023\/10\/Imagen2-15.jpg\" alt=\"\" class=\"wp-image-73093\"\/><\/a><figcaption class=\"wp-element-caption\">Una manifestaci\u00f3n se realiz\u00f3 por la tarde en Reikiavik. Medios de comunicaci\u00f3n locales informaron de la asistencia de entre 70,000 y 100,000 personas.<\/figcaption><\/figure>\n\n\n\n<p class=\"wp-block-paragraph\">\u00abDurante todo el d\u00eda, las mujeres har\u00e1n huelga para demostrar la importancia de su contribuci\u00f3n a la sociedad\u00bb, a\u00f1aden las organizadoras, precisando que las personas no binarias tambi\u00e9n estaban llamadas a participar en el movimiento.<\/p>\n\n\n\n<p class=\"wp-block-paragraph\">Las huelguistas esperan que los hombres se hagan cargo este martes del trabajo no remunerado que a menudo recae sobre las mujeres.<\/p>\n\n\n\n<p class=\"wp-block-paragraph\">La jornada se celebr\u00f3 seis veces desde 1975 en Islandia \u2014cuando el 90% de las mujeres del pa\u00eds salieron a protestar\u2014, pero es la segunda vez que la huelga se observa durante todo el d\u00eda, explic\u00f3 Steinunn R\u00f6gnvaldsd\u00f3ttir, miembro del comit\u00e9 organizador.<\/p>\n\n\n\n<p class=\"wp-block-paragraph\">\u00abEstamos celebrando&#8230; a nuestras antepasadas, nuestros modelos de igualdad\u00bb, dijo Thorgerdur Katrin Gunnarsdottir, de 58 a\u00f1os, legisladora islandesa. \u00abNecesitamos igualdad, necesitamos justicia, necesitamos libertad, as\u00ed que este es un mensaje de Islandia: tenemos que permanecer unidos\u201d.<\/p>\n\n\n\n<h2 class=\"wp-block-heading\"><strong>\u00bfUn para\u00edso de la igualdad?<\/strong><\/h2>\n\n\n\n<p class=\"wp-block-paragraph\">Con una poblaci\u00f3n de menos de 400,000 habitantes, Islandia est\u00e1 considerada uno de los pa\u00edses m\u00e1s progresistas del mundo en materia de igualdad de g\u00e9nero y ha encabezado el \u00edndice de brecha de g\u00e9nero del Foro Econ\u00f3mico Mundial durante 14 a\u00f1os consecutivos.<\/p>\n\n\n\n<p class=\"wp-block-paragraph\">En el pa\u00eds, la diferencia salarial media entre hombres y mujeres era del 10.2% en 2021, seg\u00fan la agencia nacional de estad\u00edsticas. Pero en algunas industrias y profesiones, las mujeres ganan al menos un 20% menos que los hombres islandeses, seg\u00fan Estad\u00edsticas de Islandia.<\/p>\n\n\n\n<p class=\"wp-block-paragraph\">\u00abEste d\u00eda es para todas las mujeres de Islandia\u00bb, dijo Sonja Rut Adalsteinsdottir, de 41 a\u00f1os, quien trabaja en una empresa que fabrica equipos para la industria alimentaria.<\/p>\n\n\n\n<p class=\"wp-block-paragraph\">El 40% de las mujeres islandesas sufren violencia de g\u00e9nero y sexual a lo largo de su vida, seg\u00fan un estudio de la Universidad de Islandia.<\/p>\n\n\n\n<p class=\"wp-block-paragraph\">\u00abQueremos llamar la atenci\u00f3n sobre el hecho de que se nos llama para\u00edso de la igualdad, pero sigue habiendo disparidades de g\u00e9nero y urge actuar\u00bb, dijo Freyja Steingrimsdottir, organizadora de la huelga y directora de comunicaci\u00f3n de la Federaci\u00f3n Islandesa de Trabajadores P\u00fablicos.<\/p>\n\n\n\n<p class=\"wp-block-paragraph\">\u00abLas profesiones dirigidas por mujeres, como los servicios sanitarios y el cuidado de ni\u00f1os, siguen estando infravaloradas y mucho peor pagadas\u00bb, afirm\u00f3 Steingrimsdottir a Reuters el lunes.<\/p>\n\n\n\n<p class=\"wp-block-paragraph\"><em>Con informaci\u00f3n de AFP y Reuters<\/em><\/p>\n","protected":false},"excerpt":{"rendered":"<p>La primera ministra, Katr\u00edn Jakobsd\u00f3ttir, se uni\u00f3 a las protestas por los derechos laborales y pago al trabajo no remunerado las finlandesas<\/p>\n","protected":false},"author":3,"featured_media":73095,"comment_status":"open","ping_status":"open","sticky":false,"template":"","format":"standard","meta":{"_monsterinsights_skip_tracking":false,"footnotes":""},"categories":[694,53],"tags":[],"class_list":["post-73092","post","type-post","status-publish","format-standard","has-post-thumbnail","category-destacadas","category-internacional"],"_links":{"self":[{"href":"https:\/\/redsemlac.com\/semmexico\/wp-json\/wp\/v2\/posts\/73092","targetHints":{"allow":["GET"]}}],"collection":[{"href":"https:\/\/redsemlac.com\/semmexico\/wp-json\/wp\/v2\/posts"}],"about":[{"href":"https:\/\/redsemlac.com\/semmexico\/wp-json\/wp\/v2\/types\/post"}],"author":[{"embeddable":true,"href":"https:\/\/redsemlac.com\/semmexico\/wp-json\/wp\/v2\/users\/3"}],"replies":[{"embeddable":true,"href":"https:\/\/redsemlac.com\/semmexico\/wp-json\/wp\/v2\/comments?post=73092"}],"version-history":[{"count":0,"href":"https:\/\/redsemlac.com\/semmexico\/wp-json\/wp\/v2\/posts\/73092\/revisions"}],"wp:featuredmedia":[{"embeddable":true,"href":"https:\/\/redsemlac.com\/semmexico\/wp-json\/wp\/v2\/media\/73095"}],"wp:attachment":[{"href":"https:\/\/redsemlac.com\/semmexico\/wp-json\/wp\/v2\/media?parent=73092"}],"wp:term":[{"taxonomy":"category","embeddable":true,"href":"https:\/\/redsemlac.com\/semmexico\/wp-json\/wp\/v2\/categories?post=73092"},{"taxonomy":"post_tag","embeddable":true,"href":"https:\/\/redsemlac.com\/semmexico\/wp-json\/wp\/v2\/tags?post=73092"}],"curies":[{"name":"wp","href":"https:\/\/api.w.org\/{rel}","templated":true}]}}