{"id":7309,"date":"2018-10-15T00:48:21","date_gmt":"2018-10-15T00:48:21","guid":{"rendered":"https:\/\/redsemlac.com\/semmexico\/?p=7309"},"modified":"2023-07-21T14:33:48","modified_gmt":"2023-07-21T19:33:48","slug":"miradas-de-reportero-20","status":"publish","type":"post","link":"https:\/\/redsemlac.com\/semmexico\/miradas-de-reportero-20\/","title":{"rendered":"Miradas de reportero"},"content":{"rendered":"\n<p class=\"wp-block-paragraph\">\u00bfEs error de Pablo ofrecer 15 mil millones anuales para propaganda?<\/p>\n\n\n\n<h5 class=\"wp-block-heading\"> \u2022 Proh\u00edbe expresamente disimular propaganda como noticia<\/h5>\n\n\n\n<p class=\"wp-block-paragraph\"><a href=\"https:\/\/semmexico.com\/gallery-post.php?id=6116#\">Rogelio Hern\u00e1ndez<\/a><\/p>\n\n\n\n<p class=\"wp-block-paragraph\">SemM\u00e9xico, 15 octubre 2018- Una buena cantidad de periodistas, empresarios de medios y analistas debieron leer acuciosamente la iniciativa de Ley de Propaganda Oficial que present\u00f3, el 9 de octubre, el legendario hombre de izquierda Pablo G\u00f3mez \u00c1lvarez y toparse con algunas sorpresas&#8230;<\/p>\n\n\n\n<p class=\"wp-block-paragraph\">Por ejemplo, anunci\u00f3 que el gasto p\u00fablico anual ser\u00e1 del 0.3 por ciento del presupuesto de egresos de la federaci\u00f3n. Eso significar\u00eda 15 mil 539 millones de pesos, casi cuatro veces m\u00e1s que lo autorizado a Pe\u00f1a Nieto en 2018.<\/p>\n\n\n\n<p class=\"wp-block-paragraph\">Y hay otras sorpresas en la iniciativa que present\u00f3 G\u00f3mez \u00c1lvarez sin especificar que es la oficial del grupo parlamentario de Morena:<\/p>\n\n\n\n<p class=\"wp-block-paragraph\">&#8211; La ley ser\u00eda General, no solo para el gobierno federal sino de aplicaci\u00f3n en todo el pa\u00eds.<\/p>\n\n\n\n<p class=\"wp-block-paragraph\">&#8211; Proh\u00edbe expresamente disimular propaganda como noticia; estipula sanciones administrativas y penales para quien viole la norma.<\/p>\n\n\n\n<p class=\"wp-block-paragraph\">&#8211; Del total del gasto, no podr\u00e1 contratarse con una sola empresa m\u00e1s del 25 por ciento.<\/p>\n\n\n\n<p class=\"wp-block-paragraph\">&#8211; Una rama de medios (televisi\u00f3n, por ejemplo) tampoco rebasar\u00e1 m\u00e1s del 50 por ciento.<\/p>\n\n\n\n<p class=\"wp-block-paragraph\"><strong>Prohibicionista<\/strong><\/p>\n\n\n\n<p class=\"wp-block-paragraph\">Ah\u00ed paran las sorpresas porque la esencia de la propuesta del ex l\u00edder estudiantil en 1968, es para poner limitantes severas a todos los funcionarios p\u00fablicos que han hecho dispendios en este gasto y, que por lo general lo usan para favorecer o sancionar medios y\/o para la autopromoci\u00f3n.<\/p>\n\n\n\n<p class=\"wp-block-paragraph\">Con ese esp\u00edritu prohibicionista G\u00f3mez le cambia el nombre de Comunicaci\u00f3n Social por el de Propaganda Oficial. Pero, adem\u00e1s, no incorpora la vigilancia ciudadana, ni a los medios p\u00fablicos como lo han ofrecido varios morenistas como Virgilio Caballero y Jes\u00fas Ram\u00edrez Cuevas.<\/p>\n\n\n\n<p class=\"wp-block-paragraph\">G\u00f3mez \u00c1lvarez tambi\u00e9n omite incorporar a los medios m\u00e1s libres por no ser lucrativos que han proliferado como sujetos beneficiarios del gasto p\u00fablico; igual elude establecer m\u00e1s criterios econ\u00f3micos para que ese recurso, por ser tan cuantioso equilibre las distorsiones del mercado que hoy son a favor de los medios m\u00e1s grandes y acaparadores.<\/p>\n\n\n\n<p class=\"wp-block-paragraph\">En resumen, la iniciativa mantiene varios cotos a los flujos de la informaci\u00f3n necesaria socialmente. V\u00e9anse algunos ejemplos:<\/p>\n\n\n\n<p class=\"wp-block-paragraph\">&#8211; No se propone el consejo consultivo que vigilar\u00eda la aplicaci\u00f3n de la ley y del gasto, como lo hab\u00eda propagandizado el periodista Virgilio Caballero; la funci\u00f3n se le otorga a las contralor\u00edas internas y a la Secretar\u00eda de la Funci\u00f3n P\u00fablica.<\/p>\n\n\n\n<p class=\"wp-block-paragraph\">&#8211; Omite fortalecer, por la v\u00eda del gasto en propaganda, a los medios p\u00fablicos. Ram\u00edrez Cuevas ha ofrecido en varias ocasiones, incluso lo hizo en la C\u00e1mara de Diputados, que generar\u00edan una ley que fortalecer\u00eda el sistema de medios p\u00fablicos. La iniciativa ni siquiera los menciona.<\/p>\n\n\n\n<p class=\"wp-block-paragraph\">&#8211; Tampoco se modifican los criterios generales para contratar propaganda o publicidad a los medios que garanticen alcance masivo y altos ratings, como lo han hecho los gobiernos recientes y que solo cumplen los medios industrializados o consolidados.<\/p>\n\n\n\n<p class=\"wp-block-paragraph\">&#8211;&nbsp; G\u00f3mez propone, eso s\u00ed, como condici\u00f3n para contratar a los medios que est\u00e9n en un padr\u00f3n \u00fanico, incluidos los de estados, lo cual parece bien. Pero es relativo porque el mismo esquema favorecedor de los grandes medios se reproduce en los estados; no abre resquicios para que ingresen a ese padr\u00f3n los medios no lucrativos que han proliferado recientemente por iniciativa de periodistas independientes, ni a los medios locales modestos ni los especializados que ofrecen temas y l\u00edneas editoriales que otros no ofrecen.<\/p>\n\n\n\n<p class=\"wp-block-paragraph\"><strong>No baja a la mitad el gasto&nbsp;<\/strong>&nbsp;&nbsp;<\/p>\n\n\n\n<p class=\"wp-block-paragraph\">La sorpresa mayor, al menos para este reportero, es el monto que se destina para gasto federal en propaganda, que contrasta con el anuncio de que el gasto p\u00fablico publicitario se reducir\u00eda a la mitad, como lo han reiterado Andr\u00e9s Manuel L\u00f3pez Obrador y Cuevas Ram\u00edrez, hasta ahora nombrado como vocero.<\/p>\n\n\n\n<p class=\"wp-block-paragraph\">La erogaci\u00f3n total anual que refiri\u00f3 G\u00f3mez \u00c1lvarez, en los considerandos previos a la propuesta de ley es que ser\u00eda equivalente y no mayor al 0.3 por ciento del presupuesto de egresos de la federaci\u00f3n. Lo frase\u00f3 de este modo:<\/p>\n\n\n\n<p class=\"wp-block-paragraph\">\u201cGasto en propaganda. Se contemplan reglas especiales en la materia, entre ellas destaca la limitaci\u00f3n al gasto anual en propaganda, mismo que no podr\u00eda exceder del 0.3 por ciento del Presupuesto de Egresos de la Federaci\u00f3n para el ejercicio fiscal correspondiente.\u201d<\/p>\n\n\n\n<p class=\"wp-block-paragraph\">Es casi seguro que el economista se equivoc\u00f3 con ese porcentaje. La cantidad que resulta por su enunciado es exorbitante para un a\u00f1o. Veamos:<\/p>\n\n\n\n<p class=\"wp-block-paragraph\">El presupuesto de egresos de la federaci\u00f3n autorizado para 2018 fue de 5 billones 279 mil 667 millones de pesos. Con las pol\u00edticas de austeridad y restricci\u00f3n del d\u00e9ficit p\u00fablico que han ofrecido para 2019 el monto del total de egresos podr\u00eda ser similar al del a\u00f1o anterior.<\/p>\n\n\n\n<p class=\"wp-block-paragraph\">De acuerdo con eso, al rubro propaganda, que ser\u00e1 \u00fanico para todas las dependencias del gobierno federal (secretar\u00edas y \u00f3rganos aut\u00f3nomos y descentralizados) ese 0.3 por ciento del presupuesto aprobado para 2018, significar\u00e1: 15 mil 539 millones de pesos.<\/p>\n\n\n\n<p class=\"wp-block-paragraph\">En 2018, el gasto en publicidad aprobado para el gobierno de Pe\u00f1a Nieto fue de alrededor de 4 mil millones y, como cada a\u00f1o, fue rebasado con transferencias de toda \u00edndole; igual ocurre en la mayor\u00eda de gobiernos estatales. As\u00ed, todo el gasto publicitario real, o sea con excesos, en todo el gobierno (federal, 32 estatales, y la mayor\u00eda de municipales) en 2018 podr\u00eda superar los 22 mil millones de pesos. Esa cantidad para un a\u00f1o es insultante, como coinciden en calificarlo todas las cr\u00edticas.<\/p>\n\n\n\n<p class=\"wp-block-paragraph\">&nbsp;Y entonces, por eso la sorpresa de que G\u00f3mez \u00c1lvarez haya expuesto como techo casi 16 mil millones. \u00bfSe equivoc\u00f3 el ex comunista y economista de academia? o \u00bfNegoci\u00f3 con empresarios? Veremos c\u00f3mo se desatan las discusiones en rededor de este proyecto de ley general de propaganda gubernamental.<\/p>\n","protected":false},"excerpt":{"rendered":"<p>\u00bfEs error de Pablo ofrecer 15 mil millones anuales para propaganda? \u2022 Proh\u00edbe expresamente disimular propaganda como noticia Rogelio Hern\u00e1ndez SemM\u00e9xico, 15 octubre 2018- Una buena cantidad de periodistas, empresarios de medios y analistas debieron leer acuciosamente la iniciativa de Ley de Propaganda Oficial que present\u00f3, el 9 de octubre, el legendario hombre de izquierda [&hellip;]<\/p>\n","protected":false},"author":3,"featured_media":7234,"comment_status":"open","ping_status":"open","sticky":false,"template":"","format":"standard","meta":{"_monsterinsights_skip_tracking":false,"footnotes":""},"categories":[689,85],"tags":[],"class_list":["post-7309","post","type-post","status-publish","format-standard","has-post-thumbnail","category-689","category-rogelio-hernandez-lopez"],"_links":{"self":[{"href":"https:\/\/redsemlac.com\/semmexico\/wp-json\/wp\/v2\/posts\/7309","targetHints":{"allow":["GET"]}}],"collection":[{"href":"https:\/\/redsemlac.com\/semmexico\/wp-json\/wp\/v2\/posts"}],"about":[{"href":"https:\/\/redsemlac.com\/semmexico\/wp-json\/wp\/v2\/types\/post"}],"author":[{"embeddable":true,"href":"https:\/\/redsemlac.com\/semmexico\/wp-json\/wp\/v2\/users\/3"}],"replies":[{"embeddable":true,"href":"https:\/\/redsemlac.com\/semmexico\/wp-json\/wp\/v2\/comments?post=7309"}],"version-history":[{"count":0,"href":"https:\/\/redsemlac.com\/semmexico\/wp-json\/wp\/v2\/posts\/7309\/revisions"}],"wp:featuredmedia":[{"embeddable":true,"href":"https:\/\/redsemlac.com\/semmexico\/wp-json\/wp\/v2\/media\/7234"}],"wp:attachment":[{"href":"https:\/\/redsemlac.com\/semmexico\/wp-json\/wp\/v2\/media?parent=7309"}],"wp:term":[{"taxonomy":"category","embeddable":true,"href":"https:\/\/redsemlac.com\/semmexico\/wp-json\/wp\/v2\/categories?post=7309"},{"taxonomy":"post_tag","embeddable":true,"href":"https:\/\/redsemlac.com\/semmexico\/wp-json\/wp\/v2\/tags?post=7309"}],"curies":[{"name":"wp","href":"https:\/\/api.w.org\/{rel}","templated":true}]}}