{"id":73021,"date":"2023-10-23T17:01:07","date_gmt":"2023-10-23T23:01:07","guid":{"rendered":"https:\/\/redsemlac.com\/semmexico\/?p=73021"},"modified":"2023-10-23T17:01:07","modified_gmt":"2023-10-23T23:01:07","slug":"ine-reitera-a-xochitl-galvez-proteger-la-imagen-e-identidad-de-persona-menores-de-edad-en-sus-publicaciones","status":"publish","type":"post","link":"https:\/\/redsemlac.com\/semmexico\/ine-reitera-a-xochitl-galvez-proteger-la-imagen-e-identidad-de-persona-menores-de-edad-en-sus-publicaciones\/","title":{"rendered":"INE reitera a X\u00f3chitl G\u00e1lvez proteger la imagen e identidad de persona menores de edad en sus publicaciones"},"content":{"rendered":"\n<p class=\"wp-block-paragraph\">Micaela M\u00e1rquez<\/p>\n\n\n\n<p class=\"wp-block-paragraph\">SemM\u00e9xico. Ciudad de M\u00e9xico. 23 de octubre 2023.- Para proteger la imagen e identidad de personas menores de edad en las publicaciones de la candidata presidencial X\u00f3chitl G\u00e1lvez Ruiz, la Comisi\u00f3n de Quejas y Denuncias del Instituto Nacional Electoral (INE) mandato eliminar im\u00e1genes donde aparecen menores de edad en sus recorridos realizados en Tabasco y los \u00c1ngeles, California en Estados Unidos.<\/p>\n\n\n\n<p class=\"wp-block-paragraph\">Procedi\u00f3 la denuncia por tres im\u00e1genes publicadas en su cuenta de la Red Social X, que muestra a menores de edad, porque no present\u00f3 la documentaci\u00f3n y consentimientos necesarios para demostrar la autorizaci\u00f3n respectiva, a fin de incluir la imagen de las personas menores de edad y el consentimiento informado de quien, por su edad, puede prestarlo para aparecer en elementos de propaganda pol\u00edtica.<\/p>\n\n\n\n<p class=\"wp-block-paragraph\">Se mandat\u00f3 eliminar las tres publicaciones de cualquier otra plataforma electr\u00f3nica o impresa bajo su dominio, control o administraci\u00f3n en un plazo no mayor a tres horas, o, en su caso, la difuminaci\u00f3n del rostro de las personas menores de edad que ah\u00ed se aprecian.<\/p>\n\n\n\n<p class=\"wp-block-paragraph\">La medida cautelar se concedi\u00f3 para evitar situaciones en las que se vuelva a poner en riesgo el derecho de ni\u00f1as, ni\u00f1os o adolescentes a la imagen, identidad y honor , se concedi\u00f3 la medida cautelar en su vertiente de tutela preventiva para reiterar a X\u00f3chitl G\u00e1lvez Ruiz que d\u00e9 cumplimiento a los Lineamientos Generales para la Protecci\u00f3n de Ni\u00f1as, Ni\u00f1os y Adolescentes en Materia de Propaganda y Mensajes Electorales recabando la autorizaci\u00f3n respectiva o edite las im\u00e1genes o videos a publicitar, de manera que no sean identificables donde aparezcan.<\/p>\n","protected":false},"excerpt":{"rendered":"<p>Micaela M\u00e1rquez SemM\u00e9xico. Ciudad de M\u00e9xico. 23 de octubre 2023.- Para proteger la imagen e identidad de personas menores de edad en las publicaciones de la candidata presidencial X\u00f3chitl G\u00e1lvez Ruiz, la Comisi\u00f3n de Quejas y Denuncias del Instituto Nacional Electoral (INE) mandato eliminar im\u00e1genes donde aparecen menores de edad en sus recorridos realizados en [&hellip;]<\/p>\n","protected":false},"author":3,"featured_media":73023,"comment_status":"open","ping_status":"open","sticky":false,"template":"","format":"standard","meta":{"_monsterinsights_skip_tracking":false,"footnotes":""},"categories":[141],"tags":[228],"class_list":["post-73021","post","type-post","status-publish","format-standard","has-post-thumbnail","category-elecciones-2020-2021","tag-elecciones"],"_links":{"self":[{"href":"https:\/\/redsemlac.com\/semmexico\/wp-json\/wp\/v2\/posts\/73021","targetHints":{"allow":["GET"]}}],"collection":[{"href":"https:\/\/redsemlac.com\/semmexico\/wp-json\/wp\/v2\/posts"}],"about":[{"href":"https:\/\/redsemlac.com\/semmexico\/wp-json\/wp\/v2\/types\/post"}],"author":[{"embeddable":true,"href":"https:\/\/redsemlac.com\/semmexico\/wp-json\/wp\/v2\/users\/3"}],"replies":[{"embeddable":true,"href":"https:\/\/redsemlac.com\/semmexico\/wp-json\/wp\/v2\/comments?post=73021"}],"version-history":[{"count":0,"href":"https:\/\/redsemlac.com\/semmexico\/wp-json\/wp\/v2\/posts\/73021\/revisions"}],"wp:featuredmedia":[{"embeddable":true,"href":"https:\/\/redsemlac.com\/semmexico\/wp-json\/wp\/v2\/media\/73023"}],"wp:attachment":[{"href":"https:\/\/redsemlac.com\/semmexico\/wp-json\/wp\/v2\/media?parent=73021"}],"wp:term":[{"taxonomy":"category","embeddable":true,"href":"https:\/\/redsemlac.com\/semmexico\/wp-json\/wp\/v2\/categories?post=73021"},{"taxonomy":"post_tag","embeddable":true,"href":"https:\/\/redsemlac.com\/semmexico\/wp-json\/wp\/v2\/tags?post=73021"}],"curies":[{"name":"wp","href":"https:\/\/api.w.org\/{rel}","templated":true}]}}