{"id":72935,"date":"2023-10-22T16:58:45","date_gmt":"2023-10-22T22:58:45","guid":{"rendered":"https:\/\/redsemlac.com\/semmexico\/?p=72935"},"modified":"2023-10-22T16:58:45","modified_gmt":"2023-10-22T22:58:45","slug":"se-multiplican-protestas-mientras-guerra-entre-israel-y-hamas-sigue-remeciendo-al-mundo-sobre-todo-marchan-mujeres","status":"publish","type":"post","link":"https:\/\/redsemlac.com\/semmexico\/se-multiplican-protestas-mientras-guerra-entre-israel-y-hamas-sigue-remeciendo-al-mundo-sobre-todo-marchan-mujeres\/","title":{"rendered":"Se multiplican protestas mientras guerra entre Israel y Hamas sigue remeciendo al mundo, sobre todo marchan mujeres"},"content":{"rendered":"\n<p class=\"wp-block-paragraph\">Una propalestina sostiene una bandera palestina durante una manifestaci\u00f3n afuera de la embajada israel\u00ed en Ciudad de M\u00e9xico, el jueves 12 de octubre de 2023. (Marco Ugarte \/ Associated Press)<\/p>\n\n\n\n<p class=\"wp-block-paragraph\">Jill&nbsp; Lawless<\/p>\n\n\n\n<p class=\"wp-block-paragraph\">SemM\u00e9xico\/ Associated Press, Londres, 22 de octubre, 2023.- Decenas de miles de manifestantes propalestinos marcharon el s\u00e1bado bajo un lluvioso Londres para exigir que Israel deje de bombardear Gaza, y se hicieron llamamientos similares en ciudades de todo el mundo cuando la guerra entre Israel y Hamas inicia su tercera semana.<\/p>\n\n\n\n<p class=\"wp-block-paragraph\">El mismo d\u00eda que la ayuda empez\u00f3 a entrar con cuentagotas a Gaza, donde m\u00e1s de 1 mill\u00f3n de personas tuvieron que dejar sus hogares debido al conflicto, manifestantes se concentraron bajo la lluvia en el monumento londinense Marble Arch cerca del parque Hyde para marchar a Whitehall, el distrito de los edificios del gobierno.<\/p>\n\n\n\n<p class=\"wp-block-paragraph\">En Ciudad de M\u00e9xico, una concentraci\u00f3n frente a la embajada israel\u00ed el viernes por la noche encendi\u00f3 velas y core\u00f3 \u201clibertad a Palestina\u201d.<\/p>\n\n\n\n<p class=\"wp-block-paragraph\">La polic\u00eda estim\u00f3 que \u201chasta 100.000\u201d personas recorrieron la ciudad durante tres horas.<\/p>\n\n\n\n<p class=\"wp-block-paragraph\">Ondeando banderas palestinas, los reunidos gritaban \u201cDejen de bombardear Gaza\u201d y reclamaron que se ponga fin al bloqueo y los ataques a\u00e9reos con los que Israel respondi\u00f3 a una incursi\u00f3n brutal en el sur de Israel de la milicia Hamas que controla Gaza.<\/p>\n\n\n\n<p class=\"wp-block-paragraph\">La polic\u00eda alemana dijo que casi 7.000 personas participaron el s\u00e1bado en una manifestaci\u00f3n pac\u00edfica propalestina en D\u00fcsseldorf. Los manifestantes llevaban banderas palestinas o carteles para exigir un fin a la \u201cviolencia y agresi\u00f3n en Gaza\u201d.<\/p>\n\n\n\n<p class=\"wp-block-paragraph\">La polic\u00eda de Berl\u00edn prohibi\u00f3 una manifestaci\u00f3n propalestina prevista para el domingo en el centro de la ciudad, inform\u00f3 la agencia dpa. Se han prohibido eventos similares en la capital alemana ya que, seg\u00fan la polic\u00eda, podr\u00eda haber violencia y discursos antisemitas. Aun as\u00ed, algunas personas a favor de los palestinos han salido a las calles, lo que ha provocado choques con la polic\u00eda.<\/p>\n\n\n\n<p class=\"wp-block-paragraph\">Las autoridades han permitido una manifestaci\u00f3n a favor de Israel, que se prev\u00e9 atraer\u00e1 a miles de personas al centro de Berl\u00edn el domingo.<\/p>\n\n\n\n<p class=\"wp-block-paragraph\">En Roma, varios cientos de personas marcharon con pancartas que dec\u00edan \u201cPalestina, Roma est\u00e1 contigo\u201d y \u201cNo hay paz hasta que consigamos la libertad\u201d.<\/p>\n\n\n\n<p class=\"wp-block-paragraph\">\u201cIsrael comete cr\u00edmenes de guerra all\u00e1, cr\u00edmenes de lesa humanidad all\u00e1, y la comunidad internacional nunca ha actuado\u201d, dijo Maya Issa, presidenta del Movimiento de Estudiantes Palestinos en Italia, que organiz\u00f3 el acto.<\/p>\n\n\n\n<p class=\"wp-block-paragraph\">En Kosovo, con mayor\u00eda musulmana, cientos de personas caminaron de las mezquitas a la plaza Zahir Pajaziti en Pristina despu\u00e9s de las oraciones de mediod\u00eda para expresar apoyo a los palestinos.<\/p>\n\n\n\n<p class=\"wp-block-paragraph\">En Australia, miles marcharon por el centro de Sydney coreando \u201cverg\u00fcenza, verg\u00fcenza, Israel\u201d y \u201cPalestina nunca morir\u00e1\u201d.<\/p>\n\n\n\n<p class=\"wp-block-paragraph\">La guerra dio lugar a protestas en todo el mundo \u00e1rabe y m\u00e1s all\u00e1, incluso en la Cisjordania ocupada, donde palestinos encendieron neum\u00e1ticos y arrojaron piedras a los retenes israel\u00edes. Los soldados respondieron con gases lacrim\u00f3genos y disparando munici\u00f3n de guerra.<\/p>\n\n\n\n<p class=\"wp-block-paragraph\">Multitudes se concentraron en el L\u00edbano, el vecino al norte de Israel; en el cruce con Jordania y en Jordania misma; en ciudades grandes y peque\u00f1as de todo Egipto; en Ankara, la capital de Turqu\u00eda, y en Estambul, la ciudad m\u00e1s poblada del pa\u00eds; en Indonesia, Malasia, Marruecos y Sud\u00e1frica.<\/p>\n\n\n\n<p class=\"wp-block-paragraph\">En Nueva York cientos de manifestantes musulmanes, jud\u00edos y otros marcharon a la oficina en Manhattan de la senadora Kristen Gillibrand, coreando \u201ccese de fuego ya\u201d. La polic\u00eda arrest\u00f3 a decenas de manifestantes que bloquearon la Tercera Avenida frente a la oficina.<\/p>\n\n\n\n<figure class=\"wp-block-image size-large\"><a href=\"https:\/\/redsemlac.com\/semmexico\/wp-content\/uploads\/2023\/10\/protestas-contra-guerra-02.jpg\"><img decoding=\"async\" src=\"https:\/\/redsemlac.com\/semmexico\/wp-content\/uploads\/2023\/10\/protestas-contra-guerra-02-1024x682.jpg\" alt=\"\" class=\"wp-image-72950\"\/><\/a><\/figure>\n\n\n\n<p class=\"wp-block-paragraph\">Manifestantes con banderas y pancartas marchan en apoyo a los palestinos en Londres, s\u00e1bado 21 de octubre de 2023. Los letreros dicen \u201cLibertad a Palestina. Terminar la ocupaci\u00f3n israel\u00ed\u201d. La guerra entre Hamas e Israel sigue remeciendo al mundo.&nbsp;<\/p>\n\n\n\n<p class=\"wp-block-paragraph\">(David Cliff\/AP)<\/p>\n\n\n\n<p class=\"wp-block-paragraph\">Las autoridades de Gaza dicen que m\u00e1s de 4.300 personas han muerto en el territorio desde que comenz\u00f3 la guerra. M\u00e1s de 1.400 personas han muerto en Israel, en su mayor\u00eda civiles asesinados durante la incursi\u00f3n de Hamas el 7 de octubre.<\/p>\n\n\n\n<p class=\"wp-block-paragraph\">Israel segu\u00eda bombardeando Gaza el s\u00e1bado como pr\u00f3logo a una ofensiva terrestre prevista. Los habitantes de la franja tuvieron algo de alivio cuando se permiti\u00f3 la entrada de 20 camiones con ayuda humanitaria a trav\u00e9s del cruce de Rafah desde Egipto.<\/p>\n\n\n\n<p class=\"wp-block-paragraph\">La guerra ha elevado las tensiones en el mundo entero, y tanto jud\u00edos como musulmanes se sienten amenazados. La polic\u00eda de transporte brit\u00e1nica dijo que abri\u00f3 una investigaci\u00f3n despu\u00e9s de publicarse un video en l\u00ednea que parece mostrar a un conductor del subterr\u00e1neo de Londres guiando a los pasajeros para que cantaran \u201cPalestina libre, libre\u201d a trav\u00e9s del intercomunicador.<\/p>\n\n\n\n<p class=\"wp-block-paragraph\">Las autoridades brit\u00e1nicas han exhortado a los manifestantes a que sean conscientes del dolor y la angustia que siente la comunidad jud\u00eda. La Polic\u00eda Metropolitana de Londres dice que en octubre se han multiplicado por 13 los reportes de delitos antisemitas comparado con el a\u00f1o pasado. A su vez, las denuncias de cr\u00edmenes antimusulmanes se han duplicado con creces.<\/p>\n\n\n\n<figure class=\"wp-block-image size-large\"><a href=\"https:\/\/redsemlac.com\/semmexico\/wp-content\/uploads\/2023\/10\/protestas-contra-guerra-03.jpg\"><img decoding=\"async\" src=\"https:\/\/redsemlac.com\/semmexico\/wp-content\/uploads\/2023\/10\/protestas-contra-guerra-03-1024x683.jpg\" alt=\"\" class=\"wp-image-72949\"\/><\/a><\/figure>\n\n\n\n<p class=\"wp-block-paragraph\">Manifestantes iran\u00edes gritan consignas mientras ondean banderas palestinas y sostienen letreros en Teher\u00e1n, Ir\u00e1n, el viernes 20 de octubre de 2023. &nbsp;&nbsp;(Vahid Salemi\/AP)<\/p>\n\n\n\n<figure class=\"wp-block-image size-large\"><a href=\"https:\/\/redsemlac.com\/semmexico\/wp-content\/uploads\/2023\/10\/protestas-contra-guerra-04.jpg\"><img decoding=\"async\" src=\"https:\/\/redsemlac.com\/semmexico\/wp-content\/uploads\/2023\/10\/protestas-contra-guerra-04-1024x683.jpg\" alt=\"\" class=\"wp-image-72948\"\/><\/a><\/figure>\n\n\n\n<p class=\"wp-block-paragraph\">Una mujer sostiene un letrero durante una protesta en Dahiyeh, L\u00edbano, el viernes 20 de octubre de 2023.\u00a0\u00a0(Bilal Hussein\/AP)<\/p>\n\n\n\n<figure class=\"wp-block-image size-large\"><a href=\"https:\/\/redsemlac.com\/semmexico\/wp-content\/uploads\/2023\/10\/protestas-contra-guerra-05.jpg\"><img decoding=\"async\" src=\"https:\/\/redsemlac.com\/semmexico\/wp-content\/uploads\/2023\/10\/protestas-contra-guerra-05-1024x683.jpg\" alt=\"\" class=\"wp-image-72946\"\/><\/a><\/figure>\n\n\n\n<p class=\"wp-block-paragraph\">Musulmanes chi\u00edtas que salen de una mezquita despu\u00e9s de las oraciones del viernes pisotean representaciones de las banderas estadounidense e israel\u00ed en repudio a los ataques a\u00e9reos israel\u00edes a Gaza y solidaridad con los palestinos, en Islamabad, Pakist\u00e1n, viernes 13 de octubre de 2023. \u00a0\u00a0(Anjum Naveed\/AP)<\/p>\n\n\n\n<figure class=\"wp-block-image size-large\"><a href=\"https:\/\/redsemlac.com\/semmexico\/wp-content\/uploads\/2023\/10\/protestas-contra-guerra-16.jpg\"><img decoding=\"async\" src=\"https:\/\/redsemlac.com\/semmexico\/wp-content\/uploads\/2023\/10\/protestas-contra-guerra-16-1024x683.jpg\" alt=\"\" class=\"wp-image-72947\"\/><\/a><\/figure>\n\n\n\n<p class=\"wp-block-paragraph\">Una mujer con una bandera palestina pintada en el rostro llora durante una protesta contra los ataques a\u00e9reos israel\u00edes en Gaza, en Madrid, Espa\u00f1a, el lunes 9 de octubre de 2023. (AP Foto\/Paul White, Archivo)&nbsp;&nbsp;(Paul White \/ Associated Press)<\/p>\n\n\n\n<figure class=\"wp-block-image size-large\"><a href=\"https:\/\/redsemlac.com\/semmexico\/wp-content\/uploads\/2023\/10\/protestas-contra-guerra-06.jpg\"><img decoding=\"async\" src=\"https:\/\/redsemlac.com\/semmexico\/wp-content\/uploads\/2023\/10\/protestas-contra-guerra-06-1024x683.jpg\" alt=\"\" class=\"wp-image-72945\"\/><\/a><\/figure>\n\n\n\n<p class=\"wp-block-paragraph\">Mujeres reunidas para protestar contra los ataques a\u00e9reos israel\u00edes sobre Gaza, en la Puerta del Sol de Madrid, Espa\u00f1a, el lunes 9 de octubre de 2023. (AP Foto\/Paul White, Archivo)&nbsp;&nbsp;(Paul White \/ Associated Press)<\/p>\n\n\n\n<figure class=\"wp-block-image size-large\"><a href=\"https:\/\/redsemlac.com\/semmexico\/wp-content\/uploads\/2023\/10\/protestas-contra-guerra-07.jpg\"><img decoding=\"async\" src=\"https:\/\/redsemlac.com\/semmexico\/wp-content\/uploads\/2023\/10\/protestas-contra-guerra-07-1024x683.jpg\" alt=\"\" class=\"wp-image-72944\"\/><\/a><\/figure>\n\n\n\n<p class=\"wp-block-paragraph\">Una manifestante sostiene banderas de Israel y Estados Unidos en un acto de solidaridad con Israel en Glencoe, Illinois, Estados Unidos, el martes 10 de octubre de 2023. (AP Foto\/Nam Y. Huh, Archivo)&nbsp;&nbsp;(Nam Y. Huh \/ Associated Press)<\/p>\n\n\n\n<figure class=\"wp-block-image size-large\"><a href=\"https:\/\/redsemlac.com\/semmexico\/wp-content\/uploads\/2023\/10\/protestas-contra-guerra-08.jpg\"><img decoding=\"async\" src=\"https:\/\/redsemlac.com\/semmexico\/wp-content\/uploads\/2023\/10\/protestas-contra-guerra-08-1024x683.jpg\" alt=\"\" class=\"wp-image-72943\"\/><\/a><\/figure>\n\n\n\n<p class=\"wp-block-paragraph\">La Torre Eiffel se ve iluminada con los colores de Israel tras una manifestaci\u00f3n en apoyo a Israel, el lunes 9 de octubre de 2023 en Par\u00eds, dos d\u00edas despu\u00e9s de que milicianos de Hamas emprendieran un ataque contra Israel desde varios frentes. (AP Foto\/Michel Euler, Archivo)&nbsp;&nbsp;(Michel Euler \/ Associated Press)<\/p>\n\n\n\n<figure class=\"wp-block-image size-large\"><a href=\"https:\/\/redsemlac.com\/semmexico\/wp-content\/uploads\/2023\/10\/protestas-contra-guerra-09.jpg\"><img decoding=\"async\" src=\"https:\/\/redsemlac.com\/semmexico\/wp-content\/uploads\/2023\/10\/protestas-contra-guerra-09-1024x683.jpg\" alt=\"\" class=\"wp-image-72942\"\/><\/a><\/figure>\n\n\n\n<p class=\"wp-block-paragraph\">Activistas del partido Islami Andolan Bangladesh protestan contra las operaciones militares israel\u00edes en Gaza y en apoyo del pueblo palestino ante la mezquita Baitul Mukarram en Daca, Bangladesh, el martes 10 de octubre de 2023. (AP Foto\/Mahmud Hossain Opu, Archivo)\u00a0\u00a0(Mahmud Hossain Opu \/ Associated Press)<\/p>\n\n\n\n<figure class=\"wp-block-image size-large\"><a href=\"https:\/\/redsemlac.com\/semmexico\/wp-content\/uploads\/2023\/10\/protestas-contra-guerra-10.jpg\"><img decoding=\"async\" src=\"https:\/\/redsemlac.com\/semmexico\/wp-content\/uploads\/2023\/10\/protestas-contra-guerra-10-1024x683.jpg\" alt=\"\" class=\"wp-image-72941\"\/><\/a><\/figure>\n\n\n\n<p class=\"wp-block-paragraph\">Gente llora y se abraza en una manifestaci\u00f3n en apoyo de Israel en Buenos Aires, el lunes 9 de octubre de 2023, despu\u00e9s de que milicianos de Hamas sorprendieran a Israel en un ataque letal abri\u00e9ndose paso por la fortificada cerca fronteriza. (AP Foto\/V\u00edctor R. Caivano, Archivo)\u00a0\u00a0(V\u00edctor R. Caivano \/ Associated Press)<\/p>\n\n\n\n<figure class=\"wp-block-image size-large\"><a href=\"https:\/\/redsemlac.com\/semmexico\/wp-content\/uploads\/2023\/10\/protestas-contra-guerra-11.jpg\"><img decoding=\"async\" src=\"https:\/\/redsemlac.com\/semmexico\/wp-content\/uploads\/2023\/10\/protestas-contra-guerra-11-1024x683.jpg\" alt=\"\" class=\"wp-image-72940\"\/><\/a><\/figure>\n\n\n\n<p class=\"wp-block-paragraph\">Gente encendiendo velas durante la Vigilia de la Comunidad Jud\u00eda en apoyo de Israel en Londres, el lunes 9 de octubre de 2023, dos d\u00edas despu\u00e9s de que combatientes de Hamas lanzaran un ataque frontal contra Israel. (AP Foto\/Kin Cheung, Archivo)&nbsp;&nbsp;(Kin Cheung \/ Associated Press)<\/p>\n\n\n\n<figure class=\"wp-block-image size-large\"><a href=\"https:\/\/redsemlac.com\/semmexico\/wp-content\/uploads\/2023\/10\/protestas-contra-guerra-12.jpg\"><img decoding=\"async\" src=\"https:\/\/redsemlac.com\/semmexico\/wp-content\/uploads\/2023\/10\/protestas-contra-guerra-12-1024x683.jpg\" alt=\"\" class=\"wp-image-72939\"\/><\/a><\/figure>\n\n\n\n<p class=\"wp-block-paragraph\">Una mujer de la comunidad palestina participa en una protesta en apoyo del pueblo palestino ante el Museo Nacional de Brasilia, Brasil, el martes 10 de octubre de 2023. El cartel dice \u201cLiberen a Palestina\u201d. (AP Foto\/Eraldo Peres, Archivo)&nbsp;&nbsp;(Eraldo Peres \/ Associated Press)<\/p>\n\n\n\n<figure class=\"wp-block-image size-large\"><a href=\"https:\/\/redsemlac.com\/semmexico\/wp-content\/uploads\/2023\/10\/protestas-contra-guerra-13.jpg\"><img decoding=\"async\" src=\"https:\/\/redsemlac.com\/semmexico\/wp-content\/uploads\/2023\/10\/protestas-contra-guerra-13-1024x683.jpg\" alt=\"\" class=\"wp-image-72938\"\/><\/a><\/figure>\n\n\n\n<p class=\"wp-block-paragraph\">Gente con banderas y pancartas durante una marcha en apoyo de Israel, el domingo 8 de octubre de 2023 en Las Vegas. Los carteles dicen \u201cIsrael en nuestros corazones\u201d y \u201cAhora m\u00e1s que nunca, \u00a1el pueblo de Israel vive!\u201d. (AP Foto\/John Locher, Archivo)&nbsp;&nbsp;(John Locher \/ Associated Press)<\/p>\n\n\n\n<figure class=\"wp-block-image size-large\"><a href=\"https:\/\/redsemlac.com\/semmexico\/wp-content\/uploads\/2023\/10\/protestas-contra-guerra-14.jpg\"><img decoding=\"async\" src=\"https:\/\/redsemlac.com\/semmexico\/wp-content\/uploads\/2023\/10\/protestas-contra-guerra-14-1024x683.jpg\" alt=\"\" class=\"wp-image-72937\"\/><\/a><\/figure>\n\n\n\n<p class=\"wp-block-paragraph\">Manifestantes propalestinos encienden bengalas durante una marcha en Londres, el lunes 9 de octubre de 2023, dos d\u00edas despu\u00e9s de que combatientes de Hamas lanzaran un ataque en varios frentes contra Israel. (AP Foto\/Kirsty Wigglesworth, Archivo)&nbsp;&nbsp;(Kirsty Wigglesworth \/ Associated Press)<\/p>\n\n\n\n<figure class=\"wp-block-image size-large\"><a href=\"https:\/\/redsemlac.com\/semmexico\/wp-content\/uploads\/2023\/10\/protestas-contra-guerra-15.jpg\"><img decoding=\"async\" src=\"https:\/\/redsemlac.com\/semmexico\/wp-content\/uploads\/2023\/10\/protestas-contra-guerra-15-1024x683.jpg\" alt=\"\" class=\"wp-image-72936\"\/><\/a><\/figure>\n\n\n\n<p class=\"wp-block-paragraph\">Palestinos asisten a una marcha en apoyo de Hamas en la Franja de Gaza, en la ciudad de Nablus, Cisjordania, el lunes 9 de octubre de 2023. (AP foto\/Majdi Mohammed, Archivo)&nbsp;&nbsp;(Majdi Mohammed \/ Associated Press)<\/p>\n\n\n\n<p class=\"has-small-font-size wp-block-paragraph\">Los periodistas de Associated Press Sylvie Corbet en Par\u00eds, Karl Ritter en Estocolmo, Philipp Reissfelder en Colonia, Alemania, y Llazar Semini en Tirana, Albania, contribuyeron a este despacho.<\/p>\n","protected":false},"excerpt":{"rendered":"<p>La guerra dio lugar a protestas en todo el mundo \u00e1rabe y m\u00e1s all\u00e1, incluso en la Cisjordania ocupada, donde palestinos encendieron neum\u00e1ticos y arrojaron piedras a los retenes israel\u00edes. Los soldados respondieron con gases lacrim\u00f3genos y disparando munici\u00f3n de guerra.<\/p>\n","protected":false},"author":3,"featured_media":72951,"comment_status":"open","ping_status":"open","sticky":false,"template":"","format":"standard","meta":{"_monsterinsights_skip_tracking":false,"footnotes":""},"categories":[27],"tags":[],"class_list":["post-72935","post","type-post","status-publish","format-standard","has-post-thumbnail","category-cobertura-especial"],"_links":{"self":[{"href":"https:\/\/redsemlac.com\/semmexico\/wp-json\/wp\/v2\/posts\/72935","targetHints":{"allow":["GET"]}}],"collection":[{"href":"https:\/\/redsemlac.com\/semmexico\/wp-json\/wp\/v2\/posts"}],"about":[{"href":"https:\/\/redsemlac.com\/semmexico\/wp-json\/wp\/v2\/types\/post"}],"author":[{"embeddable":true,"href":"https:\/\/redsemlac.com\/semmexico\/wp-json\/wp\/v2\/users\/3"}],"replies":[{"embeddable":true,"href":"https:\/\/redsemlac.com\/semmexico\/wp-json\/wp\/v2\/comments?post=72935"}],"version-history":[{"count":0,"href":"https:\/\/redsemlac.com\/semmexico\/wp-json\/wp\/v2\/posts\/72935\/revisions"}],"wp:featuredmedia":[{"embeddable":true,"href":"https:\/\/redsemlac.com\/semmexico\/wp-json\/wp\/v2\/media\/72951"}],"wp:attachment":[{"href":"https:\/\/redsemlac.com\/semmexico\/wp-json\/wp\/v2\/media?parent=72935"}],"wp:term":[{"taxonomy":"category","embeddable":true,"href":"https:\/\/redsemlac.com\/semmexico\/wp-json\/wp\/v2\/categories?post=72935"},{"taxonomy":"post_tag","embeddable":true,"href":"https:\/\/redsemlac.com\/semmexico\/wp-json\/wp\/v2\/tags?post=72935"}],"curies":[{"name":"wp","href":"https:\/\/api.w.org\/{rel}","templated":true}]}}