{"id":72932,"date":"2023-10-22T16:49:14","date_gmt":"2023-10-22T22:49:14","guid":{"rendered":"https:\/\/redsemlac.com\/semmexico\/?p=72932"},"modified":"2023-10-22T16:49:14","modified_gmt":"2023-10-22T22:49:14","slug":"muere-poeta-y-feminista-palestina-heba-abu-nada-en-bombardeo-israeli","status":"publish","type":"post","link":"https:\/\/redsemlac.com\/semmexico\/muere-poeta-y-feminista-palestina-heba-abu-nada-en-bombardeo-israeli\/","title":{"rendered":"Muere poeta y feminista palestina Heba Abu Nada en bombardeo israel\u00ed"},"content":{"rendered":"\n<p class=\"wp-block-paragraph\">Miriam Ruiz Mendoza<\/p>\n\n\n\n<p class=\"wp-block-paragraph\">SemM\u00e9xico, Tlaxcala, Tlax. 22 de octubre,&nbsp; 2023.- &nbsp;Con gran tristeza lloramos a una de nuestras hermanas en la lucha por los derechos de las mujeres; una de las poetas y novelistas feministas de Gaza m\u00e1s talentosas, Heba Abu Nada; autora de la novela \u00abEl ox\u00edgeno no es para los muertos\u00bb.<\/p>\n\n\n\n<p class=\"wp-block-paragraph\">Ella escribi\u00f3 ayer 21 de octubre : \u00abSi morimos, sepan que estamos satisfechos y firmes, y digan al mundo, en nuestro nombre, que somos personas justas\/del lado de la verdad\u00bb.<\/p>\n\n\n\n<p class=\"wp-block-paragraph\">&nbsp;La poetisa palestina Heba Abu Nada falleci\u00f3 ayer durante un bombardeo realizado por fuerzas israel\u00edes en la Franja de Gaza, inform\u00f3 el medio de comunicaci\u00f3n Al Mayadeen.<\/p>\n\n\n\n<p class=\"wp-block-paragraph\">\u201cEn medio del sollozo de la tierra y del disparo de los misiles israel\u00edes, muri\u00f3 la poeta y novelista Heba Abu Nada, a la edad de 32 a\u00f1os, en la localidad Khan Yunis\u201d, se\u00f1al\u00f3 la publicaci\u00f3n.<\/p>\n\n\n\n<p class=\"wp-block-paragraph\">En tanto, un comunicado del Ministerio de Cultura de ese pa\u00eds confirm\u00f3 el fallecimiento de la escritora.<\/p>\n\n\n\n<p class=\"wp-block-paragraph\">En 2017, Abu Nada obtuvo el segundo lugar en el Premio Sharjah a la Creatividad \u00c1rabe, por su novela El ox\u00edgeno no es para los muertos.<\/p>\n\n\n\n<p class=\"wp-block-paragraph\">Nacida en 1991 en La Meca, Heba creci\u00f3 envuelta en la historia de su familia, la cual se refugi\u00f3 durante la Nakba (el desplazamiento forzado de palestinos ocasionado por la ocupaci\u00f3n israel\u00ed en 1948).<\/p>\n\n\n\n<p class=\"wp-block-paragraph\">Heba Abu Nada se gradu\u00f3 en Bioqu\u00edmica en la Universidad Isl\u00e1mica de Gaza, ejerci\u00f3 como profesora y complet\u00f3 una maestr\u00eda en nutrici\u00f3n cl\u00ednica.<\/p>\n\n\n\n<p class=\"wp-block-paragraph\">El pasado jueves, public\u00f3: \u00abSi morimos, sepamos que estamos contentos y firmes, y transmitamos en nuestro nombre que somos personas de verdad\u2026 Oh, Dios m\u00edo, Heba\u201d.<\/p>\n\n\n\n<p class=\"wp-block-paragraph\">Seg\u00fan el medio Al Mayadeen, su \u00faltimo poema\/escrito el d\u00eda&nbsp; antes de ser asesinada en medio del genocidio de Israel contra Palestina:<\/p>\n\n\n\n<p class=\"wp-block-paragraph\">&nbsp;\u00abLa noche en la ciudad es oscura, excepto por el brillo de los misiles<\/p>\n\n\n\n<p class=\"wp-block-paragraph\">&nbsp;silenciosa, excepto por el sonido del bombardeo<\/p>\n\n\n\n<p class=\"wp-block-paragraph\">&nbsp;aterradora, excepto por la promesa tranquilizadora de la oraci\u00f3n<\/p>\n\n\n\n<p class=\"wp-block-paragraph\">&nbsp;negra, excepto por la luz de los m\u00e1rtires.<\/p>\n","protected":false},"excerpt":{"rendered":"<p>Con gran tristeza lloramos a una de nuestras hermanas en la lucha por los derechos de las mujeres; una de las poetas y novelistas feministas de Gaza m\u00e1s talentosas, Heba Abu Nada; autora de la novela \u00abEl ox\u00edgeno no es para los muertos\u00bb.<\/p>\n","protected":false},"author":3,"featured_media":72933,"comment_status":"open","ping_status":"open","sticky":false,"template":"","format":"standard","meta":{"_monsterinsights_skip_tracking":false,"footnotes":""},"categories":[27],"tags":[],"class_list":["post-72932","post","type-post","status-publish","format-standard","has-post-thumbnail","category-cobertura-especial"],"_links":{"self":[{"href":"https:\/\/redsemlac.com\/semmexico\/wp-json\/wp\/v2\/posts\/72932","targetHints":{"allow":["GET"]}}],"collection":[{"href":"https:\/\/redsemlac.com\/semmexico\/wp-json\/wp\/v2\/posts"}],"about":[{"href":"https:\/\/redsemlac.com\/semmexico\/wp-json\/wp\/v2\/types\/post"}],"author":[{"embeddable":true,"href":"https:\/\/redsemlac.com\/semmexico\/wp-json\/wp\/v2\/users\/3"}],"replies":[{"embeddable":true,"href":"https:\/\/redsemlac.com\/semmexico\/wp-json\/wp\/v2\/comments?post=72932"}],"version-history":[{"count":0,"href":"https:\/\/redsemlac.com\/semmexico\/wp-json\/wp\/v2\/posts\/72932\/revisions"}],"wp:featuredmedia":[{"embeddable":true,"href":"https:\/\/redsemlac.com\/semmexico\/wp-json\/wp\/v2\/media\/72933"}],"wp:attachment":[{"href":"https:\/\/redsemlac.com\/semmexico\/wp-json\/wp\/v2\/media?parent=72932"}],"wp:term":[{"taxonomy":"category","embeddable":true,"href":"https:\/\/redsemlac.com\/semmexico\/wp-json\/wp\/v2\/categories?post=72932"},{"taxonomy":"post_tag","embeddable":true,"href":"https:\/\/redsemlac.com\/semmexico\/wp-json\/wp\/v2\/tags?post=72932"}],"curies":[{"name":"wp","href":"https:\/\/api.w.org\/{rel}","templated":true}]}}