{"id":72920,"date":"2023-10-22T16:04:50","date_gmt":"2023-10-22T22:04:50","guid":{"rendered":"https:\/\/redsemlac.com\/semmexico\/?p=72920"},"modified":"2023-10-22T16:04:51","modified_gmt":"2023-10-22T22:04:51","slug":"alfa-omega-inedita-guerra-entre-los-tres-poderes","status":"publish","type":"post","link":"https:\/\/redsemlac.com\/semmexico\/alfa-omega-inedita-guerra-entre-los-tres-poderes\/","title":{"rendered":"Alfa Omega| In\u00e9dita Guerra Entre Los Tres Poderes"},"content":{"rendered":"\n<p class=\"wp-block-paragraph\"><strong><em>El Tabasque\u00f1o Prendi\u00f3 La Mecha, Por Venganza<\/em><\/strong><\/p>\n\n\n\n<p class=\"wp-block-paragraph\"><strong><em>Los Diputados Oficialistas, Sumisos, Levantadedos<\/em><\/strong><\/p>\n\n\n\n<p class=\"wp-block-paragraph\"><strong><em>Perdi\u00f3 en La Suprema Corte y Odia a La Presidenta<\/em><\/strong><\/p>\n\n\n\n<p class=\"wp-block-paragraph\"><strong>Jorge Herrera Valenzuela<\/strong><\/p>\n\n\n\n<p class=\"wp-block-paragraph\"><strong><em>Me Solidariz\u00f3 con las Familias de los Colegas Rafael Castilleja y Alfredo Barba Ch\u00e1vez, que Reci\u00e9n Partieron de este Mundo<\/em><\/strong><\/p>\n\n\n\n<p class=\"wp-block-paragraph\"><strong><em>Saludo con Especial Afecto y Reconocimiento a M\u00e9dicas y M\u00e9dicos que Ma\u00f1ana Celebran, a Nivel Nacional, su D\u00eda<\/em><\/strong><\/p>\n\n\n\n<p class=\"wp-block-paragraph\">SemM\u00e9xico, Ciudad de M\u00e9xico, 22 de octubre, 2023- El mediod\u00eda del pr\u00f3ximo mi\u00e9rcoles 25, el pleno de la C\u00e1mara de Senadores determinar\u00e1 si se consuma la desaparici\u00f3n de 13 fidecomisos relacionados con el Poder Judicial Federal, operados por la presidencia de la Suprema Corte de Justicia de la Naci\u00f3n.<\/p>\n\n\n\n<p class=\"wp-block-paragraph\">La C\u00e1mara de Diputados envi\u00f3 el dictamen que aprob\u00f3 el cumplimiento de abatir econ\u00f3micamente al Poder Judicial Federal. La documentaci\u00f3n fue turnada a Comisiones y, se inform\u00f3, que el mi\u00e9rcoles estar\u00e1 en los debates del pleno.<\/p>\n\n\n\n<p class=\"wp-block-paragraph\">La derrota que sufri\u00f3, el Jefe del Poder Ejecutivo Federal, el lunes 2 de enero de este 2023, cuando el pleno del M\u00e1ximo Tribunal de Justicia eligi\u00f3 como su presidenta a la jurista <strong>Norma Luc\u00eda Pi\u00f1a Hern\u00e1ndez<\/strong>, no la ha podido digerir el tabasque\u00f1o.<\/p>\n\n\n\n<p class=\"wp-block-paragraph\">No trascurrieron ni sesenta minutos, despu\u00e9s de la elecci\u00f3n, y en Palacio Nacional dio comienzo la guerra. La candidata derrotada, &nbsp;esposa del ingeniero <strong>Jos\u00e9 Mar\u00eda Riobo\u00f3 <\/strong>(el mejor ingeniero del mundo afirma <strong>YSQ<\/strong>), junto con su colega Loretta Ortiz y el ministro expresidente A<strong>rturo Zald\u00edvar Lelo de Larrea<\/strong>, son los \u00fanicos que acatan las \u00f3rdenes presidenciales en la Suprema Corte.<\/p>\n\n\n\n<p class=\"wp-block-paragraph\">Desde 1872 cuando el presidente Sebasti\u00e1n Lerdo de Tejada formaliz\u00f3 los trabajos del Alto Tribunal y se fortaleci\u00f3 la Divisi\u00f3n de Poderes, jam\u00e1s un Presidente de M\u00e9xico hab\u00eda ambicionado tener bajo su control al Legislativo y al Judicial. Hoy los diputados federales saben que a las iniciativas presidenciales \u201c<strong>no se les quita ni una coma<\/strong>\u201d y el supuesto l\u00edder cameral, como el poblano Ignacio Mier, cumple al pie de la letra.<\/p>\n\n\n\n<p class=\"wp-block-paragraph\"><strong>(<\/strong>Antes de ser Presidente Constitucional, Venustiano Carranza, por las circunstancias pol\u00edticas del Pa\u00eds, apoyado en el Plan de Guadalupe, se declar\u00f3, el 13 de agosto de 1914, Primer Jefe del Ej\u00e9rcito Constitucionalista y Encargado del Poder Ejecutivo, hasta abril de 1917. Despu\u00e9s fue electo.<\/p>\n\n\n\n<p class=\"wp-block-paragraph\">Tuvimos duplicidad de presidentes, porque la Convenci\u00f3n de Aguascalientes, villistas y zapatistas, nombr\u00f3 en menos de un a\u00f1o a \u201ctres presidentes paralelos\u201d<strong>)<\/strong>.<\/p>\n\n\n\n<p class=\"wp-block-paragraph\">Los actuales legisladores olvidaron que son los representantes populares, a los que elige el pueblo para que sean la voz de los ciudadanos. Alegar\u00e1n que siempre ha sido as\u00ed. Est\u00e1n en un error, hoy son <strong>abiertamente sumisos<\/strong>. Me olvido de los calificativos despectivos que popularmente se escuchan.<\/p>\n\n\n\n<p class=\"wp-block-paragraph\">Cierto, antes tambi\u00e9n eran \u201c<strong>levantadedos<\/strong>\u201d, pero si quitaban comas y punto seguido a las iniciativas presidenciales. Hab\u00eda debates de altura. Fundamentaban jur\u00eddicamente. Defend\u00edan ideol\u00f3gicamente los dict\u00e1menes.<\/p>\n\n\n\n<p class=\"wp-block-paragraph\">Sin apartarme del tema, comento que en la primera semana de enero, en el programa de televisi\u00f3n, con reporteros a modo, el hijo de Macuspana enderez\u00f3 sus bater\u00edas contra la ministra Pi\u00f1a Hern\u00e1ndez, llam\u00e1ndola simplemente \u201cla se\u00f1ora\u201d. Recordaba sus d\u00edas en que el presidente de la Corte, el queretano zald\u00edvar, entraba y sal\u00eda del despacho presidencial, sin cita previa.<\/p>\n\n\n\n<p class=\"wp-block-paragraph\"><strong>CORRUPCI\u00d3N, SUELDOS Y\u2026<\/strong><\/p>\n\n\n\n<p class=\"wp-block-paragraph\">Mientras arturo zald\u00edvar lelo de larrea <strong>cumpli\u00f3 con sumisi\u00f3n, <\/strong>&nbsp;es muy distinto a comentar que <strong>cumpli\u00f3 con su misi\u00f3n<\/strong>, el hombre, que sigue en campa\u00f1a pol\u00edtica, afirma que el queretano si hablaba de la corrupci\u00f3n y el nepotismo en el Poder Judicial Federal y ahora la ministra presidenta \u201c<strong>habla de otros temas<\/strong>\u201d.<\/p>\n\n\n\n<p class=\"wp-block-paragraph\">En su pretensi\u00f3n de ser sarc\u00e1stico, de creer que es humor\u00edstico, el tabasque\u00f1o dijo en una de sus ma\u00f1aneras locuras, que la presidenta de la Suprema Corte, <strong>por arte de magia ya acab\u00f3 con la corrupci\u00f3n y el nepotismo.<\/strong><\/p>\n\n\n\n<p class=\"wp-block-paragraph\">El hombre con su varita m\u00e1gica cambi\u00f3 al departamentito de Copilco, all\u00e1 por la Ciudad Universitaria, por un \u201cmodesto departamento de inter\u00e9s social\u201d en Palacio Nacional. Su chofer, Nico, hoy es un emprendedor empresario, tambi\u00e9n por artes m\u00e1gicas. Los dos se olvidaron del austero Tsuru.<\/p>\n\n\n\n<p class=\"wp-block-paragraph\">En relaci\u00f3n con la desaparici\u00f3n de los fideicomisos de la Suprema Corte, asegur\u00f3 en su programa de televisi\u00f3n, en el ex Sal\u00f3n Tesorer\u00eda, que los ministros se confabularon con el bloque conservador de la C\u00e1mara de Diputados, pero <strong>&nbsp;<\/strong>\u201c<strong>lo que est\u00e1 en la Constituci\u00f3n, que es facultad de los diputados, lo pretendieron declarar inconstitucional<\/strong>\u201d.<\/p>\n\n\n\n<p class=\"wp-block-paragraph\">El Presidente de M\u00e9xico no deja pasar una hora del d\u00eda para atacar al \u201c<strong>podrido Poder Judicial<\/strong>\u201d, arriando parejo contra jueces, magistrados y ministros porque <strong>porque imparten justicia para los ricos, pero no para los pobres y est\u00e1n en complicidad con los poderosos.<\/strong> A los abogados litigantes no tuvo empacho en calificarlos como \u201c<strong>huizacheros\u201d<\/strong>.<\/p>\n\n\n\n<p class=\"wp-block-paragraph\">El odio presidencial hacia la ministra presidenta Pi\u00f1a Hern\u00e1ndez subi\u00f3 de tono, cuando en Palacio Nacional se orden\u00f3 a los organizadores de los eventos de las Fiestas Patrias que no se invitara a las tres mujeres que est\u00e1n al frente de la Suprema Corte, del Senado y de la C\u00e1mara de Diputados por no ser partidarias de la 4T. Se acab\u00f3 la Divisi\u00f3n de Poderes y se aplic\u00f3 <strong>la pol\u00edtica chicharronera.<\/strong><\/p>\n\n\n\n<p class=\"wp-block-paragraph\">El quitarle 15,000 millones de pesos al Poder Judicial Federal, qui\u00e9ralo o no el tabasque\u00f1o, los trabajadores en activo, los jubilados y los pensionados resultan afectados. Ese dinero, como los de otras dependencias, es para pagar el Tren Maya, al que acaba de anexarle 24,000 millones de pesos.<\/p>\n\n\n\n<p class=\"wp-block-paragraph\">Los diputados federales alineados a Palacio Nacional, como dec\u00eda mi abuelita, nada m\u00e1s ven <strong>paja en ojo ajeno.<\/strong> Encabezados por Nachito Mier, pretendiente a la gubernatura de Puebla, critican a los ministros de la Suprema Corte por los privilegios econ\u00f3micos que disfrutan.<\/p>\n\n\n\n<p class=\"wp-block-paragraph\">En una publicaci\u00f3n period\u00edstica se enlist\u00f3 de \u201clos cochinitos\u201d, la alcanc\u00eda, de los \u201crepresentantes populares\u201d:<\/p>\n\n\n\n<p class=\"wp-block-paragraph\">1,631 millones de pesos para cada bancada (morena, panista, priista, negocio ciudadano, perredista y dem\u00e1s chiquiller\u00eda).<\/p>\n\n\n\n<p class=\"wp-block-paragraph\">Tienen \u201cun guardadito\u201d de 130 millones; cada legislador recibe 80 mil al mes \u201cpara aviones y hospedaje\u201d, as\u00ed como 75 mil de \u201capoyos legislativos\u201d e igual cantidad como sueldo neto.<\/p>\n\n\n\n<p class=\"wp-block-paragraph\">El modesto aguinaldo, en diciembre, nada m\u00e1s es de 100 mil pesos para cada uno de los 500 sufridos ocupantes de una curul. A esas prerrogativas que no tiene ning\u00fan empleado de la C\u00e1mara, se suman bonos para servicios m\u00e9dicos y muchas otras peque\u00f1eces.<\/p>\n\n\n\n<p class=\"wp-block-paragraph\"><strong>\u201cPENS\u00c9 EN TENER MAYOR\u00cdA\u201d<\/strong><\/p>\n\n\n\n<p class=\"wp-block-paragraph\">En su ma\u00f1anera del 2 de septiembre de 2021 vislumbr\u00f3 que su plan de someter a las y los ministros del pleno, hab\u00eda fallado. La propuesta de tres mujeres y un hombre estim\u00f3 que le permitir\u00edan contar con la&nbsp; mayor\u00eda de los votos a favor de los proyectos de la 4T.<\/p>\n\n\n\n<p class=\"wp-block-paragraph\">Dijo el \u00fanico presidente que vive en un Palacio (Nacional), que est\u00e1 arrepentido de no haber propuesto, desde el inicio de su sexenio, la reforma del Poder Judicial,&nbsp; \u201cporque cre\u00ed que iba a tener mayor\u00eda de votos y qu\u00e9 creen, me equivoqu\u00e9,&nbsp; porque hice propuestas, pero que ya no est\u00e1n pensando en el proyecto de la transformaci\u00f3n\u201d.<\/p>\n\n\n\n<p class=\"wp-block-paragraph\">Solo cuenta con las ministras Yasm\u00edn y Loretta, as\u00ed como del primer presidente de la SCJN que se tiende a los pies de un protector. Conste, zald\u00edvar fue propuesto para ministro por el presidente Felipe Calder\u00f3n, el michoacano odiado por el tabasque\u00f1o.<\/p>\n\n\n\n<p class=\"wp-block-paragraph\"><strong>PARO NACIONAL Y MARCHA<\/strong><\/p>\n\n\n\n<p class=\"wp-block-paragraph\">La inconformidad de los trabajadores del Poder Judicial de la Federaci\u00f3n, ante la negativa presidencial de ser escuchados y de recibir ataques del propio titular del Ejecutivo Federal, sindicalizados y eventuales decidieron paralizar las labores en todo el Pa\u00eds desde el jueves pasado hasta el pr\u00f3ximo martes.<\/p>\n\n\n\n<p class=\"wp-block-paragraph\">Est\u00e1n respaldados en el movimiento por los jueces, c\u00e9lula b\u00e1sica de la impartici\u00f3n de justicia. En los juzgados se avis\u00f3 a los abogados litigantes, a los procesados y a los familiares de ellos, que no correr\u00e1n t\u00e9rminos.<\/p>\n\n\n\n<p class=\"wp-block-paragraph\">El pr\u00f3ximo domingo en la Ciudad de M\u00e9xico partir\u00e1 una marcha, a las 11 de la ma\u00f1ana, del Monumento a la Revoluci\u00f3n a la Plaza de la Constituci\u00f3n. Ah\u00ed, en nuestro hermoso Z\u00f3calo, habr\u00e1 un mitin. Tambi\u00e9n est\u00e1n programados actos similares en las ciudades capitales de la Rep\u00fablica.<\/p>\n\n\n\n<p class=\"wp-block-paragraph\"><strong>Mientras tanto el presidente estar\u00e1 en Palenque con sus \u201camigos\u201d, supuestamente tratar\u00e1n el problema migratoria que ahoga al gobierno mexicano.<\/strong><\/p>\n\n\n\n<p class=\"wp-block-paragraph\">La dirigencia nacional del gremio sindicalizado recibi\u00f3 el apoyo de organismos afines, no se mencionaron a las federaciones, asociaciones y confederaciones de abogados.<\/p>\n\n\n\n<p class=\"wp-block-paragraph\">En San L\u00e1zaro, los trabajadores de 66 \u00f3rganos jurisdiccionales fueron los primeros en sumarse a la protesta. Tambi\u00e9n estar\u00e1n en la manifestaci\u00f3n dominical los empleados de 10 Tribunales Colegiados en Materia Penal.<\/p>\n\n\n\n<p class=\"wp-block-paragraph\"><strong>SUS CUATRO CANDIDATOS<\/strong><\/p>\n\n\n\n<p class=\"wp-block-paragraph\">El primero en ser aprobado por el Senado para desempe\u00f1arse como ministro, fue el abogado <strong>Juan Luis Gonz\u00e1lez Alc\u00e1ntara<\/strong>, hijo del ilustre jurista Juan Jos\u00e9 Gonz\u00e1lez Alpuche.<\/p>\n\n\n\n<p class=\"wp-block-paragraph\">Ocupa el despacho que dej\u00f3 el jurista <strong>Jos\u00e9 Ram\u00f3n Cos\u00edo D\u00edaz<\/strong>, siempre pol\u00e9mico y consultado por su sapiencia en la materia.<\/p>\n\n\n\n<p class=\"wp-block-paragraph\">Gonz\u00e1lez Alc\u00e1ntara Carranc\u00e1 en sus intervenciones y en los dict\u00e1menes que ha presentado sigue la l\u00ednea de un jurista honesto y no est\u00e1 comprometido ni debe favores.<\/p>\n\n\n\n<p class=\"wp-block-paragraph\">La primera directora del SAT en este sexenio, <strong>Margarita R\u00edos Farjat<\/strong>,&nbsp; desde 2019, como ministra ha demostrado su independencia a la hora de votar, as\u00ed como en la elaboraci\u00f3n de sus proyectos sometidos al pleno. Los senadores la designaron para reemplazar al ministro <strong>Eduardo Medina Mora<\/strong>, quien por razones pol\u00edticas present\u00f3 su renuncia.<\/p>\n\n\n\n<p class=\"wp-block-paragraph\">El lugar de la chiapaneca <strong>Margarita Beatriz Luna Ramos<\/strong> lo tiene ahora, a propuesta presidencial, <strong>Yasm\u00edn Esquivel Mossa<\/strong>. Un investigador universitario la denunci\u00f3 p\u00fablicamente por, dijo, haber plagiado un trabajo para elaborar su tesis profesional.<\/p>\n\n\n\n<p class=\"wp-block-paragraph\">El esc\u00e1ndalo fue may\u00fasculo. Cont\u00f3 con el amplio apoyo del Poder Ejecutivo Federal. Se orden\u00f3 a la UNAM no investigar. Total el asunto nunca se aclar\u00f3 a satisfacci\u00f3n. Ella sigue de ministra.<\/p>\n\n\n\n<p class=\"wp-block-paragraph\">Para ocupar la plaza vacante del ministro <strong>Fernando Franco Gonz\u00e1lez Salas<\/strong>, fue propuesta la abogada <strong>Loretta Ortiz Ahlf<\/strong>, quien trabaj\u00f3 en diferentes \u00e1reas jur\u00eddicas en dependencias del gobierno.<\/p>\n\n\n\n<p class=\"wp-block-paragraph\">Le\u00ed que Loreta Ortiz Ahlf, \u201c<strong>es una jurista, acad\u00e9mica, profesora, escritora y EXPOL\u00cdTICA<\/strong>\u201d. Es egresada de la Escuela Libre de Derecho. Milit\u00f3 en el Partido del Trabajo, en el Movimiento de Regeneraci\u00f3n Nacional y desde 2018 \u201cabandon\u00f3 la pol\u00edtica\u201d.<\/p>\n\n\n\n<p class=\"wp-block-paragraph\">Es la esposa del titular de la Fiscal\u00eda Especializada para Atenci\u00f3n de Delitos Electorales, <strong>Jos\u00e9 Agust\u00edn Ortiz Pinchetti<\/strong>. Diputada federal 2012\/2015 y estuvo en el Consejo de la Judicatura Federal.<\/p>\n\n\n\n<p class=\"wp-block-paragraph\"><strong>jherrerav@live.com.mx<\/strong> &nbsp;<\/p>\n","protected":false},"excerpt":{"rendered":"<p>El mediod\u00eda del pr\u00f3ximo mi\u00e9rcoles 25, el pleno de la C\u00e1mara de Senadores determinar\u00e1 si se consuma la desaparici\u00f3n de 13 fidecomisos relacionados con el Poder Judicial Federal, operados por la presidencia de la Suprema Corte de Justicia de la Naci\u00f3n.<\/p>\n","protected":false},"author":3,"featured_media":7843,"comment_status":"open","ping_status":"open","sticky":false,"template":"","format":"standard","meta":{"_monsterinsights_skip_tracking":false,"footnotes":""},"categories":[94,35],"tags":[],"class_list":["post-72920","post","type-post","status-publish","format-standard","has-post-thumbnail","category-jorge-herrera-valenzuela","category-opinion"],"_links":{"self":[{"href":"https:\/\/redsemlac.com\/semmexico\/wp-json\/wp\/v2\/posts\/72920","targetHints":{"allow":["GET"]}}],"collection":[{"href":"https:\/\/redsemlac.com\/semmexico\/wp-json\/wp\/v2\/posts"}],"about":[{"href":"https:\/\/redsemlac.com\/semmexico\/wp-json\/wp\/v2\/types\/post"}],"author":[{"embeddable":true,"href":"https:\/\/redsemlac.com\/semmexico\/wp-json\/wp\/v2\/users\/3"}],"replies":[{"embeddable":true,"href":"https:\/\/redsemlac.com\/semmexico\/wp-json\/wp\/v2\/comments?post=72920"}],"version-history":[{"count":0,"href":"https:\/\/redsemlac.com\/semmexico\/wp-json\/wp\/v2\/posts\/72920\/revisions"}],"wp:featuredmedia":[{"embeddable":true,"href":"https:\/\/redsemlac.com\/semmexico\/wp-json\/wp\/v2\/media\/7843"}],"wp:attachment":[{"href":"https:\/\/redsemlac.com\/semmexico\/wp-json\/wp\/v2\/media?parent=72920"}],"wp:term":[{"taxonomy":"category","embeddable":true,"href":"https:\/\/redsemlac.com\/semmexico\/wp-json\/wp\/v2\/categories?post=72920"},{"taxonomy":"post_tag","embeddable":true,"href":"https:\/\/redsemlac.com\/semmexico\/wp-json\/wp\/v2\/tags?post=72920"}],"curies":[{"name":"wp","href":"https:\/\/api.w.org\/{rel}","templated":true}]}}