{"id":72840,"date":"2023-10-19T14:37:02","date_gmt":"2023-10-19T20:37:02","guid":{"rendered":"https:\/\/redsemlac.com\/semmexico\/?p=72840"},"modified":"2023-10-19T14:37:03","modified_gmt":"2023-10-19T20:37:03","slug":"la-corrupcion-erosiona-esfuerzos-para-asegurar-la-salud-visual-que-afecta-mas-a-las-mujeres-se-planteo-en-el-senado","status":"publish","type":"post","link":"https:\/\/redsemlac.com\/semmexico\/la-corrupcion-erosiona-esfuerzos-para-asegurar-la-salud-visual-que-afecta-mas-a-las-mujeres-se-planteo-en-el-senado\/","title":{"rendered":"La corrupci\u00f3n erosiona esfuerzos para asegurar la salud visual, que afecta m\u00e1s a las mujeres, se plante\u00f3 en el Senado"},"content":{"rendered":"\n<p class=\"wp-block-paragraph\">Las personas que sufrieron una mayor carga global de ceguera y discapacidad visual fueron mujeres y mayores de 50 a\u00f1os: <em>Global Burden of Disease<\/em>&nbsp;<\/p>\n\n\n\n<p class=\"wp-block-paragraph\">Las mujeres usan m\u00e1s los lentes que los hombres: INEGI<\/p>\n\n\n\n<p class=\"wp-block-paragraph\">En M\u00e9xico se carece de la regulaci\u00f3n sanitaria en esta materia, a pesar la existencia de&nbsp; leyes<\/p>\n\n\n\n<p class=\"wp-block-paragraph\">Micaela M\u00e1rquez<\/p>\n\n\n\n<p class=\"wp-block-paragraph\">SemM\u00e9xico. Ciudad de M\u00e9xico. 19 de octubre 2023.- En el VII Foro de la Salud Visual, la senadora Minerva Hern\u00e1ndez Ramos advirti\u00f3 del nexo profundo&nbsp; de la corrupci\u00f3n con la salud visual, ya que estas malas practicas erosionan los esfuerzos por garantizar equipos, pago, formaci\u00f3n de especialistas, tratamientos, campa\u00f1as y acciones para la detecci\u00f3n temprana y compra de lentes.<\/p>\n\n\n\n<p class=\"wp-block-paragraph\">Las personas que sufrieron una mayor carga global de ceguera y discapacidad visual&nbsp; en 2019 fueron mujeres y mayores de 50 a\u00f1os, seg\u00fan un estudio de estad\u00edsticas en M\u00e9xico de <em>&nbsp;Global Burden of Disease<\/em>&nbsp;(GBD) 2019.<\/p>\n\n\n\n<figure class=\"wp-block-image size-large\"><a href=\"https:\/\/redsemlac.com\/semmexico\/wp-content\/uploads\/2023\/10\/discapacidad-visual-02.jpg\"><img decoding=\"async\" src=\"https:\/\/redsemlac.com\/semmexico\/wp-content\/uploads\/2023\/10\/discapacidad-visual-02-1024x719.jpg\" alt=\"\" class=\"wp-image-72841\"\/><\/a><\/figure>\n\n\n\n<p class=\"wp-block-paragraph\"><strong><em>La Corrupci\u00f3n campante<\/em><\/strong><strong><em><\/em><\/strong><\/p>\n\n\n\n<p class=\"wp-block-paragraph\">La presidenta de la Comisi\u00f3n de Reglamentos y Pr\u00e1cticas Parlamentarias asegur\u00f3, que la corrupci\u00f3n no s\u00f3lo desv\u00eda recursos, sino que genera desigualdades y barreras que impiden el acceso a la salud de la poblaci\u00f3n, en este caso la visual para las mexicanas y mexicanos. &nbsp;&nbsp;<\/p>\n\n\n\n<p class=\"wp-block-paragraph\">\u201cSi permitimos que las pr\u00e1cticas corruptas decidan qu\u00e9 proveedores ganan licitaciones, en lugar de premiar la calidad, la innovaci\u00f3n y la eficiencia, o si se permite la otorgaci\u00f3n de contratos para suministros, como lentes o equipos de diagn\u00f3stico, bas\u00e1ndose en sobornos o en comisiones ilegales, estaremos comprometiendo el futuro de la salud visual\u201d.&nbsp;<\/p>\n\n\n\n<p class=\"wp-block-paragraph\">De acuerdo con los datos de la Encuesta Nacional de Hogares (ENH) 2014, del total de la poblaci\u00f3n que vive con discapacidad para ver, 56.2% no usa lentes y 43.8% s\u00ed lo hace. El an\u00e1lisis por sexo muestra que son m\u00e1s las mujeres (45%) que usan anteojos comparado con los hombres (42%).<\/p>\n\n\n\n<figure class=\"wp-block-image size-full\"><a href=\"https:\/\/redsemlac.com\/semmexico\/wp-content\/uploads\/2023\/10\/discapacidad-visual-03.png\"><img loading=\"lazy\" decoding=\"async\" width=\"650\" height=\"407\" src=\"https:\/\/redsemlac.com\/semmexico\/wp-content\/uploads\/2023\/10\/discapacidad-visual-03.png\" alt=\"\" class=\"wp-image-72842\"\/><\/a><\/figure>\n\n\n\n<p class=\"wp-block-paragraph\">Sin embargo, representa un reto poder cubrir las necesidades de ayuda para las personas para quienes es necesaria, ya que m\u00e1s de la mitad de la poblaci\u00f3n con discapacidad para ver no usa alg\u00fan tipo de ayuda, lo cual puede deberse a que la magnitud de su deficiencia no lo haga candidato a usarla, o bien, que no tiene acceso a ellas, por problemas de cobertura o distancia para adquirirlas.<\/p>\n\n\n\n<p class=\"wp-block-paragraph\">Seg\u00fan la Comisi\u00f3n Nacional de los Derechos Humanos CNDH, las mujeres con capacidad visual limitada est\u00e1n expuestas a violaciones de su libertad sexual.&nbsp;<\/p>\n\n\n\n<p class=\"wp-block-paragraph\">.<br><strong><em>&nbsp;Deben detectarse los padecimientos<\/em><\/strong>&nbsp;<\/p>\n\n\n\n<p class=\"wp-block-paragraph\">La presidenta del Cap\u00edtulo M\u00e9xico de la Organizaci\u00f3n Global de Parlamentarios contra la Corrupci\u00f3n (GOPAC) subray\u00f3 que la visi\u00f3n es fundamental para el desarrollo de M\u00e9xico, porque los padecimientos que no se detecten oportunamente, merman la productividad y las condiciones de vida de las personas, ya que en un mundo cada vez m\u00e1s digital y visual es esencial que los ciudadanos cuenten con una buena visi\u00f3n para mantener a M\u00e9xico competitivo y en el camino del progreso.&nbsp;<\/p>\n\n\n\n<p class=\"wp-block-paragraph\">Datos del Instituto Nacional de Estad\u00edstica y Geograf\u00eda (INEGI) se\u00f1alan que en M\u00e9xico hay 2 millones 237 mil personas con una deficiencia visual. M\u00e1s mujeres que hombres. Los seis principales problemas oculares que afectan a las y &nbsp;los mexicanos son: errores de refracci\u00f3n (miop\u00eda, hipermetrop\u00eda, astigmatismo y presbicia), catarata senil, degeneraci\u00f3n macular, glaucoma, retinopat\u00eda diab\u00e9tica y opacidad en la c\u00f3rnea.<\/p>\n\n\n\n<p class=\"wp-block-paragraph\">En M\u00e9xico se estiman 2 millones 237 mil personas con deficiencia visual y m\u00e1s de 415 mil 800 personas con ceguera, y se encuentra entre los 20 pa\u00edses con mayor n\u00famero de personas afectadas por la discapacidad visual y ceguera.<\/p>\n\n\n\n<p class=\"wp-block-paragraph\"><strong><em>Piden regular la optometr\u00eda y dignificarla<\/em><\/strong><\/p>\n\n\n\n<p class=\"wp-block-paragraph\">Durante el Foro se plante\u00f3 la lucha por dignificar la optometr\u00eda para evitar que se registre una problem\u00e1tica de salud p\u00fablica, pues se carece de la regulaci\u00f3n sanitaria en esta materia, pues a pesar de que existen leyes para este ejercicio profesional, , normas de infraestructura y equipamiento, as\u00ed como sanciones por incumplimiento, la optometr\u00eda sigue ejerci\u00e9ndose anticonstitucional e ilegalmente\u201d advirti\u00f3 Lorena Gil Gil, presidenta de la Asociaci\u00f3n Mexicana de Facultades Escuela, Colegios y Consejos de Optometr\u00eda.<\/p>\n\n\n\n<p class=\"wp-block-paragraph\">Lorena Gil enfatiz\u00f3 que en M\u00e9xico existe una falta de inclusi\u00f3n de la optometr\u00eda dentro de la atenci\u00f3n primaria de las instituciones de salud p\u00fablica como una rama para otras \u00e1reas m\u00e9dicas.&nbsp;<\/p>\n\n\n\n<p class=\"wp-block-paragraph\">Expuso que la optometr\u00eda es \u201cv\u00edctima de distorsi\u00f3n social\u201d, ya que, a pesar de que se elev\u00f3, desde hace m\u00e1s de 70 a\u00f1os, a nivel profesional, \u201choy existe m\u00e1s empirismo, m\u00e1s irresponsabilidad en la salud visual, lo cual aumenta el riesgo en la discapacidad visual\u201d.&nbsp;<\/p>\n\n\n\n<p class=\"wp-block-paragraph\">Carlos Alberto P\u00e9rez Cuevas, vicepresidente mundial de GOPAC, mencion\u00f3 que la corrupci\u00f3n es un flagelo que permea todos los \u00e1mbitos, p\u00fablicos y privados y en torno a la salud, estas malas pr\u00e1cticas afectan, tambi\u00e9n, a los derechos humanos.&nbsp;<\/p>\n\n\n\n<p class=\"wp-block-paragraph\">Ezequiel Montes de Oca, especialista en optometr\u00eda, asegur\u00f3 que existen carencias normativas respecto la atenci\u00f3n a la salud visual, porque no existe una ley que garantice la obligaci\u00f3n del estado para que las personas m\u00e1s vulnerables puedan acceder a los servicios de salud.&nbsp;<\/p>\n\n\n\n<p class=\"wp-block-paragraph\">Detall\u00f3 que, de acuerdo con la Organizaci\u00f3n Mundial de la Salud, dos mil 200 millones de personas viven con alg\u00fan tipo de deficiencia visual, y las principales causas de discapacidad de este tipo, son los problemas refractivos que son un tipo de padecimiento en la visi\u00f3n que dificulta ver con claridad y las cataratas.&nbsp;&nbsp;<\/p>\n\n\n\n<p class=\"wp-block-paragraph\">\u201cEn Am\u00e9rica Latina, 28 millones de personas padece alguna deficiencia visual, m\u00e1s de cinco millones son ciegas y la mayor\u00eda tienen m\u00e1s de 50 a\u00f1os.<\/p>\n\n\n\n<p class=\"wp-block-paragraph\">Un estudio sobre los datos del&nbsp;<em>Global Burden of Disease<\/em>&nbsp;(GBD) 2019 obtuvo las estad\u00edsticas nacionales sobre ceguera y discapacidad visual total en M\u00e9xico, encontrando lo siguiente:<sup>[<\/sup><a href=\"javascript:void(0);\"><sup>1<\/sup><\/a><sup>]<\/sup><\/p>\n\n\n\n<ul class=\"wp-block-list\">\n<li>11,01 millones de personas viven con ceguera o discapacidad visual. Esto representa una prevalencia bruta de 9,35% (7,85% a 11,11%) y ocasiona 384.960 a\u00f1os vividos con discapacidad a nivel nacional.<\/li>\n\n\n\n<li>La&nbsp;presbicia&nbsp;no corregida causa la mayor carga de la enfermedad, con 6,06 millones de casos.<\/li>\n\n\n\n<li>La p\u00e9rdida grave de visi\u00f3n y la ceguera afectaron a 619.400 y 513.840 personas, respectivamente.<\/li>\n\n\n\n<li>Las personas que sufrieron una mayor carga global de ceguera y discapacidad visual fueron mujeres y mayores de 50 a\u00f1os.<\/li>\n\n\n\n<li>Los trastornos de refracci\u00f3n fueron la principal causa de p\u00e9rdida de visi\u00f3n moderada y grave. Las cataratas fueron la segunda causa.<\/li>\n<\/ul>\n\n\n\n<p class=\"wp-block-paragraph\"><strong><em>\u00bfPor qu\u00e9 es importante este estudio?<\/em><\/strong><\/p>\n\n\n\n<p class=\"wp-block-paragraph\">El estudio demuestra que la&nbsp;<a href=\"https:\/\/espanol.medscape.com\/verarticulo\/5905194\">p\u00e9rdida de visi\u00f3n<\/a>&nbsp;representa un problema de salud p\u00fablica en M\u00e9xico y resalta que la mayor\u00eda de los casos es prevenible. Las autoridades de salud pueden utilizar esta informaci\u00f3n para aliviar esta carga que afecta en mayor medida a las mujeres y las personas mayores<\/p>\n\n\n\n<p class=\"wp-block-paragraph\"><strong><em>Bast\u00f3n Blanco y Mujeres&nbsp;<\/em><\/strong><\/p>\n\n\n\n<p class=\"wp-block-paragraph\">&nbsp;EN el FORO, Mujeres Con Discapacidad visual: \u201cEl Bast\u00f3n blanco o \u201cBast\u00f3n blanco de desplazamiento para ciegos\u201d es un invento creado por el pol\u00edtico e inventor argentino Jos\u00e9 Mario Fall\u00f3tico.<\/p>\n\n\n\n<p class=\"wp-block-paragraph\">Las personas con discapacidad visual un bast\u00f3n blanco con extremo inferior rojo, a fin de que se les otorgue prioridad de paso.<\/p>\n\n\n\n<p class=\"wp-block-paragraph\">La propuesta fue aceptada y en poco tiempo el uso de dicho elemento se hizo universal. Curiosamente los estadounidenses celebran el \u201cD\u00eda Internacional del Bast\u00f3n Blanco\u201d (15 de octubre), pero desconociendo qui\u00e9n es el inventor.\u201d<\/p>\n\n\n\n<p class=\"wp-block-paragraph\">Durante los primeros seis a\u00f1os de la d\u00e9cada de los treintas, fueron promulgadas diversas disposiciones legales, primero en Illinois, y m\u00e1s adelante en Detroit, encaminadas a garantizar el tr\u00e1nsito libre y seguro de los peatones ciegos.<\/p>\n\n\n\n<p class=\"wp-block-paragraph\">En el a\u00f1o 1925, la Convenci\u00f3n Anual de la Asociaci\u00f3n de Leones cont\u00f3 con la presencia de Hellen Keller, quien sensibiliz\u00f3 a los presentes acerca de las dificultades que deb\u00eda afrontar a diario a causa de su ceguera. Por iniciativa del Club de Leones de la Uni\u00f3n Americana, durante la celebraci\u00f3n de su Convenci\u00f3n Internacional, realizada en 1931 en Toronto, Canad\u00e1, el abogado Donald Schuur promovi\u00f3 el uso del Bast\u00f3n Blanco entre las personas faltas &nbsp;de vista, concebido un a\u00f1o atr\u00e1s por George A. Benham (seg\u00fan indica la historia estadounidense).<\/p>\n\n\n\n<p class=\"wp-block-paragraph\">Presidente de dicha agrupaci\u00f3n filantr\u00f3pica, llev\u00f3 &nbsp;a cabo una intensa campa\u00f1a de informaci\u00f3n entre la ciudadan\u00eda sobre apoyo vial a las personas ciegas , a la par de un programa de recaudaci\u00f3n de fondos para la adquisici\u00f3n de bastones que ser\u00edan donados a quienes as\u00ed lo requirieran y tiempo despu\u00e9s, en 1964, se instituy\u00f3 el 15 de octubre como El D\u00eda Mundial del Bast\u00f3n Blanco.<\/p>\n\n\n\n<p class=\"wp-block-paragraph\">Una vez concluida la Segunda Guerra Mundial, se desarrollaron las t\u00e9cnicas de movilidad y orientaci\u00f3n con el Bast\u00f3n Blanco. Fue en el hospital de Valley Forge Veterans en Pennsylvania, Estados Unidos, durante la realizaci\u00f3n de un programa de rehabilitaci\u00f3n para militares ciegos, donde el sargento Richard Hoover, Director de Rehabilitaci\u00f3n F\u00edsica, Orientaci\u00f3n y Recreaci\u00f3n advirti\u00f3 que los carentes de vista se desplazaban con ayuda de bastones que les serv\u00edan como apoyo pero que no les permit\u00edan anticipar los obst\u00e1culos que encontraban a su paso.<\/p>\n\n\n\n<p class=\"wp-block-paragraph\">De este modo, cre\u00f3 un bast\u00f3n liviano, con un tama\u00f1o sim\u00e9tricamente proporcional a la estatura media de la persona. Determin\u00f3 que fuera blanco con la parte inferior de color rojo, convirti\u00e9ndose desde entonces en s\u00edmbolo universal de la independencia y libertad para el desplazamiento de las personas con discapacidad visual.<\/p>\n\n\n\n<p class=\"wp-block-paragraph\">Tiempo atr\u00e1s, los carentes del sentido de la vista caminaban guiados por perros previamente entrenados para conducirlos sin tropiezos, y en otros casos, lo hac\u00edan mediante rudimentarios bastones de madera, apoy\u00e1ndose en el brazo o el hombro generoso de una persona con vista.<\/p>\n\n\n\n<p class=\"wp-block-paragraph\">Tambi\u00e9n conocido en otras latitudes como Bast\u00f3n Hoover, generalmente se elabora con tubos de aluminio plegables entre s\u00ed mediante un resorte el\u00e1stico. En la parte superior, la empu\u00f1adura es de goma, lo cual permite tomarlo con soltura y mayor comodidad. En el extremo inferior tiene una puntilla con un deslizador met\u00e1lico rodante. Adem\u00e1s del Bast\u00f3n Blanco plegable, tambi\u00e9n existen otros modelos que son completamente r\u00edgidos y con la empu\u00f1adura curveada.<\/p>\n\n\n\n<p class=\"wp-block-paragraph\">A decir de la mayor\u00eda de las y &nbsp;los ciegos que usan el bast\u00f3n plegable, \u00e9ste es m\u00e1s pr\u00e1ctico porque al doblarse generalmente en cuatro tramos, puede guardarse f\u00e1cilmente dentro del portafolio, mochila o en el caj\u00f3n del escritorio; mientras que el modelo r\u00edgido, si bien es m\u00e1s durable por su consistencia, muchas veces resulta estorboso y poco funcional para la localizaci\u00f3n de obst\u00e1culos.<\/p>\n\n\n\n<p class=\"wp-block-paragraph\">El tama\u00f1o del Bast\u00f3n Blanco debe llegar a la altura del estern\u00f3n, y la medida var\u00eda de acuerdo a la estatura. Hay bastones de 1.05, 1.10, 1.15 y 1.20 metros. En consecuencia, un bast\u00f3n corto no permite detectar a tiempo los obst\u00e1culos, adem\u00e1s de que origina esfuerzos innecesarios y maniobras incorrectas al momento del desplazamiento de la persona ciega, ocasionando fatiga, torpeza para caminar, trastornos musculoesquel\u00e9ticos,e incluso, ca\u00eddas y tropezones.<\/p>\n\n\n\n<p class=\"wp-block-paragraph\"><strong><em>Resultados principales<\/em><\/strong><\/p>\n\n\n\n<ul class=\"wp-block-list\">\n<li>En M\u00e9xico la carga de ceguera y discapacidad visual se estim\u00f3 en 11,01 millones (IC 95%: 9,25 a 13,11) casos, de los cuales la p\u00e9rdida de visi\u00f3n grave y la ceguera afectaron a 619.400 (IC 95%: 539.400 a 717.730) y 513.840 (IC 95%: 450.590 a 570.980) personas, respectivamente.<\/li>\n<\/ul>\n\n\n\n<ul class=\"wp-block-list\">\n<li>La p\u00e9rdida de visi\u00f3n de cerca y los errores de refracci\u00f3n causaron 78,7% de los casos, mientras que los trastornos neonatales y la degeneraci\u00f3n macular asociada a la edad fueron los menos frecuentes.<\/li>\n<\/ul>\n\n\n\n<ul class=\"wp-block-list\">\n<li>Los defectos de refracci\u00f3n fueron la principal causa de p\u00e9rdida de visi\u00f3n moderada y grave (61,44% y 35,43%, respectivamente) y las cataratas fueron la segunda causa de ceguera (26,73%).<\/li>\n<\/ul>\n\n\n\n<ul class=\"wp-block-list\">\n<li>&nbsp;<\/li>\n\n\n\n<li>Las mujeres presentaban una carga global m\u00e1s elevada de ceguera y discapacidad visual (54,99% y 52,85% del total de casos y a\u00f1os vividos con discapacidad). Las personas mayores de 50 a\u00f1os ten\u00edan la carga m\u00e1s elevada, siendo las m\u00e1s afectadas las de 70 a 74 a\u00f1os.<\/li>\n\n\n\n<li>&nbsp;<\/li>\n\n\n\n<li>M\u00e9xico tiene menor prevalencia de discapacidad visual que otros pa\u00edses de Centroam\u00e9rica, pero m\u00e1s del doble que pa\u00edses de Norteam\u00e9rica y Sudam\u00e9rica (Argentina, Chile y Uruguay).<\/li>\n<\/ul>\n\n\n\n<p class=\"wp-block-paragraph\"><strong><em>15 de octubre<\/em><\/strong><\/p>\n\n\n\n<p class=\"wp-block-paragraph\">En agosto de 2021 la C\u00e1mara de Diputados aprob\u00f3 declarar el 15 de octubre de cada a\u00f1o como el \u201cD\u00eda Nacional de las Personas Ciegas y con otras Discapacidades Visuales\u201d.<\/p>\n\n\n\n<p class=\"wp-block-paragraph\">Se fundament\u00f3 que ese a\u00f1o hab\u00eda cerca de 2 mil 200 millones de personas en todo el mundo tienen una discapacidad visual, desde ligera hasta severa o grave, de las cuales alrededor de mil millones presentan una discapacidad visual que podr\u00eda haberse prevenido o que a\u00fan no se ha abordado.<\/p>\n\n\n\n<p class=\"wp-block-paragraph\">Las personas con discapacidad visual tienen menos posibilidades de asistir a la escuela y de adquirir habilidades b\u00e1sicas de alfabetizaci\u00f3n.<\/p>\n\n\n\n<p class=\"wp-block-paragraph\">Se dijo: la visi\u00f3n es uno de los sentidos m\u00e1s importantes, si no es que el de mayor importancia para el ser humano, por ello cuando disminuye o se pierde, la relaci\u00f3n con el mundo que se rodea se convierte en un enorme vac\u00edo dif\u00edcil de manejar.<\/p>\n\n\n\n<p class=\"wp-block-paragraph\">El dictamen precisa que las dos principales causas de discapacidad visual en el mundo son los errores de refracci\u00f3n no corregidos, es decir, la miop\u00eda, hipermetrop\u00eda y astigmatismo, mismos que representan 53 por ciento de los padecimientos visuales, y las cataratas 25 por ciento de los casos.<\/p>\n\n\n\n<p class=\"wp-block-paragraph\"><strong><em>El dato<\/em><\/strong><\/p>\n\n\n\n<p class=\"wp-block-paragraph\">Entre&nbsp; la poblaci\u00f3n con discapacidad hay m\u00e1s mujeres que hombres:<\/p>\n\n\n\n<p class=\"wp-block-paragraph\">\u2022&nbsp;&nbsp;&nbsp;&nbsp;&nbsp;&nbsp;&nbsp;&nbsp;&nbsp; Mujeres: 11 millones, 111 mil 237 (53%)<\/p>\n\n\n\n<p class=\"wp-block-paragraph\">\u2022&nbsp;&nbsp;&nbsp;&nbsp;&nbsp;&nbsp;&nbsp;&nbsp;&nbsp; Hombres: 9 millones 726 mil 871 (47%)<\/p>\n","protected":false},"excerpt":{"rendered":"<p>Las personas que sufrieron una mayor carga global de ceguera y discapacidad visual fueron mujeres y mayores de 50 a\u00f1os: Global Burden of Disease\u00a0<\/p>\n","protected":false},"author":3,"featured_media":72843,"comment_status":"open","ping_status":"open","sticky":false,"template":"","format":"standard","meta":{"_monsterinsights_skip_tracking":false,"footnotes":""},"categories":[63],"tags":[],"class_list":["post-72840","post","type-post","status-publish","format-standard","has-post-thumbnail","category-reportajes"],"_links":{"self":[{"href":"https:\/\/redsemlac.com\/semmexico\/wp-json\/wp\/v2\/posts\/72840","targetHints":{"allow":["GET"]}}],"collection":[{"href":"https:\/\/redsemlac.com\/semmexico\/wp-json\/wp\/v2\/posts"}],"about":[{"href":"https:\/\/redsemlac.com\/semmexico\/wp-json\/wp\/v2\/types\/post"}],"author":[{"embeddable":true,"href":"https:\/\/redsemlac.com\/semmexico\/wp-json\/wp\/v2\/users\/3"}],"replies":[{"embeddable":true,"href":"https:\/\/redsemlac.com\/semmexico\/wp-json\/wp\/v2\/comments?post=72840"}],"version-history":[{"count":0,"href":"https:\/\/redsemlac.com\/semmexico\/wp-json\/wp\/v2\/posts\/72840\/revisions"}],"wp:featuredmedia":[{"embeddable":true,"href":"https:\/\/redsemlac.com\/semmexico\/wp-json\/wp\/v2\/media\/72843"}],"wp:attachment":[{"href":"https:\/\/redsemlac.com\/semmexico\/wp-json\/wp\/v2\/media?parent=72840"}],"wp:term":[{"taxonomy":"category","embeddable":true,"href":"https:\/\/redsemlac.com\/semmexico\/wp-json\/wp\/v2\/categories?post=72840"},{"taxonomy":"post_tag","embeddable":true,"href":"https:\/\/redsemlac.com\/semmexico\/wp-json\/wp\/v2\/tags?post=72840"}],"curies":[{"name":"wp","href":"https:\/\/api.w.org\/{rel}","templated":true}]}}