{"id":7280,"date":"2018-12-03T00:22:04","date_gmt":"2018-12-03T00:22:04","guid":{"rendered":"https:\/\/redsemlac.com\/semmexico\/?p=7280"},"modified":"2023-07-21T14:34:45","modified_gmt":"2023-07-21T19:34:45","slug":"miradas-de-reportero-15","status":"publish","type":"post","link":"https:\/\/redsemlac.com\/semmexico\/miradas-de-reportero-15\/","title":{"rendered":"Miradas de Reportero"},"content":{"rendered":"\n<p class=\"wp-block-paragraph\">Hoy, galardonado por su amplia trayectoria, \u201cse hab\u00edan tardado\u201d.<\/p>\n\n\n\n<h5 class=\"wp-block-heading\"> Algo m\u00e1s de lo que pocos saben del reportero Pepe Reveles<\/h5>\n\n\n\n<p class=\"wp-block-paragraph\"><a href=\"https:\/\/semmexico.com\/gallery-post.php?id=6530#\">Rogelio Hern\u00e1ndez<\/a><\/p>\n\n\n\n<p class=\"wp-block-paragraph\">SemM\u00e9xico. 03 de Diciembre 2018.- Ahora les comparto unas infidencias.<\/p>\n\n\n\n<p class=\"wp-block-paragraph\">1. Jos\u00e9 Reveles no usa Facebook. No lo necesita. Lo distrae demasiado, dice.<\/p>\n\n\n\n<p class=\"wp-block-paragraph\">&nbsp;El 1 de diciembre, entre el marem\u00e1gnum de informaci\u00f3n por el cambio de r\u00e9gimen presidencial, yo pegu\u00e9 all\u00ed una noticia de que el Comit\u00e9 Ciudadano por el Premio Nacional de Periodismo le hab\u00eda concedido el galard\u00f3n por trayectoria a Jos\u00e9 Reveles. \u201cSe hab\u00edan tardado\u201d, agregu\u00e9.<\/p>\n\n\n\n<p class=\"wp-block-paragraph\">Pepe ni cuenta se dio. Pero otros muchos lo supieron tambi\u00e9n por ese enlace y, en horas, 91 marcaron me gusta, 81 replicaron la nota y 21 le felicitaron sin darse cuenta que el muro no era suyo. Eso me empuj\u00f3 a ser su mensajero.<\/p>\n\n\n\n<p class=\"wp-block-paragraph\">Por la noche del d\u00eda que comenz\u00f3 la 4T, v\u00eda correo electr\u00f3nico, le mand\u00e9 a Reveles una toma de pantalla con todos los comentarios y aprovech\u00e9 para usar esa foto digital como tarjeta de felicitaci\u00f3n. Guaseamos de que tal premio ser\u00eda mejor si fuese acompa\u00f1ado de dinero en efectivo que buena falta nos hace.<\/p>\n\n\n\n<p class=\"wp-block-paragraph\">No le coment\u00e9 mi pensamiento de que, a pesar de todo ese es el m\u00e1s alto reconocimiento formal que puede tener un periodista: aceptaci\u00f3n de que es el mejor y m\u00e1s todav\u00eda cuando la mayor\u00eda de los premios que se anunciaron el 30 de noviembre fueron para j\u00f3venes periodistas de investigaci\u00f3n que difunden en web o sea en medios industrializados o convencionales, los m\u00e1s sujetos al mercado.<\/p>\n\n\n\n<p class=\"wp-block-paragraph\">2. Hace 10 meses, el 29 de enero, porque se me peg\u00f3 la gana, o sea sin motivo expl\u00edcito, escrib\u00ed para \u00e9sta columna algunas cosas que supuse poca gente conoc\u00eda de Reveles. Transcribo una parte:<\/p>\n\n\n\n<p class=\"wp-block-paragraph\">Muy pocos le conocen como Jos\u00e9 Leobardo Reveles Morado. Esto es porque en uno de los hemisferios de la comunicaci\u00f3n masiva, o sea el de la informaci\u00f3n period\u00edstica, se le ubica sencillamente como Pepe Reveles.<\/p>\n\n\n\n<p class=\"wp-block-paragraph\">Much\u00edsimos pol\u00edticos, militares, polic\u00edas, defensores de los derechos humanos y sobre todo periodistas sabemos que Pepe Reveles entr\u00f3 a la brega reporteril hace m\u00e1s de medio siglo, siempre investigando y corroborando los datos que solidifican sus trabajos. Por eso su mayor distintivo es que se conf\u00eda en \u00e9l y en la honestidad de sus piezas period\u00edsticas. La credibilidad es la mayor fortaleza de un periodista.<\/p>\n\n\n\n<p class=\"wp-block-paragraph\">Pero Reveles tiene un aspecto poco sabido. Ha sido \u2013y es\u2014muy consistente en la promoci\u00f3n del profesionalismo y defensa de sus pares. Estuvo en la creaci\u00f3n o desarrollo de entidades para el hacer al periodismo m\u00e1s equilibrado como en Cencos, o para su organizaci\u00f3n profesional como en la Uni\u00f3n de Periodistas Democr\u00e1ticos (UPD), o para su capacitaci\u00f3n como en la Academia para el Desarrollo Profesional de Periodistas (DESPER) o bien para la protecci\u00f3n de su integridad, como en la Casa de los Derechos de Periodistas (CDP).&nbsp; Y seguramente en otros organismos.<\/p>\n\n\n\n<p class=\"wp-block-paragraph\">Modesto y sencillo \u2013como es para el trato personal\u2013 en las muchas entrevistas que le han hecho en los a\u00f1os recientes no se autocalifica: \u201cs\u00f3lo soy reportero\u201d. No le a\u00f1ade apellidos a su perfil profesional porque tampoco acepta que le agreguen al periodismo adjetivos como de datos, de investigaci\u00f3n, social, ciudadano y as\u00ed. El periodismo es periodismo, bueno o malo, r\u00e9plica siempre.<\/p>\n\n\n\n<p class=\"wp-block-paragraph\">Por all\u00e1 en 1996, en el primer diplomado de actualizaci\u00f3n profesional para periodistas en la Universidad Iberoamericana, Pepe fue uno de los que imparti\u00f3 c\u00e1tedra. Como coordinador acad\u00e9mico lo present\u00e9 como el mejor periodista de investigaci\u00f3n de M\u00e9xico, pero \u00e9l repel\u00f3 en autom\u00e1tico: \u201creportero, nada m\u00e1s\u201d, corrigi\u00f3.<\/p>\n\n\n\n<p class=\"wp-block-paragraph\">Desde su salida de Proceso, donde fue Jefe de Informaci\u00f3n, cuando ya las p\u00e1ginas y tiempos en los medios de prensa tend\u00edan aceleradamente a la reducci\u00f3n, los grandes reportajes comenzaron a ser menospreciados por la tiran\u00eda del espacio, Pepe no se arredr\u00f3 y sigui\u00f3 haciendo sus pesquisas de largo aliento y logr\u00f3 difundirlas donde mejor cab\u00edan; as\u00ed se convirti\u00f3 pr\u00e1cticamente en uno de los pioneros en M\u00e9xico de publicar en libros sus investigaciones period\u00edsticas.<\/p>\n\n\n\n<p class=\"wp-block-paragraph\">Por eso ha escrito diez reportajes tan grandes que debieron hacerse libros o lo inverso. Ha redactado diez libros cuyo valor son los datos, la precisi\u00f3n, la historia de lo confirmado. Algunos son: La Quina \/ El lado oscuro del poder (en coautor\u00eda con Salvador Corro)&nbsp; \/ Las manos sucias del PAN \/ Las Historias m\u00e1s negras \/ Narco, impunidad y corrupci\u00f3n \/ El Chapo: entrega y traici\u00f3n.<\/p>\n\n\n\n<p class=\"wp-block-paragraph\">En la columna de enero escrib\u00ed&nbsp; algo de su extenso Curr\u00edculo y trat\u00e9 de explicar que es el periodista que m\u00e1s conoce y tiene el mejor pulso de los temas de seguridad, justicia, derechos humanos y por otro lado, sin buscar lucimiento personal es uno de los siempre activos por la mejor\u00eda y defensa de sus pares. Todo eso, en poco lo conocer\u00e1n m\u00e1s las pocas personas cercanas al periodismo mexicano que no sepan de Reveles.<\/p>\n\n\n\n<p class=\"wp-block-paragraph\">3.- Pero en la columna de enero me falt\u00f3 algo. Como se parafrasea a Kapu\u015bci\u0144ski, muy probablemente Reveles sean tan buen reportero y aceptado como periodista por gente de todas las tendencias porque es buena persona.<\/p>\n\n\n\n<p class=\"wp-block-paragraph\">Yo conozco un hecho que refleja esto. Y estoy seguro que lo saben demasiado pocos.<\/p>\n\n\n\n<p class=\"wp-block-paragraph\">En 1989, hac\u00edan pocos d\u00edas de la detenci\u00f3n espectacular de Jos\u00e9 Antonio Zorrilla P\u00e9rez, ex director de la Federal de Seguridad como presunto autor intelectual del asesinato del periodista Manuel Buend\u00eda. Pepe Reveles era entonces de los reporteros de Proceso \u2013donde era jefe de informaci\u00f3n&#8211; que hab\u00eda recopilado y publicado informaci\u00f3n suficiente del caso desde 1984.<\/p>\n\n\n\n<p class=\"wp-block-paragraph\">En la editorial Planeta, al responsable de buscar t\u00edtulos y autores era amigo cercano de Reveles y le propuso que hiciera un libro con todo lo que sab\u00eda. La respuesta de Pepe fue que sab\u00eda de otro reportero, este en Exc\u00e9lsior, que ten\u00eda mejores datos y prosa solvente \u2013Exc\u00e9lsior era satanizado por casi todos los de Proceso&#8211;. Pepe recomend\u00f3 que lo hiciera el otro reportero porque probablemente lo har\u00eda mejor. El mismo fue el encargado de propon\u00e9rselo; \u00e9ste, sin saber de su declinaci\u00f3n le pidi\u00f3 a Reveles y al editor que fuera \u00e9l quien le corrigiera el estilo las tres semanas en que se produjo el libro \u201cZorrilla, el imperio del Crimen\u201d. Se agot\u00f3 en unas pocas semanas y despu\u00e9s se vendieron 12 reimpresiones.<\/p>\n\n\n\n<p class=\"wp-block-paragraph\">El autor del libro supo del hecho que pintaba a Reveles con una gran honestidad intelectual y generosidad humana cuando el editor se lo cont\u00f3 despu\u00e9s. As\u00ed es, ha sido y seguir\u00e1 siendo Reveles. Una gran persona. Gracias Pepe.<\/p>\n","protected":false},"excerpt":{"rendered":"<p>Hoy, galardonado por su amplia trayectoria, \u201cse hab\u00edan tardado\u201d. Algo m\u00e1s de lo que pocos saben del reportero Pepe Reveles Rogelio Hern\u00e1ndez SemM\u00e9xico. 03 de Diciembre 2018.- Ahora les comparto unas infidencias. 1. Jos\u00e9 Reveles no usa Facebook. No lo necesita. Lo distrae demasiado, dice. &nbsp;El 1 de diciembre, entre el marem\u00e1gnum de informaci\u00f3n por [&hellip;]<\/p>\n","protected":false},"author":3,"featured_media":7234,"comment_status":"open","ping_status":"open","sticky":false,"template":"","format":"standard","meta":{"_monsterinsights_skip_tracking":false,"footnotes":""},"categories":[689,85],"tags":[],"class_list":["post-7280","post","type-post","status-publish","format-standard","has-post-thumbnail","category-689","category-rogelio-hernandez-lopez"],"_links":{"self":[{"href":"https:\/\/redsemlac.com\/semmexico\/wp-json\/wp\/v2\/posts\/7280","targetHints":{"allow":["GET"]}}],"collection":[{"href":"https:\/\/redsemlac.com\/semmexico\/wp-json\/wp\/v2\/posts"}],"about":[{"href":"https:\/\/redsemlac.com\/semmexico\/wp-json\/wp\/v2\/types\/post"}],"author":[{"embeddable":true,"href":"https:\/\/redsemlac.com\/semmexico\/wp-json\/wp\/v2\/users\/3"}],"replies":[{"embeddable":true,"href":"https:\/\/redsemlac.com\/semmexico\/wp-json\/wp\/v2\/comments?post=7280"}],"version-history":[{"count":0,"href":"https:\/\/redsemlac.com\/semmexico\/wp-json\/wp\/v2\/posts\/7280\/revisions"}],"wp:featuredmedia":[{"embeddable":true,"href":"https:\/\/redsemlac.com\/semmexico\/wp-json\/wp\/v2\/media\/7234"}],"wp:attachment":[{"href":"https:\/\/redsemlac.com\/semmexico\/wp-json\/wp\/v2\/media?parent=7280"}],"wp:term":[{"taxonomy":"category","embeddable":true,"href":"https:\/\/redsemlac.com\/semmexico\/wp-json\/wp\/v2\/categories?post=7280"},{"taxonomy":"post_tag","embeddable":true,"href":"https:\/\/redsemlac.com\/semmexico\/wp-json\/wp\/v2\/tags?post=7280"}],"curies":[{"name":"wp","href":"https:\/\/api.w.org\/{rel}","templated":true}]}}