{"id":7274,"date":"2018-12-17T00:17:47","date_gmt":"2018-12-17T00:17:47","guid":{"rendered":"https:\/\/redsemlac.com\/semmexico\/?p=7274"},"modified":"2023-07-21T14:34:41","modified_gmt":"2023-07-21T19:34:41","slug":"miradas-de-reportero-13","status":"publish","type":"post","link":"https:\/\/redsemlac.com\/semmexico\/miradas-de-reportero-13\/","title":{"rendered":"Miradas de reportero"},"content":{"rendered":"\n<p class=\"wp-block-paragraph\">\u2022 Sugerencias para reportear la pol\u00edtica de estos d\u00edas<\/p>\n\n\n\n<h5 class=\"wp-block-heading\"> El reporterismo es la actividad esencial y ocupa el escal\u00f3n m\u00e1s alto del periodismo<\/h5>\n\n\n\n<p class=\"wp-block-paragraph\"><a href=\"https:\/\/semmexico.com\/gallery-post.php?id=6665#\">Rogelio Hern\u00e1ndez<\/a><\/p>\n\n\n\n<p class=\"wp-block-paragraph\">SemM\u00e9xico, 17 diciembre 2018.- El reportero acept\u00f3 la invitaci\u00f3n de Dalia Reyes para impartir la asignatura&nbsp;<em>Periodismo Pol\u00edtico<\/em>&nbsp;en el \u00e1rea de posgrado de la Facultad de Comunicaci\u00f3n de la Universidad Aut\u00f3noma de Coahuila. El asunto se puso m\u00e1s interesante, para \u00e9l, cuando le informaron que los inscritos son periodistas en activo, que el curso es semipresencial y que su objetivo mayor es hacer ejercicios sobre la pol\u00edtica actual.<\/p>\n\n\n\n<p class=\"wp-block-paragraph\">&#8212;Esta invitaci\u00f3n es todo un reto \u2013pens\u00f3 el reportero, porque obliga a revisar los modos de reportear y entender a los pol\u00edticos, en momentos de aparentes cambios bruscos en todo el pa\u00eds.<\/p>\n\n\n\n<p class=\"wp-block-paragraph\">Ojal\u00e1 tuvieran oportunidades como \u00e9sta todos los periodistas, incluidos las decenas de opinadores que hacen columnas, art\u00edculos y\/o comentarios en televisi\u00f3n y radio y que, en lugar de ayudar a entender, rebosan de lugares comunes, manique\u00edsmo y ecolalia&#8211;, sonre\u00eda entusiasmado mientras hac\u00eda un ajuste al temario de la clase para enviarlo a la reportera de cultura, maestra y doctorante, Dalia Reyes, bien conocida en Coahuila.<\/p>\n\n\n\n<p class=\"wp-block-paragraph\"><strong>El reporterismo s\u00ed tiene m\u00e9todo<\/strong><\/p>\n\n\n\n<p class=\"wp-block-paragraph\">Las primera diez horas de las 44 del curso fueron presenciales y los primeros temas pasaron la prueba de aceptaci\u00f3n frente a los periodistas-alumnado, m\u00e1s un abogado hambriento de saber que tambi\u00e9n se inscribi\u00f3.<\/p>\n\n\n\n<p class=\"wp-block-paragraph\">El primer tema para taller&nbsp;<em>\u00bfD\u00f3nde est\u00e1 la nota?<\/em>&nbsp;sirve para demostrar que el reporterismo es la actividad esencial y ocupa el escal\u00f3n m\u00e1s alto del periodismo y no se entiende as\u00ed socialmente.<\/p>\n\n\n\n<p class=\"wp-block-paragraph\">Muy poca gente estima el valor social de las mujeres y hombres que reportean asuntos de inter\u00e9s p\u00fablico. Todos los d\u00edas hay muestras de ello: sobornos, descalificaciones, agresiones verbales o f\u00edsicas, maltrato laboral.<\/p>\n\n\n\n<p class=\"wp-block-paragraph\">En eso coincidimos todos los y las periodistas al hablar de nuestra profesi\u00f3n y tambi\u00e9n convergieron con ello los reporteros de Coahuila en esas dos primeras sesiones. All\u00ed pusimos como ejemplo, de esa devaluaci\u00f3n o falta de aprecio, que cuando asesinan a un periodista en M\u00e9xico (normalmente reportero de seguridad o de pol\u00edtica en alg\u00fan estado y con preparaci\u00f3n acad\u00e9mica deficiente) no hay manifestaciones sociales de protesta, como si sucede en otros pa\u00edses.<\/p>\n\n\n\n<p class=\"wp-block-paragraph\">El siguiente tema tambi\u00e9n fue para homologar la conclusi\u00f3n de que el reporterismo si tiene m\u00e9todo para recoger o aprehender la realidad y convertirla en un producto que no exist\u00eda: la noticia.<\/p>\n\n\n\n<p class=\"wp-block-paragraph\">Pocos colegas han reevaluado que su procedimiento cotidiano tiene los pasos del m\u00e9todo cient\u00edfico, desde recibir o asumir una orden o asignaci\u00f3n, documentarse o hurgar en sus archivos, salir a la calle a encontrar los datos m\u00e1s nuevos (reportero sin calle se rebaja a googlero), confirmaciones, verificaciones, an\u00e1lisis o evaluaci\u00f3n y luego la redacci\u00f3n o presentaci\u00f3n antes de que entregarla para ser difundida.<\/p>\n\n\n\n<p class=\"wp-block-paragraph\">Esas son las tres primeras sugerencias para reporteros:<\/p>\n\n\n\n<p class=\"wp-block-paragraph\">&#8211;Reevaluar el proceso de construcci\u00f3n de la nota<\/p>\n\n\n\n<p class=\"wp-block-paragraph\">&#8211;Revalorar que ocupan el escal\u00f3n m\u00e1s alto del periodismo (Musacchio dixit) y<\/p>\n\n\n\n<p class=\"wp-block-paragraph\">&#8211;Pulir, en la pr\u00e1ctica, el m\u00e9todo con las t\u00e9cnicas que lo complementan, para procesar toda la informaci\u00f3n y luego presentarla.<\/p>\n\n\n\n<p class=\"wp-block-paragraph\">El primer ejercicio que se pide en este curso-taller es una reflexi\u00f3n sobre s\u00ed mismos y cu\u00e1les son las pautas \u00e9ticas que aplican diariamente para hacer reporterismo.<\/p>\n\n\n\n<p class=\"wp-block-paragraph\"><strong>\u00bfY c\u00f3mo entender la pol\u00edtica de estos d\u00edas?<\/strong><\/p>\n\n\n\n<p class=\"wp-block-paragraph\">Los temas siguientes son tambi\u00e9n sugerencias para toda persona que tenga como actividad principal el reportear la pol\u00edtica. Le servir\u00e1n de gu\u00eda para repensar, revaluar o, conocer las categor\u00edas sociol\u00f3gicas indispensables para ubicar bien lo que ocurre en M\u00e9xico en estos d\u00edas:&nbsp;<em>sistemas, reg\u00edmenes y modelos socioecon\u00f3micos y pol\u00edticos<\/em>.<\/p>\n\n\n\n<p class=\"wp-block-paragraph\">Con el repaso de esas categor\u00edas y las corrientes sociol\u00f3gicas que las explican, se solicita hacer un reportaje sobre el R\u00e9gimen y modelo pol\u00edtico actual del estado (en este caso Coahuila), apoyados en la experiencia que todos los reporteros tienen en su entidad y en dos lecturas b\u00e1sicas:<\/p>\n\n\n\n<p class=\"wp-block-paragraph\">&#8211;La Constituci\u00f3n Pol\u00edtica de la entidad y<\/p>\n\n\n\n<p class=\"wp-block-paragraph\">&#8212;<em>En defensa de la Pol\u00edtica,<\/em>&nbsp;el libro que logra reivindicar extraordinariamente la actividad de la pol\u00edtica y a sus actores, en contraposici\u00f3n de las formas vulgarizadas y anacr\u00f3nicas de creer que la actividad es para \u201carreglos en lo oscurito\u201d o para vivales corruptores. Si hay pol\u00edticos serios, profesionales que saben el arte de hacer pol\u00edtica para evitar sus expresiones violentas (Bernard Crick, edit. Tusquetts). &nbsp;<\/p>\n\n\n\n<p class=\"wp-block-paragraph\">Las \u00faltimas sesiones son tambi\u00e9n, a juicio de este reportero, esenciales para la pr\u00e1ctica cotidiana de sus colegas.<\/p>\n\n\n\n<p class=\"wp-block-paragraph\">Se examina el fen\u00f3meno social y pol\u00edtico recurrente en M\u00e9xico desde la mitad del siglo anterior que ha sido el motor de los cambios y adecuaciones m\u00e1s trascendentes en la democracia mexicana: la resistencia social e insurgencias c\u00edvicas en los a\u00f1os 50, el 68, el 71, el 85, que produjeron las alternancias en la Presidencia de la Rep\u00fablica (PAN-PAN, PRI y Morena).<\/p>\n\n\n\n<p class=\"wp-block-paragraph\">Con esos enfoques se facilita entender que los resultados de los comicios, de julio reciente, no fueron por generaci\u00f3n espont\u00e1nea, sino por acumulaci\u00f3n de factores que permitieron el salto que hoy pocos opinadores entienden y si ayudan a confundir m\u00e1s.<\/p>\n\n\n\n<p class=\"wp-block-paragraph\">Igual se examinan los cambios y estadios en la pol\u00edtica de la entidad (en este caso Coahuila, del que algunos siguen diciendo que es netamente priista, no obstante que la coalici\u00f3n del movimiento Morena gan\u00f3 las senadur\u00edas y 5 de las 7 diputaciones federales contra todas las previsiones).<\/p>\n\n\n\n<p class=\"wp-block-paragraph\">Con todo eso, m\u00e1s los intercambios y experiencias de los alumnos seguramente saldr\u00e1n los dos trabajos finales del curso: una Cr\u00f3nica period\u00edstica del primer a\u00f1o del gobierno actual de Coahuila y su modelo de gesti\u00f3n y un reportaje cronicado (tipo tesina) con el eje:&nbsp;<em>la transici\u00f3n democr\u00e1tica en Coahuila y sus actores.<\/em><\/p>\n\n\n\n<p class=\"wp-block-paragraph\">Este reportero cree que todos sus pares ocupados en la cosa p\u00fablica debieran tener oportunidades de actualizar las formas, m\u00e9todos y g\u00e9neros m\u00e1s recientes para mejorar su nivel profesional y tambi\u00e9n opciones para que, con ayuda de las de las ciencias sociales, puedan disolver un poco del desconcierto que han provocado estos d\u00edas los torbellinos desatados por el Poder Ejecutivo Federal. Aqu\u00ed le dejo estas modestas sugerencias y mi disposici\u00f3n a compartir estos talleres con quien lo crea \u00fatil y necesario.<\/p>\n","protected":false},"excerpt":{"rendered":"<p>\u2022 Sugerencias para reportear la pol\u00edtica de estos d\u00edas El reporterismo es la actividad esencial y ocupa el escal\u00f3n m\u00e1s alto del periodismo Rogelio Hern\u00e1ndez SemM\u00e9xico, 17 diciembre 2018.- El reportero acept\u00f3 la invitaci\u00f3n de Dalia Reyes para impartir la asignatura&nbsp;Periodismo Pol\u00edtico&nbsp;en el \u00e1rea de posgrado de la Facultad de Comunicaci\u00f3n de la Universidad Aut\u00f3noma [&hellip;]<\/p>\n","protected":false},"author":3,"featured_media":7234,"comment_status":"open","ping_status":"open","sticky":false,"template":"","format":"standard","meta":{"_monsterinsights_skip_tracking":false,"footnotes":""},"categories":[689,85],"tags":[],"class_list":["post-7274","post","type-post","status-publish","format-standard","has-post-thumbnail","category-689","category-rogelio-hernandez-lopez"],"_links":{"self":[{"href":"https:\/\/redsemlac.com\/semmexico\/wp-json\/wp\/v2\/posts\/7274","targetHints":{"allow":["GET"]}}],"collection":[{"href":"https:\/\/redsemlac.com\/semmexico\/wp-json\/wp\/v2\/posts"}],"about":[{"href":"https:\/\/redsemlac.com\/semmexico\/wp-json\/wp\/v2\/types\/post"}],"author":[{"embeddable":true,"href":"https:\/\/redsemlac.com\/semmexico\/wp-json\/wp\/v2\/users\/3"}],"replies":[{"embeddable":true,"href":"https:\/\/redsemlac.com\/semmexico\/wp-json\/wp\/v2\/comments?post=7274"}],"version-history":[{"count":0,"href":"https:\/\/redsemlac.com\/semmexico\/wp-json\/wp\/v2\/posts\/7274\/revisions"}],"wp:featuredmedia":[{"embeddable":true,"href":"https:\/\/redsemlac.com\/semmexico\/wp-json\/wp\/v2\/media\/7234"}],"wp:attachment":[{"href":"https:\/\/redsemlac.com\/semmexico\/wp-json\/wp\/v2\/media?parent=7274"}],"wp:term":[{"taxonomy":"category","embeddable":true,"href":"https:\/\/redsemlac.com\/semmexico\/wp-json\/wp\/v2\/categories?post=7274"},{"taxonomy":"post_tag","embeddable":true,"href":"https:\/\/redsemlac.com\/semmexico\/wp-json\/wp\/v2\/tags?post=7274"}],"curies":[{"name":"wp","href":"https:\/\/api.w.org\/{rel}","templated":true}]}}