{"id":72705,"date":"2023-10-16T14:04:06","date_gmt":"2023-10-16T20:04:06","guid":{"rendered":"https:\/\/redsemlac.com\/semmexico\/?p=72705"},"modified":"2023-10-16T14:04:08","modified_gmt":"2023-10-16T20:04:08","slug":"america-latina-la-unica-region-con-una-agenda-que-clama-por-un-cambio-profundo-para-las-mujeres-maria-noel-vaeza","status":"publish","type":"post","link":"https:\/\/redsemlac.com\/semmexico\/america-latina-la-unica-region-con-una-agenda-que-clama-por-un-cambio-profundo-para-las-mujeres-maria-noel-vaeza\/","title":{"rendered":"Am\u00e9rica Latina la \u00fanica regi\u00f3n con una agenda que clama por un cambio profundo para las mujeres: Mar\u00eda Noel Vaeza"},"content":{"rendered":"\n<ul class=\"wp-block-list\">\n<li><strong>Acelerar la puesta en marcha del sistema de cuidados en los pa\u00edses de la regi\u00f3n: CEPAL<\/strong><strong><\/strong><\/li>\n<\/ul>\n\n\n\n<ul class=\"wp-block-list\">\n<li><strong>Una de cada 3 mujeres sin ingresos econ\u00f3micos en Am\u00e9rica Latina<\/strong><strong><\/strong><\/li>\n<\/ul>\n\n\n\n<p class=\"wp-block-paragraph\"><strong>Elda Montiel <\/strong><strong><\/strong><\/p>\n\n\n\n<p class=\"wp-block-paragraph\">SemM\u00e9xico. Ciudad de M\u00e9xico. 16 de octubre 2023.- Acelerar la aplicaci\u00f3n del Compromiso de Buenos Aires, relativos a &nbsp;pol\u00edticas y sistemas integrales de cuidados en todos los pa\u00edses de Am\u00e9rica Latina y el Caribe, y defender lo logrado por el movimiento de las mujeres analizaron las ministras de la Mujer reunidas en la 65\u00ba Reuni\u00f3n de la Mesa Directiva de la Conferencia Regional sobre la Mujer de Am\u00e9rica Latina y el Caribe.<\/p>\n\n\n\n<p class=\"wp-block-paragraph\">Abordaron tambi\u00e9n &nbsp;la oleada antidemocr\u00e1tica y baja participaci\u00f3n econ\u00f3mica de las mujeres &nbsp;en la regi\u00f3n.<\/p>\n\n\n\n<p class=\"wp-block-paragraph\">Llamaron &nbsp;a mantener la paz en el mundo y a defender a las mujeres, ni\u00f1os y ni\u00f1as v\u00edctimas en los conflictos, en cumplimiento de la resoluci\u00f3n 1325 (2000) del Consejo de Seguridad, y las dem\u00e1s resoluciones relativas a la agenda de mujeres, paz y seguridad, en voz de la ministra &nbsp;argentina Ayel\u00e9n Mazzina.<\/p>\n\n\n\n<p class=\"wp-block-paragraph\">Ayel\u00e9n Mazzina, en su calidad de Presidenta de la Mesa Directiva de la Conferencia Regional sobre la Mujer de Am\u00e9rica Latina y el Caribe, exhort\u00f3 a defender lo logrado, porque&nbsp; la institucionalidad de g\u00e9nero no se da en el vac\u00edo. Se da con un movimiento de mujeres organizado a nivel regional y con voluntad pol\u00edtica.<\/p>\n\n\n\n<p class=\"wp-block-paragraph\">\u201cLa institucionalidad ha puesto en el centro de las pol\u00edticas a las mujeres y diversidades: las ha posicionado como sujetos pol\u00edticos y de derechos y ha permitido que pasen de ser beneficiarias de las pol\u00edticas p\u00fablicas a ser las protagonistas\u201d.<\/p>\n\n\n\n<p class=\"wp-block-paragraph\">Agreg\u00f3 que \u201ccontamos con bases s\u00f3lidas para que ninguno de los derechos que hemos conseguido pueda ser vulnerado. Plante\u00f3 que, en un contexto de oleada antidemocr\u00e1tica, \u201cdebemos defender lo logrado y seguir avanzando\u201d.<\/p>\n\n\n\n<p class=\"wp-block-paragraph\">Mar\u00eda-Noel Vaeza, Directora Regional para las Am\u00e9ricas y el Caribe de la ONU-Mujeres destac\u00f3 que \u201cmejorar las condiciones de vida de las mujeres implica entender la pobreza como un concepto multidimensional, que est\u00e1 expresada particularmente en la pobreza de tiempo.<\/p>\n\n\n\n<p class=\"wp-block-paragraph\">Argument\u00f3 que la feminizaci\u00f3n de la pobreza supone la privaci\u00f3n de las mujeres del derecho a su nivel de vida, al bienestar y el derecho a vivir libre de violencias.<\/p>\n\n\n\n<p class=\"wp-block-paragraph\">Luego &nbsp;destac\u00f3 que Am\u00e9rica Latina es la \u00fanica regi\u00f3n del mundo que tiene una conferencia&nbsp; sobre la mujer como &nbsp;agenda&nbsp; permanente, que tiene detr\u00e1s a todas esas mujeres, ni\u00f1as y adolescentes que claman por un cambio profundo.&nbsp;&nbsp;&nbsp;<\/p>\n\n\n\n<p class=\"wp-block-paragraph\">El&nbsp;\u201cCompromiso de Buenos Aires\u201d, adoptado en 2022, buscando &nbsp;la sociedad del cuidado , dijo, es el paso m\u00e1s grande que se ha dado en la regi\u00f3n para avanzar en hacer justicia a las mujeres y reconocer que todas y todos tienen derechos al cuidado. Ahora es tiempo de avanzar en &nbsp;la implementaci\u00f3n y consolidaci\u00f3n de sistemas integrales de cuidados en todos los pa\u00edses de Am\u00e9rica Latina y el Caribe.<\/p>\n\n\n\n<p class=\"wp-block-paragraph\">El encuentro evaluar d\u00f3nde vamos y junto con sociedad civil, sector privado y organizaciones internacionales acelerar de forma efectiva el objetivo de la igualdad de g\u00e9nero y el empoderamiento de todas las mujeres de la regi\u00f3n y&nbsp; el mundo, como lo plantea &nbsp;la Agenda 2030.<\/p>\n\n\n\n<p class=\"wp-block-paragraph\">Daniel Titelman a nombre de la CEPAL refiri\u00f3 que acelerar la implementaci\u00f3n del \u201cCompromiso de Buenos Aires\u201d es una oportunidad para avanzar en pol\u00edticas p\u00fablicas para que mejoren la vida de las mujeres, las adolescentes y las ni\u00f1as. Lo que implica reconocer la injusta distribuci\u00f3n del trabajo de cuidados e impulsar pol\u00edticas de recuperaci\u00f3n con acciones afirmativas para el logro de la igualdad sustantiva.<\/p>\n\n\n\n<p class=\"wp-block-paragraph\">Invertir en la sociedad del cuidado constituye un cambio significativo y revitalizador que la regi\u00f3n requiere con premura para avanzar en igualdad de g\u00e9nero, generar empleo y la dinamizaci\u00f3n de la econom\u00eda en su conjunto.&nbsp;<\/p>\n\n\n\n<p class=\"wp-block-paragraph\">El encuentro se realiza para dar seguimiento a los compromisos de los pa\u00edses incluidos en la&nbsp;<a href=\"https:\/\/www.cepal.org\/es\/publicaciones\/47950-45-anos-agenda-regional-genero\">Agenda Regional de G\u00e9nero<\/a>&nbsp;desde hace 45 a\u00f1os, as\u00ed como en la Agenda 2030 para el Desarrollo Sostenible, respecto a la garant\u00eda de los derechos de las mujeres, las adolescentes y las ni\u00f1as en su diversidad, el ejercicio de su autonom\u00eda y el logro de la igualdad de g\u00e9nero.<\/p>\n\n\n\n<h2 class=\"wp-block-heading\"><strong>Una de cada 3 mujeres no tiene ingresos en Am\u00e9rica Latina <\/strong><strong><\/strong><\/h2>\n\n\n\n<p class=\"wp-block-paragraph\">Durante la apertura de la reuni\u00f3n, se dijo &nbsp;que la din\u00e1mica de bajo crecimiento del PIB y del empleo que arrastra Am\u00e9rica Latina y el Caribe est\u00e1 agravando las profundas desigualdades econ\u00f3micas y de g\u00e9nero observadas en distintas dimensiones, como participaci\u00f3n laboral, ingresos, persistencia de la pobreza, informalidad y acceso a los sistemas de protecci\u00f3n social.<\/p>\n\n\n\n<p class=\"wp-block-paragraph\">De acuerdo con datos de la CEPAL, la participaci\u00f3n laboral de los hombres en la regi\u00f3n (75,3 por ciento) es 20 puntos porcentuales superior a la de las mujeres (51,5 por ciento). Esto quiere decir que 1 de cada 2 mujeres est\u00e1 fuera de la fuerza de trabajo en Am\u00e9rica Latina y el Caribe, mientras&nbsp; el caso de los hombres la proporci\u00f3n es 1 de cada 4.<\/p>\n\n\n\n<p class=\"wp-block-paragraph\">En el caso de la tasa de desocupaci\u00f3n estimada para 2023, la diferencia es de tres puntos: 9,1 por ciento en las mujeres versus 6,2 por ciento en los hombres.<\/p>\n\n\n\n<p class=\"wp-block-paragraph\">Los indicadores del&nbsp;<a href=\"https:\/\/oig.cepal.org\/es\/indicadores\/proporcion-tiempo-dedicado-al-trabajo-domestico-cuidado-no-remunerado-desglosado-sexo\">Observatorio de Igualdad de G\u00e9nero de Am\u00e9rica Latina y el Caribe<\/a>, coordinado por la CEPAL, muestran c\u00f3mo, entre 2019 y 2021, el porcentaje de mujeres sin ingresos propios pas\u00f3 de un 26 por ciento a un 27,8 por ciento, es decir, creci\u00f3 1,8 puntos porcentuales.<\/p>\n\n\n\n<p class=\"wp-block-paragraph\">En el caso de los hombres, la poblaci\u00f3n sin ingresos propios creci\u00f3 1,6 puntos porcentuales, pero desde un nivel mucho m\u00e1s bajo: de un 11,2 por ciento a un 12,8 por ciento.&nbsp;<\/p>\n\n\n\n<p class=\"wp-block-paragraph\">Adicionalmente, subraya la CEPAL, el avance en las mediciones del uso del tiempo en la regi\u00f3n ha permitido mostrar que las mujeres dedican un 19,6 por ciento de su tiempo al trabajo dom\u00e9stico y de cuidados no remunerado, mientras que los hombres apenas un 7,3 por ciento. Es decir, ellas dedican a estas actividades casi el triple del tiempo que ellos.&nbsp;<\/p>\n\n\n\n<p class=\"wp-block-paragraph\">&nbsp;En al menos 10 pa\u00edses en los que se ha medido, el trabajo dom\u00e9stico y de cuidados no remunerado var\u00eda entre un 15,9 por ciento y un 27,6 por ciento del PIB. El 74 por ciento de ese aporte lo realizan las mujeres.<\/p>\n\n\n\n<p class=\"wp-block-paragraph\">En la 65\u00aa Reuni\u00f3n de la Mesa Directiva, las delegaciones intercambiaron puntos de vista sobre los avances en el cumplimiento del&nbsp;\u201cCompromiso de Buenos Aires\u201d&nbsp;y los temas a tratar en la XVI Conferencia Regional sobre la Mujer de Am\u00e9rica Latina y el Caribe, que se celebrar\u00e1 en M\u00e9xico en 2025.<\/p>\n\n\n\n<p class=\"wp-block-paragraph\">En el informe regional de ONU-Mujeres&nbsp;\u201c<a href=\"https:\/\/lac.unwomen.org\/es\/digital-library\/publications\/2023\/10\/fortaleciendo-la-gestion-de-las-finanzas-publicas-para-lograr-la-igualdad-de-genero-y-el-empoderamiento-de-las-mujeres\" target=\"_blank\" rel=\"noreferrer noopener\">Fortaleciendo la gesti\u00f3n de las finanzas p\u00fablicas para lograr la igualdad de g\u00e9nero y el empoderamiento de las mujeres. Avances y desaf\u00edos en Am\u00e9rica Latina\u201d<\/a> apenas 10 pa\u00edses reportaron contar con avances en los sistemas de seguimiento y asignaci\u00f3n de fondos p\u00fablicos para la igualdad de g\u00e9nero y el empoderamiento de las mujeres en l\u00ednea con el indicador 5.c.1 en la Agenda 2030. En este sentido, transformar y reforzar los sistemas, las instituciones y la financiaci\u00f3n es fundamental para erradicar la pobreza y lograr la igualdad de g\u00e9nero.<\/p>\n\n\n\n<p class=\"wp-block-paragraph\">La&nbsp;<a href=\"https:\/\/www.cepal.org\/es\/organos-subsidiarios\/conferencia-regional-la-mujer-america-latina-caribe\">Conferencia Regional sobre la Mujer de Am\u00e9rica Latina y el Caribe<\/a>, \u00f3rgano subsidiario de la CEPAL, es el principal foro intergubernamental sobre los derechos de las mujeres y la igualdad de g\u00e9nero en la regi\u00f3n.<\/p>\n","protected":false},"excerpt":{"rendered":"<p>Acelerar la puesta en marcha del sistema de cuidados en los pa\u00edses de la regi\u00f3n: CEPAL<\/p>\n","protected":false},"author":3,"featured_media":72706,"comment_status":"open","ping_status":"open","sticky":false,"template":"","format":"standard","meta":{"_monsterinsights_skip_tracking":false,"footnotes":""},"categories":[702],"tags":[],"class_list":["post-72705","post","type-post","status-publish","format-standard","has-post-thumbnail","category-economia"],"_links":{"self":[{"href":"https:\/\/redsemlac.com\/semmexico\/wp-json\/wp\/v2\/posts\/72705","targetHints":{"allow":["GET"]}}],"collection":[{"href":"https:\/\/redsemlac.com\/semmexico\/wp-json\/wp\/v2\/posts"}],"about":[{"href":"https:\/\/redsemlac.com\/semmexico\/wp-json\/wp\/v2\/types\/post"}],"author":[{"embeddable":true,"href":"https:\/\/redsemlac.com\/semmexico\/wp-json\/wp\/v2\/users\/3"}],"replies":[{"embeddable":true,"href":"https:\/\/redsemlac.com\/semmexico\/wp-json\/wp\/v2\/comments?post=72705"}],"version-history":[{"count":0,"href":"https:\/\/redsemlac.com\/semmexico\/wp-json\/wp\/v2\/posts\/72705\/revisions"}],"wp:featuredmedia":[{"embeddable":true,"href":"https:\/\/redsemlac.com\/semmexico\/wp-json\/wp\/v2\/media\/72706"}],"wp:attachment":[{"href":"https:\/\/redsemlac.com\/semmexico\/wp-json\/wp\/v2\/media?parent=72705"}],"wp:term":[{"taxonomy":"category","embeddable":true,"href":"https:\/\/redsemlac.com\/semmexico\/wp-json\/wp\/v2\/categories?post=72705"},{"taxonomy":"post_tag","embeddable":true,"href":"https:\/\/redsemlac.com\/semmexico\/wp-json\/wp\/v2\/tags?post=72705"}],"curies":[{"name":"wp","href":"https:\/\/api.w.org\/{rel}","templated":true}]}}