{"id":72702,"date":"2023-10-16T13:10:36","date_gmt":"2023-10-16T19:10:36","guid":{"rendered":"https:\/\/redsemlac.com\/semmexico\/?p=72702"},"modified":"2023-10-16T13:10:38","modified_gmt":"2023-10-16T19:10:38","slug":"cuba-audiovisuales-muestran-a-mujeres-en-industrias-culturales-y-creativas","status":"publish","type":"post","link":"https:\/\/redsemlac.com\/semmexico\/cuba-audiovisuales-muestran-a-mujeres-en-industrias-culturales-y-creativas\/","title":{"rendered":"Cuba: Audiovisuales muestran a mujeres en industrias culturales y creativas"},"content":{"rendered":"\n<p class=\"wp-block-paragraph\"><strong>&nbsp;Sara M\u00e1s*<\/strong><\/p>\n\n\n\n<p class=\"wp-block-paragraph\">SemM\u00e9xico\/Semlac, La Habana, Cuba, 16 de&nbsp; octubre, 2023.- Artistas del cine, la m\u00fasica o el baile; promotoras culturales, artesanas y otras que se desenvuelven en el amplio y diverso \u00e1mbito de la creatividad art\u00edstica y cultural, protagonizan una serie de breves audiovisuales en producci\u00f3n actualmente en Cuba.<\/p>\n\n\n\n<p class=\"wp-block-paragraph\"><em>Mujeres en las industrias creativas\u2026para el bienestar de otras mujeres<\/em>&nbsp;es el t\u00edtulo de esta serie de cinco cortos a cargo del Proyecto Palomas, Casa Productora de Audiovisuales para el Activismo Social, que circular\u00e1 pr\u00f3ximamente por redes sociales y algunos espacios de la televisi\u00f3n cubana.<\/p>\n\n\n\n<p class=\"wp-block-paragraph\"><br>Realizados y dirigidos por Lizette Villa, , Sergio Cabrera e Ingrid Le\u00f3n, los cortometrajes rondan los dos minutos de duraci\u00f3n y en ese breve tiempo se adentran en los sue\u00f1os, proyectos y experiencias de cubanas de diversas generaciones y procedencias que desarrollan sus propios proyectos creativos e inspiran, no siempre de forma consciente, a otras mujeres.<\/p>\n\n\n\n<p class=\"wp-block-paragraph\">\u00abUna de las ideas que nos proponemos es resaltar esas industrias como nuevo espacio de crecimiento, no s\u00f3lo cultural, sino tambi\u00e9n econ\u00f3mico\u00bb, precis\u00f3 a SEMlac Sergio Cabrera, coordinador general de Palomas.<\/p>\n\n\n\n<p class=\"wp-block-paragraph\"><br>Se trata de un tema que no se ha visibilizado suficientemente en Cuba, \u00abal punto de que varias de las mujeres que desarrollan estas industrias no est\u00e1n conscientes de ello, no se sienten parte de ese tipo de experiencias, no lo saben\u00bb, coment\u00f3. Ello se debe tambi\u00e9n a que los proyectos de este tipo m\u00e1s conocidos y visibilizados son los que est\u00e1n liderados por hombres, precis\u00f3 Cabrera. Para Lizette Vila, fundadora y directora de Palomas, uno de los aspectos m\u00e1s interesantes y valiosos de la presencia de las mujeres en las industrias culturales y creativas es, precisamente, el beneficio que genera a otras mujeres.<\/p>\n\n\n\n<p class=\"wp-block-paragraph\">\u00abPor una parte, est\u00e1 el valor econ\u00f3mico de esas industrias, expresado en la producci\u00f3n de bienes y servicios; pero tambi\u00e9n hay que considerar que tienen una consecuencia social importante, porque con su labor pueden introducirse en comunidades, instituciones, centros estudiantiles y diversos espacios de la sociedad\u00bb, reflexion\u00f3 Vila.<\/p>\n\n\n\n<p class=\"wp-block-paragraph\">La realizadora destac\u00f3 la potencialidad, el arrojo, la creatividad, fuerza y resiliencia innovadora que se forja desde las mujeres y las iniciativas que llevan adelante.<br>Los cortos miran, igualmente, hacia diversos sectores econ\u00f3micos, porque estas industrias no son exclusivas del sector privado, sino que involucran tambi\u00e9n a los \u00e1mbitos estatales e impulsan iniciativas de desarrollo local.<\/p>\n\n\n\n<p class=\"wp-block-paragraph\">Entre las protagonistas elegidas por Palomas est\u00e1n Kira Romero Telso, ingeniera civil y creadora de la tienda Firdaus, dedicada a las gemas en la central provincia de Camag\u00fcey; Karla Dedieu D\u00edaz &#8211; Albertini, titular de Chulita Teje, en la capital cubana; ambas de 36 a\u00f1os de edad, y Malena Roche Par\u00e9s, de 34 a\u00f1os, soci\u00f3loga y directora del espacio Habana Espacios Creativos, en el centro hist\u00f3rico de la capital.<\/p>\n\n\n\n<p class=\"wp-block-paragraph\"><br>Tambi\u00e9n se incluye a dos de las directoras del proyecto sociocultural y comunitario Lo llevamos rizo: Annia Liz de Armas Valido, de 30 a\u00f1os y licenciada en Historia, y Juli\u00e9 Arianne P\u00e9rez Vive, inform\u00e1tica de 33 a\u00f1os; as\u00ed como a Lilian Triana Regueiro, m\u00e1ster en Ciencias Econ\u00f3micas de 40 a\u00f1os y una de las l\u00edderes de Four Wives, emprendimiento<\/p>\n\n\n\n<p class=\"wp-block-paragraph\">La propuesta de estos cortos audiovisuales viene a suplir, en parte, la falta de informaci\u00f3n sobre este tipo de proyectos, en los cuales las mujeres est\u00e1n subrepresentadas, en el mundo y en la naci\u00f3n caribe\u00f1a, agreg\u00f3 la realizadora audiovisual.<br>Vila precis\u00f3 que esta obra audiovisual es, adem\u00e1s, un aporte de Palomas al Programa Nacional para el Adelanto de las Mujeres PAM, ya que aborda un tema que puede ser eje importante en la igualdad y los derechos econ\u00f3micos de las cubanas.<\/p>\n\n\n\n<p class=\"wp-block-paragraph\">\u00abSe trata de mujeres que involucran e inspiran a otras e impulsan proyectos de emancipaci\u00f3n. Emanciparnos es tambi\u00e9n ver bien claro qu\u00e9 dejar atr\u00e1s para lograr una ruptura total de las deudas sociales. Ese cambio no tiene que ser progresivo, sino radical: para que esto que las cubanas so\u00f1amos y deseamos tenga de verdad espacio y soluciones concretas\u00bb, reflexion\u00f3 la directora de Palomas.<br><em>Mujeres en las industrias creativas\u2026para el bienestar de otras mujeres<\/em>&nbsp;cuenta con la colaboraci\u00f3n del Centro F\u00e9lix Varela, la Agencia Suiza para el Desarrollo y la Cooperaci\u00f3n, el Instituto Cubano de Arte e Industria Cinematogr\u00e1ficos, el Fondo de Poblaci\u00f3n de las Naciones Unidas y el PAM.<\/p>\n\n\n\n<p class=\"wp-block-paragraph\">Como trabajo conjunto, busca desarrollar conciencia sobre los valores de las industrias culturales y creativas organizadas por mujeres y el impacto que pueden tener, como capital material y simb\u00f3lico, desde la sororidad y el activismo, como elemento emancipatorio, liberador y de transformaci\u00f3n de los espacios privados y p\u00fablicos.<\/p>\n\n\n\n<p class=\"wp-block-paragraph\">Por m\u00e1s de 20 a\u00f1os, Palomas ha acompa\u00f1ado los destinos de las mujeres cubanas mediante una obra que incluye m\u00e1s de 80 audiovisuales, parte de su vocaci\u00f3n humanista, con una labor de transformaci\u00f3n social desde las demandas y la&nbsp;reparaci\u00f3n.<\/p>\n\n\n\n<p class=\"wp-block-paragraph\"><em>*<\/em><a href=\"mailto:masfarias5@gmail.com\"><em>masfarias5@gmail.com<\/em><\/a><em>)<\/em><\/p>\n","protected":false},"excerpt":{"rendered":"<p>Artistas del cine, la m\u00fasica o el baile; promotoras culturales, artesanas y otras que se desenvuelven en el amplio y diverso \u00e1mbito de la creatividad art\u00edstica y cultural, protagonizan una serie de breves audiovisuales en producci\u00f3n actualmente en Cuba.<\/p>\n","protected":false},"author":3,"featured_media":72703,"comment_status":"open","ping_status":"open","sticky":false,"template":"","format":"standard","meta":{"_monsterinsights_skip_tracking":false,"footnotes":""},"categories":[45,46],"tags":[],"class_list":["post-72702","post","type-post","status-publish","format-standard","has-post-thumbnail","category-cultura","category-cultura-cultura"],"_links":{"self":[{"href":"https:\/\/redsemlac.com\/semmexico\/wp-json\/wp\/v2\/posts\/72702","targetHints":{"allow":["GET"]}}],"collection":[{"href":"https:\/\/redsemlac.com\/semmexico\/wp-json\/wp\/v2\/posts"}],"about":[{"href":"https:\/\/redsemlac.com\/semmexico\/wp-json\/wp\/v2\/types\/post"}],"author":[{"embeddable":true,"href":"https:\/\/redsemlac.com\/semmexico\/wp-json\/wp\/v2\/users\/3"}],"replies":[{"embeddable":true,"href":"https:\/\/redsemlac.com\/semmexico\/wp-json\/wp\/v2\/comments?post=72702"}],"version-history":[{"count":0,"href":"https:\/\/redsemlac.com\/semmexico\/wp-json\/wp\/v2\/posts\/72702\/revisions"}],"wp:featuredmedia":[{"embeddable":true,"href":"https:\/\/redsemlac.com\/semmexico\/wp-json\/wp\/v2\/media\/72703"}],"wp:attachment":[{"href":"https:\/\/redsemlac.com\/semmexico\/wp-json\/wp\/v2\/media?parent=72702"}],"wp:term":[{"taxonomy":"category","embeddable":true,"href":"https:\/\/redsemlac.com\/semmexico\/wp-json\/wp\/v2\/categories?post=72702"},{"taxonomy":"post_tag","embeddable":true,"href":"https:\/\/redsemlac.com\/semmexico\/wp-json\/wp\/v2\/tags?post=72702"}],"curies":[{"name":"wp","href":"https:\/\/api.w.org\/{rel}","templated":true}]}}