{"id":72694,"date":"2023-10-16T12:58:50","date_gmt":"2023-10-16T18:58:50","guid":{"rendered":"https:\/\/redsemlac.com\/semmexico\/?p=72694"},"modified":"2023-10-16T12:58:52","modified_gmt":"2023-10-16T18:58:52","slug":"cifras-avance-historico-de-la-participacion-de-las-mujeres-en-el-senado-de-la-republica","status":"publish","type":"post","link":"https:\/\/redsemlac.com\/semmexico\/cifras-avance-historico-de-la-participacion-de-las-mujeres-en-el-senado-de-la-republica\/","title":{"rendered":"Cifras| Avance hist\u00f3rico de la participaci\u00f3n de las\u00a0mujeres en el Senado de la Rep\u00fablica"},"content":{"rendered":"\n<ul class=\"wp-block-list\">\n<li><strong>Avance hist\u00f3rico de la participaci\u00f3n de las\u00a0mujeres en la C\u00e1mara de Diputadas y Diputados<\/strong><\/li>\n\n\n\n<li><strong>Avance hist\u00f3rico de la participaci\u00f3n de las\u00a0mujeres en el Senado de la Rep\u00fablica<\/strong><\/li>\n<\/ul>\n\n\n\n<p class=\"wp-block-paragraph\"><strong>Participaci\u00f3n pol\u00edtica en cifras<\/strong>.<\/p>\n\n\n\n<p class=\"wp-block-paragraph\">Fuente: Revisi\u00f3n de Congresos Locales.<\/p>\n\n\n\n<p class=\"wp-block-paragraph\">Elaboraci\u00f3n propia (Direcci\u00f3n de la Pol\u00edtica Nacional de Igualdad en el \u00e1mbito Pol\u00edtico y Social)<\/p>\n\n\n\n<figure class=\"wp-block-gallery has-nested-images columns-1 is-cropped wp-block-gallery-1 is-layout-flex wp-block-gallery-is-layout-flex\">\n<figure class=\"wp-block-image size-large\"><a href=\"https:\/\/redsemlac.com\/semmexico\/wp-content\/uploads\/2023\/10\/Imagen9-3.png\"><img decoding=\"async\" data-id=\"72696\" src=\"https:\/\/redsemlac.com\/semmexico\/wp-content\/uploads\/2023\/10\/Imagen9-3-1024x477.png\" alt=\"\" class=\"wp-image-72696\"\/><\/a><\/figure>\n\n\n\n<figure class=\"wp-block-image size-large\"><a href=\"https:\/\/redsemlac.com\/semmexico\/wp-content\/uploads\/2023\/10\/Imagen10-2.png\"><img decoding=\"async\" data-id=\"72695\" src=\"https:\/\/redsemlac.com\/semmexico\/wp-content\/uploads\/2023\/10\/Imagen10-2-1024x424.png\" alt=\"\" class=\"wp-image-72695\"\/><\/a><\/figure>\n\n\n\n<figure class=\"wp-block-image size-large\"><a href=\"https:\/\/redsemlac.com\/semmexico\/wp-content\/uploads\/2023\/10\/Imagen11-1.png\"><img decoding=\"async\" data-id=\"72697\" src=\"https:\/\/redsemlac.com\/semmexico\/wp-content\/uploads\/2023\/10\/Imagen11-1-1024x487.png\" alt=\"\" class=\"wp-image-72697\"\/><\/a><\/figure>\n<\/figure>\n","protected":false},"excerpt":{"rendered":"<p>Participaci\u00f3n pol\u00edtica en cifras.<\/p>\n","protected":false},"author":3,"featured_media":72697,"comment_status":"open","ping_status":"open","sticky":false,"template":"","format":"standard","meta":{"_monsterinsights_skip_tracking":false,"footnotes":""},"categories":[27],"tags":[228],"class_list":["post-72694","post","type-post","status-publish","format-standard","has-post-thumbnail","category-cobertura-especial","tag-elecciones"],"_links":{"self":[{"href":"https:\/\/redsemlac.com\/semmexico\/wp-json\/wp\/v2\/posts\/72694","targetHints":{"allow":["GET"]}}],"collection":[{"href":"https:\/\/redsemlac.com\/semmexico\/wp-json\/wp\/v2\/posts"}],"about":[{"href":"https:\/\/redsemlac.com\/semmexico\/wp-json\/wp\/v2\/types\/post"}],"author":[{"embeddable":true,"href":"https:\/\/redsemlac.com\/semmexico\/wp-json\/wp\/v2\/users\/3"}],"replies":[{"embeddable":true,"href":"https:\/\/redsemlac.com\/semmexico\/wp-json\/wp\/v2\/comments?post=72694"}],"version-history":[{"count":0,"href":"https:\/\/redsemlac.com\/semmexico\/wp-json\/wp\/v2\/posts\/72694\/revisions"}],"wp:featuredmedia":[{"embeddable":true,"href":"https:\/\/redsemlac.com\/semmexico\/wp-json\/wp\/v2\/media\/72697"}],"wp:attachment":[{"href":"https:\/\/redsemlac.com\/semmexico\/wp-json\/wp\/v2\/media?parent=72694"}],"wp:term":[{"taxonomy":"category","embeddable":true,"href":"https:\/\/redsemlac.com\/semmexico\/wp-json\/wp\/v2\/categories?post=72694"},{"taxonomy":"post_tag","embeddable":true,"href":"https:\/\/redsemlac.com\/semmexico\/wp-json\/wp\/v2\/tags?post=72694"}],"curies":[{"name":"wp","href":"https:\/\/api.w.org\/{rel}","templated":true}]}}