{"id":72681,"date":"2023-10-16T12:41:20","date_gmt":"2023-10-16T18:41:20","guid":{"rendered":"https:\/\/redsemlac.com\/semmexico\/?p=72681"},"modified":"2023-10-16T12:41:21","modified_gmt":"2023-10-16T18:41:21","slug":"opinion-el-derecho-a-ser-votadas-70-aniversario","status":"publish","type":"post","link":"https:\/\/redsemlac.com\/semmexico\/opinion-el-derecho-a-ser-votadas-70-aniversario\/","title":{"rendered":"Opini\u00f3n| El derecho a ser votadas: 70 aniversario"},"content":{"rendered":"\n<p class=\"wp-block-paragraph\"><strong>Ang\u00e9lica de la Pe\u00f1a<\/strong><\/p>\n\n\n\n<p class=\"wp-block-paragraph\">SemM\u00e9xico, Ciudad de M\u00e9xico, 16 de octubre, 2023.- El 17 de octubre de 1953 finalmente se logra que la Constituci\u00f3n Pol\u00edtica establezca el derecho de las mujeres a votar y a ser votadas.<\/p>\n\n\n\n<p class=\"wp-block-paragraph\">Hubo que pasar tres sexenios, si tomamos en cuenta que el primer decreto de 1937 no fue publicado en el Diario Oficial de la Federaci\u00f3n, porque el presidente L\u00e1zaro C\u00e1rdenas, no lo hizo.<\/p>\n\n\n\n<p class=\"wp-block-paragraph\">Se dice se dej\u00f3 llevar por la grilla de que las mujeres ser\u00edan manipuladas por la Iglesia Cat\u00f3lica al emitir su voto. Intriga mis\u00f3gina, que retras\u00f3 esta garant\u00eda.<\/p>\n\n\n\n<p class=\"wp-block-paragraph\">Sin embargo, el solo precepto constitucional no garantiz\u00f3 que las mujeres estuviesen en la boleta electoral en igualdad de condiciones que los hombres. Hubo que promover reformas para obligar, primero a cuotas, y luego concretar la paridad.<\/p>\n\n\n\n<p class=\"wp-block-paragraph\">La primera reforma para candidaturas paritarias entre mujeres y hombres para los congresos locales y de la Uni\u00f3n fue en 2014 y paridad en todo fue en 2019. Y a\u00fan muchos hombres siguen identificando a las mujeres como propias para las tareas dom\u00e9sticas, o para tareas subalternas. Y si de elecciones se trata, ahora que los partidos pol\u00edticos est\u00e1n obligados a incluir mujeres en un 50 por ciento pues resulta que no hay mujeres competitivas para ocupar esos encargos.<\/p>\n\n\n\n<p class=\"wp-block-paragraph\">En este aniversario, tenemos otro frente que atender, y tiene que ver con las decisiones que est\u00e1n tomando en el INE y en el TEPJF. En los organismos electorales y jurisdiccionales en materia electoral, siempre hay voces que intentan suavizar las sanciones a los partidos pol\u00edticos o a funcionarios frente a denuncias por violencia pol\u00edtica contra las mujeres, o de otra \u00edndole.<\/p>\n\n\n\n<p class=\"wp-block-paragraph\">Por eso en el marco de esta conmemoraci\u00f3n, debemos poner en la mesa las dificultades reales que enfrentan las mujeres al pretender competir o al observar c\u00f3mo algunos hombres se ufanan de ser violentadores de mujeres o desobligados de alimentos de sus hijos e hijas, y pueden ser candidatos como si nada.<\/p>\n\n\n\n<p class=\"wp-block-paragraph\">Esto est\u00e1 pasando con la 3 de 3 contra la violencia. Tanto el INE como la Sala Superior del Tribunal Electoral interpretan la Constituci\u00f3n y las leyes no de manera progresiva, como debiera ser por tratarse de derechos humanos de las mujeres. Para los magistrados electorales en el que un se\u00f1or est\u00e9 en el registro de personas sancionadas por violencia pol\u00edtica de g\u00e9nero o por no cumplir con los alimentos de su familia, no es suficiente para no ser reelectos o candidatos. Solo proceder\u00eda, dicen, si son sancionados penalmente.<\/p>\n\n\n\n<p class=\"wp-block-paragraph\">Esto me lleva a lanzar dudas razonables a las autoridades electorales: al se\u00f1alarle a un se\u00f1or que no puede ser candidato porque es un deudor de alimentos, no se le sanciona con una medida penal, no se le priva de la libertad. Lo que se le se\u00f1ala a ese se\u00f1or es que no puede, no tiene la potestad legal y moral, para representar a la sociedad en un encargo de representaci\u00f3n pol\u00edtica. Si esa persona est\u00e1 en un proceso judicial que a\u00fan no llega a t\u00e9rmino, eso es otra cosa. Lo que se se\u00f1ala en la 3 de 3 es que no es un ciudadano ejemplar, ha cometido il\u00edcitos. Alertamos es un error, otorgarle a priori, a un violentador o deudor, fuero, para rehuir a la justicia.<\/p>\n\n\n\n<p class=\"wp-block-paragraph\">Conviene que las autoridades electorales, discutan desde el proceso hist\u00f3rico de los derechos de las mujeres a ser votadas, que tiene que ver tambi\u00e9n con la vindicaci\u00f3n de la pol\u00edtica. Por eso la conmemoraci\u00f3n del sufragio de las mujeres no puede ser una fiesta. Porque todav\u00eda hay pendientes para que haya justicia.<\/p>\n\n\n\n<p class=\"wp-block-paragraph\"><strong><em>*Defensora de derechos humanos<\/em><\/strong><\/p>\n","protected":false},"excerpt":{"rendered":"<p>El 17 de octubre de 1953 finalmente se logra que la Constituci\u00f3n Pol\u00edtica establezca el derecho de las mujeres a votar y a ser votadas.<\/p>\n","protected":false},"author":3,"featured_media":70898,"comment_status":"open","ping_status":"open","sticky":false,"template":"","format":"standard","meta":{"_monsterinsights_skip_tracking":false,"footnotes":""},"categories":[725,35],"tags":[149,459],"class_list":["post-72681","post","type-post","status-publish","format-standard","has-post-thumbnail","category-angelica-de-la-pena","category-opinion","tag-mujeres","tag-opinion"],"_links":{"self":[{"href":"https:\/\/redsemlac.com\/semmexico\/wp-json\/wp\/v2\/posts\/72681","targetHints":{"allow":["GET"]}}],"collection":[{"href":"https:\/\/redsemlac.com\/semmexico\/wp-json\/wp\/v2\/posts"}],"about":[{"href":"https:\/\/redsemlac.com\/semmexico\/wp-json\/wp\/v2\/types\/post"}],"author":[{"embeddable":true,"href":"https:\/\/redsemlac.com\/semmexico\/wp-json\/wp\/v2\/users\/3"}],"replies":[{"embeddable":true,"href":"https:\/\/redsemlac.com\/semmexico\/wp-json\/wp\/v2\/comments?post=72681"}],"version-history":[{"count":0,"href":"https:\/\/redsemlac.com\/semmexico\/wp-json\/wp\/v2\/posts\/72681\/revisions"}],"wp:featuredmedia":[{"embeddable":true,"href":"https:\/\/redsemlac.com\/semmexico\/wp-json\/wp\/v2\/media\/70898"}],"wp:attachment":[{"href":"https:\/\/redsemlac.com\/semmexico\/wp-json\/wp\/v2\/media?parent=72681"}],"wp:term":[{"taxonomy":"category","embeddable":true,"href":"https:\/\/redsemlac.com\/semmexico\/wp-json\/wp\/v2\/categories?post=72681"},{"taxonomy":"post_tag","embeddable":true,"href":"https:\/\/redsemlac.com\/semmexico\/wp-json\/wp\/v2\/tags?post=72681"}],"curies":[{"name":"wp","href":"https:\/\/api.w.org\/{rel}","templated":true}]}}