{"id":72677,"date":"2023-10-16T12:39:36","date_gmt":"2023-10-16T18:39:36","guid":{"rendered":"https:\/\/redsemlac.com\/semmexico\/?p=72677"},"modified":"2023-10-16T12:39:38","modified_gmt":"2023-10-16T18:39:38","slug":"cuba-las-mujeres-rurales-y-el-trabajo-que-no-se-ve","status":"publish","type":"post","link":"https:\/\/redsemlac.com\/semmexico\/cuba-las-mujeres-rurales-y-el-trabajo-que-no-se-ve\/","title":{"rendered":"Cuba: Las mujeres rurales y el trabajo que no se ve"},"content":{"rendered":"\n<ul class=\"wp-block-list\">\n<li><strong>15 de octubre D\u00eda Internacional de la Mujer Rural<\/strong><strong><\/strong><\/li>\n\n\n\n<li><strong>M\u00e1s del&nbsp; 60 por ciento de las cubanas del campo no tienen un v\u00ednculo laboral formal, lo que no significa&nbsp; que no trabajen<\/strong><strong><\/strong><\/li>\n<\/ul>\n\n\n\n<p class=\"wp-block-paragraph\"><br><strong>&nbsp;Dixie Edith<\/strong><strong><\/strong><\/p>\n\n\n\n<p class=\"wp-block-paragraph\">SemM\u00e9xico\/Semlac, La Habana, Cuba, 16 de octubre, 2023.- Baja participaci\u00f3n en el empleo remunerado y una carga excesiva de labores dom\u00e9sticas clasifican entre las brechas fundamentales que, en materia de derechos, frenan el desarrollo de las mujeres rurales cubanas, coinciden cifras e investigaciones diversas.<\/p>\n\n\n\n<p class=\"wp-block-paragraph\">Seg\u00fan el Anuario Estad\u00edstico de Cuba 2022, ellas representan apenas el 18,5 por ciento de las personas que se dedican a la agricultura, la ganader\u00eda, la caza y la silvicultura.<br>En tanto, el m\u00e1s reciente informe sobre desarrollo humano y cuarto publicado en el pa\u00eds asevera que, si bien las mujeres representaban en 2019 el 46,3 por ciento de la poblaci\u00f3n rural, s\u00f3lo eran el 26,1 por ciento de la fuerza laboral econ\u00f3micamente activa en esas zonas.<\/p>\n\n\n\n<p class=\"wp-block-paragraph\">Bajo el t\u00edtulo \u201cAscenso a la ra\u00edz. La perspectiva local del Desarrollo Humano en Cuba 2019\u201d, el texto advierte que m\u00e1s del 60 por ciento de las cubanas que viven en los campos no tienen un v\u00ednculo laboral formal, pero eso no significa, necesariamente, que no trabajen.<br>\u00abLas mujeres vinculadas a los espacios agro productivos dedican mucho tiempo al cuidado de los animales, de los huertos familiares o a la elaboraci\u00f3n de alimentos, labores que forman parte de todo ese trabajo reproductivo que no se ve, no se paga; pero existe y sostiene la vida\u00bb, considera la investigadora feminista&nbsp;Georgina Alfonso, directora del Instituto de Filosof\u00eda.<\/p>\n\n\n\n<p class=\"wp-block-paragraph\">Los datos lo confirman. El citado estudio sobre desarrollo humano refiere que la tasa de participaci\u00f3n de las mujeres rurales en trabajos no remunerados es de m\u00e1s del 98 por ciento, lo que representa el 80 por ciento de su tiempo personal.<br>\u00abCuando se habla de garantizar a nivel de pa\u00eds la seguridad alimentaria, por ejemplo, se llega hasta la siembra y la cosecha; pero casi nunca se habla de la parte de elaboraci\u00f3n y conservaci\u00f3n de los alimentos, que son los aportes de las mujeres a ese proceso esencial, pero est\u00e1n naturalizados por la divisi\u00f3n sexual del trabajo\u00bb, reflexiona Alfonso.<br><\/p>\n\n\n\n<h2 class=\"wp-block-heading\"><strong>Zancadillas para llegar al surco<\/strong><\/h2>\n\n\n\n<p class=\"wp-block-paragraph\">La rudeza de la labor agr\u00edcola, las malas condiciones de trabajo, los bajos salarios con que se remunera a los empleos considerados \u00abt\u00edpicamente femeninos\u00bb, la sobrecarga de responsabilidades dom\u00e9sticas y, en general, las tareas de cuidado representan importantes barreras para su incorporaci\u00f3n al sector agropecuario, coincide el estudio \u201cCondici\u00f3n y posici\u00f3n de las mujeres rurales en Cuba\u201d&nbsp; Desarrollado por las investigadoras Miriam Garc\u00eda, Yenisei Bombino, Betsy Anaya y Dayma Echevarr\u00eda, se trata de un an\u00e1lisis sobre el impacto, en este sector de la poblaci\u00f3n, del proceso de actualizaci\u00f3n del modelo econ\u00f3mico y social implementado en la naci\u00f3n caribe\u00f1a desde 2011.<br>Para que una mujer pueda incorporarse a las tareas productivas o participar en procesos de liderazgo, tambi\u00e9n hay que pensar \u00aben servicios de apoyo al hogar que alivien las dif\u00edciles condiciones que tiene hoy el pa\u00eds y le permitan equilibrar esas cargas dom\u00e9sticas\u00bb, opina Aurelia Castellanos Quintero, presidenta de la filial capitalina de la Asociaci\u00f3n Cubana de Producci\u00f3n Animal (Acpa).<\/p>\n\n\n<div class=\"wp-block-image\">\n<figure class=\"aligncenter size-full\"><a href=\"https:\/\/redsemlac.com\/semmexico\/wp-content\/uploads\/2023\/10\/Imagen1-10.jpg\"><img loading=\"lazy\" decoding=\"async\" width=\"643\" height=\"368\" src=\"https:\/\/redsemlac.com\/semmexico\/wp-content\/uploads\/2023\/10\/Imagen1-10.jpg\" alt=\"\" class=\"wp-image-72678\"\/><\/a><\/figure>\n<\/div>\n\n\n<p class=\"wp-block-paragraph\"><br>En tanto, la psic\u00f3loga Vilma Hidalgo L\u00f3pez-Ch\u00e1vez considera que las desventajas de g\u00e9nero se expresan tambi\u00e9n en la escasa \u00abparticipaci\u00f3n en formas de propiedad de mejor remuneraci\u00f3n y prestigio social, acceso al empleo, salario, posesi\u00f3n de activos, conciliaci\u00f3n de la vida p\u00fablica y privada\u00bb, seg\u00fan expone en el texto \u201cDesigualdades sociales&nbsp; y ruralidad en Cuba. Los desaf\u00edos a la pol\u00edtica social\u201d, publicado en mayo de 2021 por la Fundaci\u00f3n Friedrich-Ebert-Stiftung (FES), en alianza con la Facultad Latinoamericana de Ciencias Sociales (Flacso).<\/p>\n\n\n\n<p class=\"wp-block-paragraph\">Esos resultados coinciden con los de un diagn\u00f3stico de g\u00e9nero coordinado en 2023 por Georgina Alfonso, como parte del Convenio \u00abApoyo al Programa de la agricultura urbana, suburbana y familiar, mediante sistemas agroalimentarios resilientes e inclusivos para el autoabastecimiento en seis municipios de Cuba\u00bb.<\/p>\n\n\n\n<p class=\"wp-block-paragraph\">El proyecto, desarrollado con apoyo financiero de la Agencia Espa\u00f1ola de Cooperaci\u00f3n para el Desarrollo (Aecid), se implementa en las provincias de La Habana y Santiago de Cuba, a unos 800 kil\u00f3metros al este de la capital, a partir de una alianza entre organizaciones no gubernamentales de cooperaci\u00f3n como Mundubat, Sodepaz y Justicia Alimentaria, junto a asociaciones cubanas como Acpa, las de Agricultores Peque\u00f1os, T\u00e9cnicos Agr\u00edcolas y Forestales y Cubasolar.<\/p>\n\n\n\n<p class=\"wp-block-paragraph\">La evaluaci\u00f3n desarrollada por el equipo de Alfonso identific\u00f3 tambi\u00e9n la capacitaci\u00f3n y la sensibilizaci\u00f3n como ejes esenciales para eliminar desigualdades en las zonas rurales.<br>\u00abLas desigualdades de g\u00e9nero en capacitaci\u00f3n t\u00e9cnica, control y acceso a los recursos productivos, liderazgo y representaci\u00f3n social son generalizadas en los municipios que integran el convenio (Cotorro, Habana del Este y Plaza de La Revoluci\u00f3n, en La Habana y Contramaestre, Tercer Frente, y Santiago de Cuba, en la provincia de igual nombre)\u00bb, indica el diagn\u00f3stico.<\/p>\n\n\n\n<p class=\"wp-block-paragraph\"><br>Esto \u00ablimita en gran medida el desarrollo del trabajo y sus logros en el sector, lo que afecta fuertemente no s\u00f3lo a la soberan\u00eda y la seguridad alimentaria, sino el bienestar general de la sociedad\u00bb, agrega.<br>En opini\u00f3n del equipo, el avance hacia la equidad de g\u00e9nero en los espacios productivos \u00abse vincula directamente con procesos formativos y comunicativos que promuevan iniciativas innovadoras a corto plazo\u00bb.<\/p>\n\n\n\n<p class=\"wp-block-paragraph\">Tambi\u00e9n reconocen la presencia de las mujeres en diferentes espacios de toma de decisiones como una \u00abcondici\u00f3n necesaria, aunque no suficiente, para promover la igualdad y la equidad de g\u00e9nero\u00bb y recomiendan crear comit\u00e9s de g\u00e9nero en organizaciones agroproductivas, promover mujeres a puestos de liderazgo, introducir la innovaci\u00f3n y ampliar las capacidades productivas.<br>Seg\u00fan los resultados del diagn\u00f3stico, estas pueden ser algunas \u00abv\u00edas para atender mejor las necesidades de quienes producen y sus condiciones de vida\u00bb.<br>Hidalgo L\u00f3pez-Ch\u00e1vez, por su parte, aboga por introducir la visibilidad legal y algunas medidas afirmativas que pongan a las mujeres en el mapa de los espacios agroproductivos.<\/p>\n\n\n\n<p class=\"wp-block-paragraph\">Entre ellas, enumera el otorgamiento de la copropiedad de tierras a las esposas y otras mujeres de la familia y la posibilidad de que el tratamiento a las desigualdades de g\u00e9nero en las cooperativas est\u00e9 recogido como uno de sus principios rectores.<br>Tambi\u00e9n recomienda fortalecer el papel de la Federaci\u00f3n de Mujeres Cubanas (FMC) y otras organizaciones vinculadas a la producci\u00f3n agropecuaria, \u00abcomo sistemas de apoyo en la utilizaci\u00f3n de mano de obra femenina de forma sostenible\u00bb, no s\u00f3lo como agricultoras, \u00absino tambi\u00e9n en otros puestos de trabajo de mayor envergadura\u00bb.<\/p>\n\n\n\n<p class=\"wp-block-paragraph\"><em>*(<\/em><a href=\"mailto:dixiedith@gmail.com\" target=\"_blank\" rel=\"noreferrer noopener\"><em>dixiedith@gmail.com<\/em><\/a><em>)<\/em><\/p>\n","protected":false},"excerpt":{"rendered":"<p>15 de octubre D\u00eda Internacional de la Mujer Rural<\/p>\n","protected":false},"author":3,"featured_media":72679,"comment_status":"open","ping_status":"open","sticky":false,"template":"","format":"standard","meta":{"_monsterinsights_skip_tracking":false,"footnotes":""},"categories":[53],"tags":[],"class_list":["post-72677","post","type-post","status-publish","format-standard","has-post-thumbnail","category-internacional"],"_links":{"self":[{"href":"https:\/\/redsemlac.com\/semmexico\/wp-json\/wp\/v2\/posts\/72677","targetHints":{"allow":["GET"]}}],"collection":[{"href":"https:\/\/redsemlac.com\/semmexico\/wp-json\/wp\/v2\/posts"}],"about":[{"href":"https:\/\/redsemlac.com\/semmexico\/wp-json\/wp\/v2\/types\/post"}],"author":[{"embeddable":true,"href":"https:\/\/redsemlac.com\/semmexico\/wp-json\/wp\/v2\/users\/3"}],"replies":[{"embeddable":true,"href":"https:\/\/redsemlac.com\/semmexico\/wp-json\/wp\/v2\/comments?post=72677"}],"version-history":[{"count":0,"href":"https:\/\/redsemlac.com\/semmexico\/wp-json\/wp\/v2\/posts\/72677\/revisions"}],"wp:featuredmedia":[{"embeddable":true,"href":"https:\/\/redsemlac.com\/semmexico\/wp-json\/wp\/v2\/media\/72679"}],"wp:attachment":[{"href":"https:\/\/redsemlac.com\/semmexico\/wp-json\/wp\/v2\/media?parent=72677"}],"wp:term":[{"taxonomy":"category","embeddable":true,"href":"https:\/\/redsemlac.com\/semmexico\/wp-json\/wp\/v2\/categories?post=72677"},{"taxonomy":"post_tag","embeddable":true,"href":"https:\/\/redsemlac.com\/semmexico\/wp-json\/wp\/v2\/tags?post=72677"}],"curies":[{"name":"wp","href":"https:\/\/api.w.org\/{rel}","templated":true}]}}