{"id":72666,"date":"2023-10-16T09:25:00","date_gmt":"2023-10-16T15:25:00","guid":{"rendered":"https:\/\/redsemlac.com\/semmexico\/?p=72666"},"modified":"2023-10-15T20:04:17","modified_gmt":"2023-10-16T02:04:17","slug":"violeta-del-anahuac-mujeres-70-anos-votando","status":"publish","type":"post","link":"https:\/\/redsemlac.com\/semmexico\/violeta-del-anahuac-mujeres-70-anos-votando\/","title":{"rendered":"Violeta del An\u00e1huac| \u201cMujeres 70 a\u00f1os votando\u201d"},"content":{"rendered":"\n<p class=\"wp-block-paragraph\"><strong>Isabel Ortega Morales<\/strong><strong><\/strong><\/p>\n\n\n\n<p class=\"wp-block-paragraph\">SemM\u00e9xico, Tlapa, Guerrero, 16 de octubre, 2023.- En las elecciones federales del 3 de julio de 1955, las mujeres de M\u00e9xico acudieron a las urnas no a acompa\u00f1ar a sus esposos a que emitieran su sufragio, sino que ellas lo hac\u00edan por s\u00ed mismas. En Guerrero, la historia no lo registra de manera tan precisa, pero dos mujeres habr\u00edan acudido a emitir su sufragio para encabezar un liderazgo de participaci\u00f3n ciudadana, Do\u00f1a Josefina Bermeo C\u00f3rdoba y Do\u00f1a Fermina Ventura Neri. Do\u00f1a Josefina, esposa del Gobernador del estado, Alejandro G\u00f3mez Mangada y do\u00f1a Fermina, esposa del exgobernador Baltazar R. Leyva Mancilla, que habr\u00eda entregado el poder ejecutivo en 1951 y era Oficial Mayor de la Secretar\u00eda de la Defensa Nacional.<\/p>\n\n\n\n<p class=\"wp-block-paragraph\">En el 50 aniversario del Derecho al Voto, In\u00e9s Huerta Pegueros, Secretaria Ejecutiva del Registro Civil, entreg\u00f3 reconocimientos a la participaci\u00f3n pol\u00edtica a mujeres de diversas expresiones pol\u00edticas, sociales, acad\u00e9micas,&nbsp; organizaciones civiles, empresariales, lideresas de colonias, en un evento que se desarroll\u00f3 en la explanada del Museo Regional de Guerrero, una tarde lluviosa&nbsp; en el que repart\u00edamos una revista conmemorativa: \u201ctenemos el voto, queremos el poder\u201d.<\/p>\n\n\n\n<p class=\"wp-block-paragraph\">La gran apertura para la participaci\u00f3n ciudadana fue la realizaci\u00f3n de dos marchas para protestar contra la violencia. La primera en Chilpancingo en 1990 y la segunda en Acapulco, ambas en el mes de junio. El paso de las mujeres y las consignas para dejar de ser estigmatizadas en delitos de violencia sexual condujo a un movimiento amplio al que se sumaron varones de distintas expresiones y actividades sociales y pol\u00edticas que pas\u00f3 a ser conocido como MOSOCOVIS.<\/p>\n\n\n\n<p class=\"wp-block-paragraph\">Se abr\u00eda una participaci\u00f3n activa, distinta a las expresiones pol\u00edticas donde la presencia de las mujeres era asumida como adornos y no como seres pensantes, ni ejecutivas.<\/p>\n\n\n\n<p class=\"wp-block-paragraph\">En estos primeros 70 a\u00f1os de participaci\u00f3n activa de las mujeres en las urnas, la entidad cuenta con la primera mujer Gobernadora, Evelyn Salado Pineda y un Congreso y Tribunal Superior de Justicia paritarios.<\/p>\n\n\n\n<p class=\"wp-block-paragraph\">La historia para estos poderes no puede a\u00fan llevarse a una conclusi\u00f3n por estar en su ejercicio, solo en el \u00e1mbito de la revisi\u00f3n de lo que est\u00e1n haciendo y logrando para&nbsp;&nbsp; que la sociedad en su conjunto reconozca que la participaci\u00f3n de la mujer no es una concesi\u00f3n, sino un derecho.<\/p>\n\n\n\n<p class=\"wp-block-paragraph\">La entidad a\u00fan presenta rezagos que muestran que la mujer est\u00e1 vulnerable y que el voto no ha favorecido su incorporaci\u00f3n a la sociedad con derechos plenos, uno de ellos, elemental para los derechos humanos, no han dejado de ser objeto de venta y remontar esa costumbre y acentuada cultura que a\u00fan se da.<\/p>\n\n\n\n<p class=\"wp-block-paragraph\">Ahora, reconocer a Elvia Carrillo Puerto, a Hermila Galindo, entre otras importantes mujeres, como el trabajo de las contempor\u00e1neas que dejaron con un trabajo infatigable, &nbsp;para alcanzar este reconocimiento a la ciudadan\u00eda con el sufragio, vale la pena decir a las nuevas generaciones que a\u00fan estamos construyendo el rostro del poder de la mujer y que es importante su incorporaci\u00f3n y participaci\u00f3n.<\/p>\n","protected":false},"excerpt":{"rendered":"<p>En las elecciones federales del 3 de julio de 1955, las mujeres de M\u00e9xico acudieron a las urnas no a acompa\u00f1ar a sus esposos a que emitieran su sufragio, sino que ellas lo hac\u00edan por s\u00ed mismas<\/p>\n","protected":false},"author":3,"featured_media":38576,"comment_status":"open","ping_status":"open","sticky":false,"template":"","format":"standard","meta":{"_monsterinsights_skip_tracking":false,"footnotes":""},"categories":[35,197],"tags":[144,149,459],"class_list":["post-72666","post","type-post","status-publish","format-standard","has-post-thumbnail","category-opinion","category-violeta-del-anahuac","tag-guerrero","tag-mujeres","tag-opinion"],"_links":{"self":[{"href":"https:\/\/redsemlac.com\/semmexico\/wp-json\/wp\/v2\/posts\/72666","targetHints":{"allow":["GET"]}}],"collection":[{"href":"https:\/\/redsemlac.com\/semmexico\/wp-json\/wp\/v2\/posts"}],"about":[{"href":"https:\/\/redsemlac.com\/semmexico\/wp-json\/wp\/v2\/types\/post"}],"author":[{"embeddable":true,"href":"https:\/\/redsemlac.com\/semmexico\/wp-json\/wp\/v2\/users\/3"}],"replies":[{"embeddable":true,"href":"https:\/\/redsemlac.com\/semmexico\/wp-json\/wp\/v2\/comments?post=72666"}],"version-history":[{"count":0,"href":"https:\/\/redsemlac.com\/semmexico\/wp-json\/wp\/v2\/posts\/72666\/revisions"}],"wp:featuredmedia":[{"embeddable":true,"href":"https:\/\/redsemlac.com\/semmexico\/wp-json\/wp\/v2\/media\/38576"}],"wp:attachment":[{"href":"https:\/\/redsemlac.com\/semmexico\/wp-json\/wp\/v2\/media?parent=72666"}],"wp:term":[{"taxonomy":"category","embeddable":true,"href":"https:\/\/redsemlac.com\/semmexico\/wp-json\/wp\/v2\/categories?post=72666"},{"taxonomy":"post_tag","embeddable":true,"href":"https:\/\/redsemlac.com\/semmexico\/wp-json\/wp\/v2\/tags?post=72666"}],"curies":[{"name":"wp","href":"https:\/\/api.w.org\/{rel}","templated":true}]}}