{"id":72644,"date":"2023-10-16T08:50:00","date_gmt":"2023-10-16T14:50:00","guid":{"rendered":"https:\/\/redsemlac.com\/semmexico\/?p=72644"},"modified":"2023-10-15T19:52:53","modified_gmt":"2023-10-16T01:52:53","slug":"paulina-urrutia-fernandez-de-que-lado-te-va-a-tocar-a-ti","status":"publish","type":"post","link":"https:\/\/redsemlac.com\/semmexico\/paulina-urrutia-fernandez-de-que-lado-te-va-a-tocar-a-ti\/","title":{"rendered":"Paulina Urrutia Fern\u00e1ndez, \u00bfde que lado te va a tocar a ti?"},"content":{"rendered":"\n<ul class=\"wp-block-list\">\n<li><strong>Los cuidados, s\u00ed, generalmente los viven las mujeres, pero no solamente: Paulina Urrutia Fern\u00e1ndez, ex ministra de Cultura en Chile<\/strong><strong><\/strong><\/li>\n<\/ul>\n\n\n\n<ul class=\"wp-block-list\">\n<li><strong>La Memoria Infinita, un documental que narra, con la vida real, la historia&nbsp; de amor de una pareja que enfrenta un gran desaf\u00edo<\/strong><strong><\/strong><\/li>\n<\/ul>\n\n\n\n<p class=\"wp-block-paragraph\"><strong>Sara Lovera, texto y fotos de Paulina Urrutia<\/strong><strong><\/strong><\/p>\n\n\n\n<p class=\"wp-block-paragraph\">SemM\u00e9xico, Ciudad de M\u00e9xico, 16 de octubre, 2023.- Hablamos brevemente, &nbsp;en medio de una muchedumbre, reunida en los patios del Claustro de Sor Juana. La pregunta era \u00bfy no son los cuidados los que contribuyen al sometimiento de las mujeres?<\/p>\n\n\n\n<p class=\"wp-block-paragraph\">Era la noche del jueves pasado. &nbsp;Ella acept\u00f3 el reto.<\/p>\n\n\n\n<p class=\"wp-block-paragraph\">Me toco el hombro y me miro directa, casi airada,&nbsp; no, no s\u00f3lo eso, \u201clo discutimos con las feministas chilenas, no es una historia de conmiseraci\u00f3n, &nbsp;&nbsp;es el relato, s\u00ed, &nbsp;de una parte, de mi vida, &nbsp;es un pedazo de lo que fuimos \u00e9l y yo como &nbsp;pareja, es una muestra de amor\u201d, \u201cyo apechugu\u00e9\u201d y \u00e9l estuvo ah\u00ed, \u201cqueri\u00e9ndome\u201d. No es una historia &nbsp;de sacrificio.<\/p>\n\n\n\n<p class=\"wp-block-paragraph\">Somos Augusto y yo, en casa, en el d\u00eda a d\u00eda. Lo conoc\u00ed cuando ten\u00eda 26 a\u00f1os, \u00e9l 17 a\u00f1os mayor, un comprometido periodista, yo &nbsp;actriz&nbsp; y acad\u00e9mica.<\/p>\n\n\n<div class=\"wp-block-image\">\n<figure class=\"alignright size-large is-resized\"><a href=\"https:\/\/redsemlac.com\/semmexico\/wp-content\/uploads\/2023\/10\/Imagen2-7.jpg\"><img decoding=\"async\" src=\"https:\/\/redsemlac.com\/semmexico\/wp-content\/uploads\/2023\/10\/Imagen2-7-461x1024.jpg\" alt=\"\" class=\"wp-image-72650\" style=\"aspect-ratio:0.4501953125;width:265px;height:auto\"\/><\/a><\/figure>\n<\/div>\n\n\n<p class=\"wp-block-paragraph\">&nbsp;\u00bfCu\u00e1nto tiempo lo cuidaste?, insist\u00ed,&nbsp;<\/p>\n\n\n\n<p class=\"wp-block-paragraph\">El cuento dur\u00f3 8 a\u00f1os, pero &nbsp;\u201cNunca dej\u00e9 de atender mi trabajo\u201d, en los primeros tiempos \u00e9l me acompa\u00f1aba a todas partes. La cara de Paulina &nbsp;se ilumina de vez en vez y cuenta sin pudor, \u201cmira ten\u00edamos muchas cosas en com\u00fan\u201d, as\u00ed que se trata de un documental, no es ficci\u00f3n, muestra, es ejemplo de lo que finalmente corresponde a &nbsp;toda la humanidad. &nbsp;<\/p>\n\n\n\n<p class=\"wp-block-paragraph\">La Memoria Infinita, es un documental de 84 minutos, con el que abri\u00f3&nbsp; Docs Mx, una jornada de narraciones filmadas de cuestiones sociales&nbsp; de todo tipo, un proyecto que tiene 18 a\u00f1os&nbsp; en la Ciudad de M\u00e9xico, de la que es director ejecutivo Inti Cordera Rasc\u00f3n.<\/p>\n\n\n\n<p class=\"wp-block-paragraph\">En&nbsp; La Memoria infinita,&nbsp; los dos son&nbsp; protagonistas, Augusto G\u00f3ngora, un entra\u00f1able periodista chileno, que cumpli\u00f3 en enero 72 a\u00f1os. Muri\u00f3 en mayo, hace apenas 4 meses, \u00e9l, \u201cmi compa\u00f1ero&nbsp; de vida\u201d, mi amante, con quien no tuve hijos, no los tengo, a pesar de una relaci\u00f3n anterior. \u00c9l tuvo dos, Javiera y Crist\u00f3bal.<\/p>\n\n\n\n<p class=\"wp-block-paragraph\">El documental, dirigido y editado magistralmente por Maite Alberdi, una documentalista chilena con mucho reconocimiento fue posible, cuenta Paulina Urrutia Fern\u00e1ndez, por iniciativa de Maite y el acuerdo de Augusto G\u00f3ngora, quien durante a\u00f1os narr\u00f3 como periodista los 17 a\u00f1os de la dictadura Chilena, por lo que es tambi\u00e9n, la memoria colectiva de ese episodio doloroso.<\/p>\n\n\n\n<p class=\"wp-block-paragraph\">\u00bfSi no es la historia de las mujeres cuidadoras, qu\u00e9 es?, otra vez me dice, \u201cmira yo creo que es una &nbsp;invitaci\u00f3n a preguntarnos <strong>\u00bf de qu\u00e9 lado te va a tocar a ti?<\/strong> , todas y todas, estamos en esa posibilidad.<\/p>\n\n\n\n<p class=\"wp-block-paragraph\">\u201cEspero que a todas y todos&nbsp; esta historia invite a reflexionar; no es un testimonio dram\u00e1tico -como viste-, sino un relato de la vida real. Una situaci\u00f3n a la que, en cualquier momento cualquiera puede enfrentarse, una &nbsp;situaci\u00f3n humana. En nuestro caso fueron 8 a\u00f1os, a\u00f1os, desde que se declar\u00f3 el Alzheimer, tras&nbsp;19 a\u00f1os&nbsp;de relaci\u00f3n de amantes. A poco tiempo de que conocimos &nbsp;la situaci\u00f3n \u201cnos&nbsp; casamos\u201d fue en junio de 2016, -como se rescata en el documental-&nbsp; en una ceremonia \u00edntima\u201d.<\/p>\n\n\n\n<figure class=\"wp-block-image size-full\"><a href=\"https:\/\/redsemlac.com\/semmexico\/wp-content\/uploads\/2023\/10\/Imagen3-5.jpg\"><img loading=\"lazy\" decoding=\"async\" width=\"760\" height=\"427\" src=\"https:\/\/redsemlac.com\/semmexico\/wp-content\/uploads\/2023\/10\/Imagen3-5.jpg\" alt=\"\" class=\"wp-image-72649\"\/><\/a><\/figure>\n\n\n\n<p class=\"wp-block-paragraph\">\u00bfY c\u00f3mo se film\u00f3, qui\u00e9n lo hizo, con un guion, tu&nbsp; actuaste? Nuevamente me responde, sin rubor:<\/p>\n\n\n\n<p class=\"wp-block-paragraph\">\u201c Decirte que \u00e9l hizo p\u00fablico, cont\u00f3 qu\u00e9 suced\u00eda, y luego que tom\u00f3 la decisi\u00f3n de publicitarlo, se plane\u00f3, &nbsp;tuvimos en casa c\u00e1maras que registraban el d\u00eda a d\u00eda de nuestra vida\u201d, y explica, por eso hay im\u00e1genes oscuras o borrosas\u201d.<\/p>\n\n\n<div class=\"wp-block-image\">\n<figure class=\"alignleft size-full is-resized\"><a href=\"https:\/\/redsemlac.com\/semmexico\/wp-content\/uploads\/2023\/10\/Imagen4.png\"><img loading=\"lazy\" decoding=\"async\" width=\"529\" height=\"705\" src=\"https:\/\/redsemlac.com\/semmexico\/wp-content\/uploads\/2023\/10\/Imagen4.png\" alt=\"\" class=\"wp-image-72648\" style=\"aspect-ratio:0.750354609929078;width:318px;height:auto\"\/><\/a><figcaption class=\"wp-element-caption\">Paulina Urrutia e Inti Cordera Rasc\u00f3n<\/figcaption><\/figure>\n<\/div>\n\n\n<p class=\"wp-block-paragraph\">As\u00ed es. Como espectadora esta memoria infinita es elocuente, tiene &nbsp;momentos de una belleza sublime: escenas \u00edntimas de esta dulce y amorosa relaci\u00f3n. En el filme se ven &nbsp;planos donde se ve a &nbsp;Augusto movi\u00e9ndose por una casa llena de luz, im\u00e1genes de verdes imperecederos &nbsp;y cantos de p\u00e1jaros. Escenas de la &nbsp;puesta de sol, &nbsp;o en la biblioteca, donde augusto aparece llamando a sus amigos o cuid\u00e1ndose de &nbsp;\u201cellos\u201d que le van a robar sus amados libros. Otras donde &nbsp;no puede recordar qui\u00e9n es Pauli \u2013 como le dice- &nbsp;ni qu\u00e9 hace all\u00ed.<\/p>\n\n\n\n<p class=\"wp-block-paragraph\">Paulina Urrutia Fern\u00e1ndez, es una&nbsp; actriz, acad\u00e9mica, directora, dirigente sindical,&nbsp; que fue ministra del Consejo Nacional de la Cultura y las Artes durante el primer Gobierno de la presidenta Michelle Bachelet.<\/p>\n\n\n\n<p class=\"wp-block-paragraph\">A cada pregunta, sobre ella mujer, no se arrenda me mira prudente, es verdad que se necesita un sistema nacional de cuidados, yo creo&nbsp; \u201c que&nbsp; no es un asunto de sexos, es un asunto universal. Todas las personas tenemos derecho a ser cuidadas, y en ello son los gobiernos los que tienen que responder, social y adecuadamente. En Chile hay un sistema, pero a nosotros -y es cuando se filma el documental, donde todo es real- estuvimos juntos durante la pandemia del COVID, aprovechamos ese espacio. Y \u201ctuvimos c\u00e1maras en nuestra casa, que registraron los momentos, nuestra intimidad\u201d, la que permiti\u00f3&nbsp; trasmitir como nos fuimos arreglando, c\u00f3mo hicimos; qu\u00e9 dialogamos. La edici\u00f3n cuidadosa y fant\u00e1stica, fue de la directora.<\/p>\n\n\n\n<p class=\"wp-block-paragraph\">Lo que \u00e9l no recordaba, lo que s\u00ed recordaba,&nbsp; cu\u00e1ntas veces me desconoc\u00eda, \u201cpero te diste cuenta, \u00e9l no olvid\u00f3 que yo no quer\u00eda tener hijos, \u00e9l ya ten\u00eda dos cuando nos enamoramos\u201d, fueron 26 a\u00f1os de relaci\u00f3n, ya con la noticia de la enfermedad&nbsp; me acompa\u00f1aba a todas partes.<\/p>\n\n\n\n<p class=\"wp-block-paragraph\">Tambi\u00e9n me cont\u00f3 que ella no quer\u00eda que se hiciera el documental, como muchos de sus amigos, les parec\u00eda muy tr\u00e1gico. Admite que la desestabiliz\u00f3&nbsp; saber cu\u00e1l ser\u00eda el final, pero nunca tuvo horror, simplemente lo acompa\u00f1\u00f3. No niega que la desestabiliz\u00f3 al principio, Cuando&nbsp; vio el documental, &nbsp;por primera vez, se sorprendi\u00f3, por muchos motivos, porque no era algo con guion, se fue construyendo, incluso con material casero, y m\u00e1s se sorprendi\u00f3 porque &nbsp;su expareja, es quien aporta la m\u00fasica. Es como una revelaci\u00f3n, tambi\u00e9n de vida.<\/p>\n\n\n\n<p class=\"wp-block-paragraph\">Es verdad que el Alzheimer de Augusto, fue definitivo, pero no pudo contra los 26 a\u00f1os de amor, que la cr\u00edtica, los amigos, la familia, lo han nombrado &nbsp;acertadamente como inquebrantable.&nbsp;Ella lo admite.&nbsp; El documental permite, dijo, que \u00e9l no se fue, que est\u00e1 aqu\u00ed. Yo con \u00e9l. Est\u00e1 animada, no lo plantea como una desgracia.<\/p>\n\n\n\n<p class=\"wp-block-paragraph\">Apenas terminada esta &nbsp;exhibici\u00f3n inaugural, la que asisti\u00f3 y se prepara para acompa\u00f1ar su exhibici\u00f3n que estar\u00e1 varios d\u00edas en salas cinematogr\u00e1ficas comerciales, siempre con actitud positiva, le cont\u00f3 al p\u00fablico que hacia 4 meses que Augusto hab\u00eda muerto.<\/p>\n\n\n\n<p class=\"wp-block-paragraph\">El documental de Maite, \u00e9ste, tiene, ha dicho Paulina y los promotores del filme, una filmograf\u00eda &nbsp;totalmente distinta a su trabajo anterior, &nbsp;puesto que la documentalista chilena ha narrado la &nbsp;soledad, la vulnerabilidad, con productos originales. Ahora La Memoria Infinita, introduce videos reales, del recuerdo. No s\u00f3lo de la vida de Augusto, sino del pa\u00eds.<\/p>\n\n\n\n<p class=\"wp-block-paragraph\">Fue Augusto,&nbsp; un periodista que decidi\u00f3 contar a su p\u00fablico lo que ve\u00eda. Ella dice \u201c tuve que apechugar seguir, trabajando en el &nbsp;teatro, la &nbsp;tv y dando clases\u201d. Augusto G\u00f3ngora fue un periodista de &nbsp;tele an\u00e1lisis, que durante &nbsp;la dictadura produc\u00eda con noticias en VHS, que se distribu\u00edan en centros vecinales, entre estudiantes. Con im\u00e1genes de Chile, que no estaban en otras partes, porque durante muchos a\u00f1os, estaban ocultas invisibilizadas.<\/p>\n\n\n\n<p class=\"wp-block-paragraph\">Escribi\u00f3 una cr\u00f3nica, sobre la memoria, y &nbsp;una vez que chile vota el No\u00a1 y se recobr\u00f3 &nbsp;la \u00e9l lleg\u00f3 &nbsp;a la televisi\u00f3n &nbsp;p\u00fablica, produciendo &nbsp;programas culturales. Fue director \u00e1rea cultural de esa televisi\u00f3n en Chile, &nbsp;20 a\u00f1os.<\/p>\n\n\n\n<p class=\"wp-block-paragraph\">Y La Memoria Infinita, dice Paulina \u201csimplemente fue su r \u00faltimo acto de consecuencia, de toda su vida\u201d. As\u00ed como narr\u00f3 los momentos m\u00e1s &nbsp;duros de la dictadura, con delicadeza , inteligencia, respeto y dignidad, quiso contar su historia.<\/p>\n\n\n\n<p class=\"wp-block-paragraph\">El sosten\u00eda, se le ve en un discurso en el documental, que sin memoria no sabemos quienes somos, &nbsp;&nbsp;no hay identidad. Y de su libro, en los di\u00e1logos entre Paulina y \u00e9l, durante la filmaci\u00f3n del documental, &nbsp;ella lee &nbsp;la dedicatoria que le hizo, cuando reci\u00e9n se conocieron, y \u00e9l se pregunt\u00f3 \u00bfyo te escrib\u00ed eso?<\/p>\n\n\n\n<p class=\"wp-block-paragraph\">El documental capta los momentos cotidianos, los di\u00e1logos, los silencios, la mirada entre ellos, es un documento did\u00e1ctico. Humano, me reitera.<\/p>\n\n\n\n<p class=\"wp-block-paragraph\">Lo que se ve es como &nbsp;Pauli, como \u00e9l la nombra,&nbsp; gu\u00eda a Augusto hacia el presente, donde su identidad -incluso la realidad misma- es cada vez m\u00e1s fr\u00e1gil.&nbsp; Augusto tendr\u00e1 una oportunidad de recordar qui\u00e9n era y qui\u00e9n sigue siendo.<\/p>\n\n\n\n<h2 class=\"wp-block-heading\"><strong>La Memoria Infinita <\/strong><\/h2>\n\n\n\n<p class=\"wp-block-paragraph\">Este documental rompe con el programa de Docs Mx, que esta semana, en distintas sedes &nbsp;f\u00edsicas y de forma virtual en Docs en L\u00ednea, presenta&nbsp; de 200 pel\u00edculas de no ficci\u00f3n, Para la sesi\u00f3n inaugural se registraron 750 personas &nbsp;&nbsp;y a partir del jueves 26 &nbsp;se exhibir\u00e1 en &nbsp;cines de la cadena Cinemex.<\/p>\n\n\n\n<p class=\"wp-block-paragraph\">La memoria infinita gan\u00f3 el premio del &nbsp;jurado en Sandax, ya fue a Berl\u00edn, a Estados Unidos y ha sido seleccionada para participar en los &nbsp;&nbsp;Premios Goya.<\/p>\n\n\n<div class=\"wp-block-image\">\n<figure class=\"aligncenter size-full\"><a href=\"https:\/\/redsemlac.com\/semmexico\/wp-content\/uploads\/2023\/10\/Imagen5-6.jpg\"><img loading=\"lazy\" decoding=\"async\" width=\"678\" height=\"381\" src=\"https:\/\/redsemlac.com\/semmexico\/wp-content\/uploads\/2023\/10\/Imagen5-6.jpg\" alt=\"\" class=\"wp-image-72647\"\/><\/a><\/figure>\n<\/div>\n\n\n<h2 class=\"wp-block-heading\"><strong>La Cr\u00edtica <\/strong><\/h2>\n\n\n\n<p class=\"wp-block-paragraph\">Del documental se ha dicho que La Memoria Infinita, es eso, un ejercicio de memoria, porque esta es &nbsp;luchar contra el olvido.&nbsp;<\/p>\n\n\n\n<p class=\"wp-block-paragraph\"><em>Lleg\u00f3 a <\/em>&nbsp;las pantallas chilenas en un momento especial. Cuando la poblaci\u00f3n chilena recuerda&nbsp; medio siglo desde el golpe militar de Augusto &nbsp;Pinochet para derrocar a Salvador Allende en septiembre de 1973.<\/p>\n\n\n\n<p class=\"wp-block-paragraph\">G\u00f3ngora fue diagnosticado&nbsp;<a href=\"https:\/\/elpais.com\/noticias\/alzheimer\/\" target=\"_blank\" rel=\"noreferrer noopener\">con alzh\u00e9imer<\/a>&nbsp;en 2014, cuando ten\u00eda 62 a\u00f1os. El documental lo acompa\u00f1a en los a\u00f1os recientes junto a&nbsp; Paulina. Desde 1997, la pareja se convirti\u00f3 en una de las m\u00e1s c\u00e9lebres del mundo cultural local.<\/p>\n\n\n\n<figure class=\"wp-block-image size-large\"><a href=\"https:\/\/redsemlac.com\/semmexico\/wp-content\/uploads\/2023\/10\/Imagen6-4.jpg\"><img decoding=\"async\" src=\"https:\/\/redsemlac.com\/semmexico\/wp-content\/uploads\/2023\/10\/Imagen6-4-1024x561.jpg\" alt=\"\" class=\"wp-image-72646\"\/><\/a><\/figure>\n\n\n\n<h2 class=\"wp-block-heading\"><strong>Ficha T\u00e9cnica Completa<\/strong><\/h2>\n\n\n\n<p class=\"wp-block-paragraph\">Dirigida por<\/p>\n\n\n\n<p class=\"wp-block-paragraph\"><a href=\"https:\/\/cinechile.cl\/persona\/maite-alberdi\/\">Maite Alberdi<\/a><\/p>\n\n\n\n<p class=\"wp-block-paragraph\">Guion<\/p>\n\n\n\n<p class=\"wp-block-paragraph\"><a href=\"https:\/\/cinechile.cl\/persona\/maite-alberdi\/\">Maite Alberdi<\/a><\/p>\n\n\n\n<p class=\"wp-block-paragraph\">Casa productora<\/p>\n\n\n\n<p class=\"wp-block-paragraph\"><a href=\"https:\/\/cinechile.cl\/persona\/fabula\/\">F\u00e1bula<\/a><\/p>\n\n\n\n<p class=\"wp-block-paragraph\"><a href=\"https:\/\/cinechile.cl\/persona\/micromundo-producciones\/\">Micromundo Producciones<\/a><\/p>\n\n\n\n<p class=\"wp-block-paragraph\">Producci\u00f3n ejecutiva<\/p>\n\n\n\n<p class=\"wp-block-paragraph\"><a href=\"https:\/\/cinechile.cl\/persona\/chandra-jessee\/\">Chandra Jessee<\/a><\/p>\n\n\n\n<p class=\"wp-block-paragraph\"><a href=\"https:\/\/cinechile.cl\/persona\/chris-clements\/\">Chris Clements<\/a><\/p>\n\n\n\n<p class=\"wp-block-paragraph\"><a href=\"https:\/\/cinechile.cl\/persona\/daniela-sandoval\/\">Daniela Sandoval<\/a><\/p>\n\n\n\n<p class=\"wp-block-paragraph\"><a href=\"https:\/\/cinechile.cl\/persona\/julie-goldman\/\">Julie Goldman<\/a><\/p>\n\n\n\n<p class=\"wp-block-paragraph\"><a href=\"https:\/\/cinechile.cl\/persona\/marcela-santibanez\/\">Marcela Santiba\u00f1ez<\/a><\/p>\n\n\n\n<p class=\"wp-block-paragraph\"><a href=\"https:\/\/cinechile.cl\/persona\/nicholas-hooper\/\">Nicholas Hooper H.<\/a><\/p>\n\n\n\n<p class=\"wp-block-paragraph\"><a href=\"https:\/\/cinechile.cl\/persona\/rebecca-lichtenfeld\/\">Rebecca Lichtenfeld<\/a><\/p>\n\n\n\n<p class=\"wp-block-paragraph\">Producci\u00f3n<\/p>\n\n\n\n<p class=\"wp-block-paragraph\"><a href=\"https:\/\/cinechile.cl\/persona\/juan-de-dios-larrain\/\">Juan de Dios Larra\u00edn<\/a><\/p>\n\n\n\n<p class=\"wp-block-paragraph\"><a href=\"https:\/\/cinechile.cl\/persona\/maite-alberdi\/\">Maite Alberdi<\/a><\/p>\n\n\n\n<p class=\"wp-block-paragraph\"><a href=\"https:\/\/cinechile.cl\/persona\/pablo-larrain\/\">Pablo Larra\u00edn<\/a><\/p>\n\n\n\n<p class=\"wp-block-paragraph\"><a href=\"https:\/\/cinechile.cl\/persona\/rocio-jadue\/\">Roc\u00edo Jadue<\/a><\/p>\n\n\n\n<p class=\"wp-block-paragraph\">Direcci\u00f3n de fotograf\u00eda<\/p>\n\n\n\n<p class=\"wp-block-paragraph\"><a href=\"https:\/\/cinechile.cl\/persona\/pablo-valdes\/\">Pablo Vald\u00e9s<\/a><\/p>\n\n\n\n<p class=\"wp-block-paragraph\">Montaje<\/p>\n\n\n\n<p class=\"wp-block-paragraph\"><a href=\"https:\/\/cinechile.cl\/persona\/carolina-siraqyan\/\">Carolina Siraqyan<\/a><\/p>\n\n\n\n<p class=\"wp-block-paragraph\">Sonido<\/p>\n\n\n\n<p class=\"wp-block-paragraph\"><a href=\"https:\/\/cinechile.cl\/persona\/juan-carlos-maldonado-dubo\/\">Juan Carlos Maldonado Dub\u00f3<\/a><\/p>\n\n\n\n<p class=\"wp-block-paragraph\"><a href=\"https:\/\/cinechile.cl\/persona\/roberto-espinoza\/\">Roberto Espinoza<\/a><\/p>\n\n\n\n<p class=\"wp-block-paragraph\">M\u00fasica<\/p>\n\n\n\n<p class=\"wp-block-paragraph\"><a href=\"https:\/\/cinechile.cl\/persona\/jose-miguel-tobar\/\">Jos\u00e9 Miguel Tobar<\/a><\/p>\n\n\n\n<p class=\"wp-block-paragraph\"><a href=\"https:\/\/cinechile.cl\/persona\/miguel-miranda\/\">Miguel Miranda<\/a><\/p>\n\n\n\n<p class=\"wp-block-paragraph\">Otros Cargos<\/p>\n\n\n\n<p class=\"wp-block-paragraph\"><a href=\"https:\/\/cinechile.cl\/persona\/augusto-gongora\/\">Augusto G\u00f3ngora<\/a>&nbsp;\u00c9l mismo<\/p>\n\n\n\n<p class=\"wp-block-paragraph\"><a href=\"https:\/\/cinechile.cl\/persona\/paulina-urrutia\/\">Paulina Urrutia<\/a>&nbsp;Ella misma<\/p>\n\n\n\n<figure class=\"wp-block-image size-full\"><a href=\"https:\/\/redsemlac.com\/semmexico\/wp-content\/uploads\/2023\/10\/Imagen7-4.jpg\"><img loading=\"lazy\" decoding=\"async\" width=\"388\" height=\"217\" src=\"https:\/\/redsemlac.com\/semmexico\/wp-content\/uploads\/2023\/10\/Imagen7-4.jpg\" alt=\"\" class=\"wp-image-72645\"\/><\/a><\/figure>\n\n\n\n<p class=\"wp-block-paragraph\">Maite Alberdi, nominada al \u00d3scar.<\/p>\n\n\n\n<figure class=\"wp-block-embed is-type-video is-provider-youtube wp-block-embed-youtube wp-embed-aspect-16-9 wp-has-aspect-ratio\"><div class=\"wp-block-embed__wrapper\">\n<iframe loading=\"lazy\" title=\"La memoria infinita I Trailer oficial\" width=\"696\" height=\"392\" src=\"https:\/\/www.youtube.com\/embed\/MkaUtAobKJI?feature=oembed\" frameborder=\"0\" allow=\"accelerometer; autoplay; clipboard-write; encrypted-media; gyroscope; picture-in-picture; web-share\" referrerpolicy=\"strict-origin-when-cross-origin\" allowfullscreen><\/iframe>\n<\/div><\/figure>\n\n\n\n<figure class=\"wp-block-gallery has-nested-images columns-default is-cropped wp-block-gallery-1 is-layout-flex wp-block-gallery-is-layout-flex\">\n<figure class=\"wp-block-image size-large\"><a href=\"https:\/\/redsemlac.com\/semmexico\/wp-content\/uploads\/2023\/10\/Imagen8-2.png\"><img loading=\"lazy\" decoding=\"async\" width=\"421\" height=\"935\" data-id=\"72652\" src=\"https:\/\/redsemlac.com\/semmexico\/wp-content\/uploads\/2023\/10\/Imagen8-2.png\" alt=\"\" class=\"wp-image-72652\"\/><\/a><\/figure>\n\n\n\n<figure class=\"wp-block-image size-large\"><a href=\"https:\/\/redsemlac.com\/semmexico\/wp-content\/uploads\/2023\/10\/Imagen9-2.png\"><img loading=\"lazy\" decoding=\"async\" width=\"421\" height=\"935\" data-id=\"72651\" src=\"https:\/\/redsemlac.com\/semmexico\/wp-content\/uploads\/2023\/10\/Imagen9-2.png\" alt=\"\" class=\"wp-image-72651\"\/><\/a><\/figure>\n<\/figure>\n","protected":false},"excerpt":{"rendered":"<p>Los cuidados, s\u00ed, generalmente los viven las mujeres, pero no solamente: Paulina Urrutia Fern\u00e1ndez, ex ministra de Cultura en Chile<\/p>\n","protected":false},"author":3,"featured_media":72653,"comment_status":"open","ping_status":"open","sticky":false,"template":"","format":"standard","meta":{"_monsterinsights_skip_tracking":false,"footnotes":""},"categories":[694],"tags":[],"class_list":["post-72644","post","type-post","status-publish","format-standard","has-post-thumbnail","category-destacadas"],"_links":{"self":[{"href":"https:\/\/redsemlac.com\/semmexico\/wp-json\/wp\/v2\/posts\/72644","targetHints":{"allow":["GET"]}}],"collection":[{"href":"https:\/\/redsemlac.com\/semmexico\/wp-json\/wp\/v2\/posts"}],"about":[{"href":"https:\/\/redsemlac.com\/semmexico\/wp-json\/wp\/v2\/types\/post"}],"author":[{"embeddable":true,"href":"https:\/\/redsemlac.com\/semmexico\/wp-json\/wp\/v2\/users\/3"}],"replies":[{"embeddable":true,"href":"https:\/\/redsemlac.com\/semmexico\/wp-json\/wp\/v2\/comments?post=72644"}],"version-history":[{"count":0,"href":"https:\/\/redsemlac.com\/semmexico\/wp-json\/wp\/v2\/posts\/72644\/revisions"}],"wp:featuredmedia":[{"embeddable":true,"href":"https:\/\/redsemlac.com\/semmexico\/wp-json\/wp\/v2\/media\/72653"}],"wp:attachment":[{"href":"https:\/\/redsemlac.com\/semmexico\/wp-json\/wp\/v2\/media?parent=72644"}],"wp:term":[{"taxonomy":"category","embeddable":true,"href":"https:\/\/redsemlac.com\/semmexico\/wp-json\/wp\/v2\/categories?post=72644"},{"taxonomy":"post_tag","embeddable":true,"href":"https:\/\/redsemlac.com\/semmexico\/wp-json\/wp\/v2\/tags?post=72644"}],"curies":[{"name":"wp","href":"https:\/\/api.w.org\/{rel}","templated":true}]}}